{"id":70434,"date":"2016-06-03T10:00:17","date_gmt":"2016-06-03T14:00:17","guid":{"rendered":"http:\/\/www.eltrabajo.cl\/portal\/?p=70434"},"modified":"2016-06-03T10:00:17","modified_gmt":"2016-06-03T14:00:17","slug":"con-encuesta-vinculante-definiran-candidato-a-alcalde-de-la-nueva-mayoria-en-los-andes","status":"publish","type":"post","link":"https:\/\/eltrabajo.cl\/portal\/con-encuesta-vinculante-definiran-candidato-a-alcalde-de-la-nueva-mayoria-en-los-andes\/","title":{"rendered":"Con \u2018encuesta vinculante\u2019 definir\u00e1n candidato a alcalde de la Nueva Mayor\u00eda en Los Andes"},"content":{"rendered":"<figure id=\"attachment_70435\" aria-describedby=\"caption-attachment-70435\" style=\"width: 300px\" class=\"wp-caption alignleft\"><img data-recalc-dims=\"1\" loading=\"lazy\" decoding=\"async\" class=\"wp-image-70435 size-medium\" src=\"https:\/\/i0.wp.com\/www.eltrabajo.cl\/portal\/wp-content\/uploads\/2016\/06\/mnavarroa8portal-300x198.jpg?resize=300%2C198\" alt=\"Alcalde de Los Andes, Mauricio Navarro, comunic\u00f3 a la DC su decisi\u00f3n de no ir a la reelecci\u00f3n.\" width=\"300\" height=\"198\" srcset=\"https:\/\/i0.wp.com\/eltrabajo.cl\/portal\/wp-content\/uploads\/2016\/06\/mnavarroa8portal.jpg?resize=300%2C198&amp;ssl=1 300w, https:\/\/i0.wp.com\/eltrabajo.cl\/portal\/wp-content\/uploads\/2016\/06\/mnavarroa8portal.jpg?resize=200%2C132&amp;ssl=1 200w, https:\/\/i0.wp.com\/eltrabajo.cl\/portal\/wp-content\/uploads\/2016\/06\/mnavarroa8portal.jpg?resize=228%2C150&amp;ssl=1 228w, https:\/\/i0.wp.com\/eltrabajo.cl\/portal\/wp-content\/uploads\/2016\/06\/mnavarroa8portal.jpg?resize=400%2C263&amp;ssl=1 400w, https:\/\/i0.wp.com\/eltrabajo.cl\/portal\/wp-content\/uploads\/2016\/06\/mnavarroa8portal.jpg?w=530&amp;ssl=1 530w\" sizes=\"auto, (max-width: 300px) 100vw, 300px\" \/><figcaption id=\"caption-attachment-70435\" class=\"wp-caption-text\">Alcalde de Los Andes, Mauricio Navarro, comunic\u00f3 a la DC su decisi\u00f3n de no ir a la reelecci\u00f3n.<\/figcaption><\/figure>\n<ul>\n<li><strong>Octavio Arellano, Marcelo Merino y Benigno Retamal; uno de ellos ser\u00e1 el candidato oficialista tras la bajada de Navarro.<\/strong><\/li>\n<\/ul>\n<p><strong>LOS ANDES<\/strong>.- Mauricio Navarro, actual alcalde de la ciudad de Los Andes, comunic\u00f3 leg\u00edtimamente a la directiva nacional de la Democracia Cristiana, que no aspirar\u00e1 nuevamente al cargo edilicio, ya que los resultados en las encuestas, arrojaron n\u00fameros negativos en su participaci\u00f3n, ante lo cual la Nueva Mayor\u00eda, designar\u00e1 a su aspirante \u00fanico, a trav\u00e9s de una \u2018encuesta no vinculante\u2019, ya que el conglomerado oficialista no ten\u00eda previsto realizar primarias en la comuna.<br \/>\nLa bajada de Navarro, hab\u00eda surgido como una posibilidad cierta a fines de la semana, pasada a ra\u00edz de una encuesta realizada por la propia Democracia Cristiana, donde no queda bien evaluada su gesti\u00f3n.<br \/>\nSeg\u00fan fuentes, la encuesta vinculante someter\u00eda al escrutinio popular para decidir al abanderado oficialista para el cargo, al exgobernador Benigno Retamal, al concejal y exalcalde Octavio Arellano, adem\u00e1s del presidente de la Asamblea Radical de Los Andes Marcelo Merino.<br \/>\nSobre la bajada de Mauricio Navarro, el concejal Octavio Arellano ratific\u00f3 que el edil comunic\u00f3 su renuncia a la candidatura al secretario general de la DC y luego fue tratado en el consejo del partido el d\u00eda lunes.<br \/>\nArellano asegur\u00f3, que ignora las razones que tuvo Mauricio Navarro para ir a la reelecci\u00f3n por un tercer per\u00edodo, aunque mucho de ellos tendr\u00eda que ver sobre la mala evaluaci\u00f3n ciudadana que hay de su gesti\u00f3n en los \u00faltimos cuatro a\u00f1os.<br \/>\n\u201cEste es un asunto que nos ha demorado bastante y tenemos que reaccionar r\u00e1pidamente para que este proceso de encuestaje se haga a la brevedad. La encuesta la har\u00e1 una empresa externa de Santiago que dar\u00e1 garant\u00eda a todos los candidatos para que no haya ning\u00fan tipo de interferencias. Creo que es una buena soluci\u00f3n porque no tenemos demasiado tiempo, aunque yo hubiera preferido primarias porque siempre he sido partidario que sea la ciudadan\u00eda que se manifieste finalmente. Necesitamos ponernos a trabajar por la campa\u00f1a municipal, no podemos perder m\u00e1s tiempo\u201d, explic\u00f3 Arellano sobre el nuevo escenario para la definici\u00f3n del candidato \u00fanico.<br \/>\nExplic\u00f3, que esta es una muestra ciudadana donde se eligen algunos sectores aleatoriamente y se consulta mediante visitas a personas mayores de edad.<br \/>\n\u201cComo se construye la muestra, como se eval\u00faa, que sea vinculante y que preguntas se hacen lo define la empresa seg\u00fan los requerimientos que hagan los partidos de la Nueva Mayor\u00eda. El resultado que arroje la muestra, deber\u00e1 ser respetado por todos y quien no resulte vencedor deber\u00e1 asumir el compromiso de trabajar por quien haya resultado con mayores opciones en este muestreo\u201d, acot\u00f3 el abogado y concejal.<br \/>\nArellano critic\u00f3 el hecho que Mauricio Navarro tomar\u00e1 tan tarde la decisi\u00f3n de bajar su repostulaci\u00f3n, \u201cpues debi\u00f3 ser antes, hace un mes y medio atr\u00e1s para haber resuelto este tema mediante primarias abiertas, competitivas, tal como se har\u00e1 en otras ciudades del pa\u00eds, hubiese sido una buena medida\u201d.<br \/>\nReconoci\u00f3, que si bien con ello est\u00e1n dando ventaja a los otros candidatos ya oficializados como Edith Quiroz, Manuel Rivera y Antonio Ayala, no cree que la Nueva Mayor\u00eda pierda la alcald\u00eda de Los Andes.<\/p>\n","protected":false},"excerpt":{"rendered":"<p>Octavio Arellano, Marcelo Merino y Benigno Retamal; uno de ellos ser\u00e1 el candidato oficialista tras la bajada de Navarro. LOS ANDES.- Mauricio Navarro, actual alcalde de la ciudad de Los Andes, comunic\u00f3&#8230;<\/p>\n","protected":false},"author":482,"featured_media":70435,"comment_status":"open","ping_status":"open","sticky":false,"template":"","format":"standard","meta":{"advanced_seo_description":"","jetpack_seo_html_title":"","jetpack_seo_noindex":false,"_jetpack_memberships_contains_paid_content":false,"footnotes":""},"categories":[1],"tags":[],"class_list":["post-70434","post","type-post","status-publish","format-standard","has-post-thumbnail","hentry","category-cronica"],"jetpack_featured_media_url":"https:\/\/i0.wp.com\/eltrabajo.cl\/portal\/wp-content\/uploads\/2016\/06\/mnavarroa8portal.jpg?fit=530%2C349&ssl=1","jetpack_sharing_enabled":true,"jetpack_likes_enabled":true,"jetpack-related-posts":[],"_links":{"self":[{"href":"https:\/\/eltrabajo.cl\/portal\/wp-json\/wp\/v2\/posts\/70434","targetHints":{"allow":["GET"]}}],"collection":[{"href":"https:\/\/eltrabajo.cl\/portal\/wp-json\/wp\/v2\/posts"}],"about":[{"href":"https:\/\/eltrabajo.cl\/portal\/wp-json\/wp\/v2\/types\/post"}],"author":[{"embeddable":true,"href":"https:\/\/eltrabajo.cl\/portal\/wp-json\/wp\/v2\/users\/482"}],"replies":[{"embeddable":true,"href":"https:\/\/eltrabajo.cl\/portal\/wp-json\/wp\/v2\/comments?post=70434"}],"version-history":[{"count":0,"href":"https:\/\/eltrabajo.cl\/portal\/wp-json\/wp\/v2\/posts\/70434\/revisions"}],"wp:featuredmedia":[{"embeddable":true,"href":"https:\/\/eltrabajo.cl\/portal\/wp-json\/wp\/v2\/media\/70435"}],"wp:attachment":[{"href":"https:\/\/eltrabajo.cl\/portal\/wp-json\/wp\/v2\/media?parent=70434"}],"wp:term":[{"taxonomy":"category","embeddable":true,"href":"https:\/\/eltrabajo.cl\/portal\/wp-json\/wp\/v2\/categories?post=70434"},{"taxonomy":"post_tag","embeddable":true,"href":"https:\/\/eltrabajo.cl\/portal\/wp-json\/wp\/v2\/tags?post=70434"}],"curies":[{"name":"wp","href":"https:\/\/api.w.org\/{rel}","templated":true}]}}