{"id":70437,"date":"2016-06-03T10:04:57","date_gmt":"2016-06-03T14:04:57","guid":{"rendered":"http:\/\/www.eltrabajo.cl\/portal\/?p=70437"},"modified":"2016-06-03T10:04:57","modified_gmt":"2016-06-03T14:04:57","slug":"core-stevenson-presiona-a-seremi-de-salud-por-lentitud-de-compin","status":"publish","type":"post","link":"https:\/\/eltrabajo.cl\/portal\/core-stevenson-presiona-a-seremi-de-salud-por-lentitud-de-compin\/","title":{"rendered":"Core Stevenson presiona a Seremi de Salud por lentitud de Compin"},"content":{"rendered":"<figure id=\"attachment_70438\" aria-describedby=\"caption-attachment-70438\" style=\"width: 300px\" class=\"wp-caption alignleft\"><img data-recalc-dims=\"1\" loading=\"lazy\" decoding=\"async\" class=\"wp-image-70438 size-medium\" src=\"https:\/\/i0.wp.com\/www.eltrabajo.cl\/portal\/wp-content\/uploads\/2016\/06\/Rolando-Stevenson-300x197.jpg?resize=300%2C197\" alt=\"Rolando Stevenson Velasco, Consejero Regional.\" width=\"300\" height=\"197\" srcset=\"https:\/\/i0.wp.com\/eltrabajo.cl\/portal\/wp-content\/uploads\/2016\/06\/Rolando-Stevenson.jpg?resize=300%2C197&amp;ssl=1 300w, https:\/\/i0.wp.com\/eltrabajo.cl\/portal\/wp-content\/uploads\/2016\/06\/Rolando-Stevenson.jpg?resize=200%2C131&amp;ssl=1 200w, https:\/\/i0.wp.com\/eltrabajo.cl\/portal\/wp-content\/uploads\/2016\/06\/Rolando-Stevenson.jpg?resize=228%2C150&amp;ssl=1 228w, https:\/\/i0.wp.com\/eltrabajo.cl\/portal\/wp-content\/uploads\/2016\/06\/Rolando-Stevenson.jpg?resize=400%2C263&amp;ssl=1 400w, https:\/\/i0.wp.com\/eltrabajo.cl\/portal\/wp-content\/uploads\/2016\/06\/Rolando-Stevenson.jpg?w=530&amp;ssl=1 530w\" sizes=\"auto, (max-width: 300px) 100vw, 300px\" \/><figcaption id=\"caption-attachment-70438\" class=\"wp-caption-text\">Rolando Stevenson Velasco, Consejero Regional.<\/figcaption><\/figure>\n<p>Muy preocupado se expres\u00f3 el Core Rolando Stevenson por medio de una carta enviada a la Seremi de Salud de Valpara\u00edso, Graciela Astudillo, en relaci\u00f3n a las quejas que recibe de decenas de personas, usuarias del Compin, quienes se ven afectadas por la demora de sus tr\u00e1mites en el pago de licencias m\u00e9dicas, tanto en papel como por Internet, lo que les significa que gestiones en las que antes s\u00f3lo se ocupaban 15 d\u00edas, ahora resultan meses de espera y varios viajes a Santiago o Valpara\u00edso, afectando as\u00ed el bolsillo y la misma salud de los usuarios.<br \/>\n\u00abAntes esto funcionaba mejor, porque las resoluciones se dictaban aqu\u00ed en Aconcagua, ahora es un caos, algo a lo que la Seremi debe presionar para que se mejore en beneficio de los usuarios\u00bb, coment\u00f3 Stevenson a Diario El Trabajo.<\/p>\n<p><strong>CARTA ENVIADA<\/strong><br \/>\nMe es grato saludar a Ud. y al mismo tiempo poner en su conocimiento la situaci\u00f3n que afecta a numerosas personas que son atendidas por el sistema de salud Fonasa o Isapres, respecto de la dilatada tramitaci\u00f3n que sufren sus licencias m\u00e9dicas, no solo en el pago de ellas, sino tambi\u00e9n en su visaci\u00f3n por parte del Compin local.<br \/>\nEn efecto, las quejas que he recibido constantemente, me impelen a solicitar sus buenos oficios en la soluci\u00f3n de este hecho que afecta justamente a personas con serios problemas de salud, en especial cuando se trata de licencias continuas.<br \/>\nEsto se agrava en el caso de las licencias electr\u00f3nicas, que en lugar de hacer m\u00e1s \u00e1gil el sistema, lo retardan innecesariamente.-<br \/>\nEl reclamo de los trabajadores enfermos se refiere a las latas autorizaciones que deben esperar de parte del Compin, m\u00e1s aun cuando la falta de pago oportuno de las licencias afecta seriamente la econom\u00eda familiar.-<br \/>\nRecurro a su buena disposici\u00f3n para que este largo paso administrativo sea reducido lo m\u00e1s posible entregando a las oficinas locales y regionales las facultades e instrucciones respectivas y as\u00ed atender en mejor forma a quienes reciben salud del sistema p\u00fablico o privado.<\/p>\n<p><strong>ES EL COLMO<\/strong><br \/>\nAs\u00ed las cosas, Stevenson asegura que esta situaci\u00f3n est\u00e1 afectando tanto a los usuarios de las Isapre como a los de Fonasa, \u00aby lo peor del problema, es que esos tr\u00e1mites deben hacerlo los mismos enfermos, o sea, que si est\u00e1s en cama tras un accidente con una pierna quebrada, este sistema obliga al usuario a tener que estar viajando a Valpara\u00edso con su muleta y con su pierna enyesada si es el caso, lo que a veces tambi\u00e9n obliga a estos usuarios a endeudarse para poder enfrentar este sistema tan lento\u00bb, indic\u00f3 el Core.<br \/>\n<strong>Roberto Gonz\u00e1lez Short<\/strong><br \/>\n<strong>rgonzalez@eltrabajo.cl<\/strong><\/p>\n<figure id=\"attachment_70439\" aria-describedby=\"caption-attachment-70439\" style=\"width: 530px\" class=\"wp-caption alignnone\"><img data-recalc-dims=\"1\" loading=\"lazy\" decoding=\"async\" class=\"wp-image-70439 size-full\" src=\"https:\/\/i0.wp.com\/www.eltrabajo.cl\/portal\/wp-content\/uploads\/2016\/06\/Caso33.jpg?resize=530%2C350\" alt=\"CASOS REALES.- Mar\u00eda Ulloa, una sanfelipe\u00f1a que en 2012 fue rechazada en el Compin de San Felipe, es uno de los casos a los que da referencia el Core. (Archivo)\" width=\"530\" height=\"350\" srcset=\"https:\/\/i0.wp.com\/eltrabajo.cl\/portal\/wp-content\/uploads\/2016\/06\/Caso33.jpg?w=530&amp;ssl=1 530w, https:\/\/i0.wp.com\/eltrabajo.cl\/portal\/wp-content\/uploads\/2016\/06\/Caso33.jpg?resize=200%2C132&amp;ssl=1 200w, https:\/\/i0.wp.com\/eltrabajo.cl\/portal\/wp-content\/uploads\/2016\/06\/Caso33.jpg?resize=300%2C198&amp;ssl=1 300w, https:\/\/i0.wp.com\/eltrabajo.cl\/portal\/wp-content\/uploads\/2016\/06\/Caso33.jpg?resize=227%2C150&amp;ssl=1 227w, https:\/\/i0.wp.com\/eltrabajo.cl\/portal\/wp-content\/uploads\/2016\/06\/Caso33.jpg?resize=400%2C264&amp;ssl=1 400w\" sizes=\"auto, (max-width: 530px) 100vw, 530px\" \/><figcaption id=\"caption-attachment-70439\" class=\"wp-caption-text\">CASOS REALES.- Mar\u00eda Ulloa, una sanfelipe\u00f1a que en 2012 fue rechazada en el Compin de San Felipe, es uno de los casos a los que da referencia el Core. (Archivo)<\/figcaption><\/figure>\n","protected":false},"excerpt":{"rendered":"<p>Muy preocupado se expres\u00f3 el Core Rolando Stevenson por medio de una carta enviada a la Seremi de Salud de Valpara\u00edso, Graciela Astudillo, en relaci\u00f3n a las quejas que recibe de decenas&#8230;<\/p>\n","protected":false},"author":482,"featured_media":70438,"comment_status":"open","ping_status":"open","sticky":false,"template":"","format":"standard","meta":{"advanced_seo_description":"","jetpack_seo_html_title":"","jetpack_seo_noindex":false,"_jetpack_memberships_contains_paid_content":false,"footnotes":""},"categories":[15],"tags":[],"class_list":["post-70437","post","type-post","status-publish","format-standard","has-post-thumbnail","hentry","category-comunidad"],"jetpack_featured_media_url":"https:\/\/i0.wp.com\/eltrabajo.cl\/portal\/wp-content\/uploads\/2016\/06\/Rolando-Stevenson.jpg?fit=530%2C348&ssl=1","jetpack_sharing_enabled":true,"jetpack_likes_enabled":true,"jetpack-related-posts":[],"_links":{"self":[{"href":"https:\/\/eltrabajo.cl\/portal\/wp-json\/wp\/v2\/posts\/70437","targetHints":{"allow":["GET"]}}],"collection":[{"href":"https:\/\/eltrabajo.cl\/portal\/wp-json\/wp\/v2\/posts"}],"about":[{"href":"https:\/\/eltrabajo.cl\/portal\/wp-json\/wp\/v2\/types\/post"}],"author":[{"embeddable":true,"href":"https:\/\/eltrabajo.cl\/portal\/wp-json\/wp\/v2\/users\/482"}],"replies":[{"embeddable":true,"href":"https:\/\/eltrabajo.cl\/portal\/wp-json\/wp\/v2\/comments?post=70437"}],"version-history":[{"count":0,"href":"https:\/\/eltrabajo.cl\/portal\/wp-json\/wp\/v2\/posts\/70437\/revisions"}],"wp:featuredmedia":[{"embeddable":true,"href":"https:\/\/eltrabajo.cl\/portal\/wp-json\/wp\/v2\/media\/70438"}],"wp:attachment":[{"href":"https:\/\/eltrabajo.cl\/portal\/wp-json\/wp\/v2\/media?parent=70437"}],"wp:term":[{"taxonomy":"category","embeddable":true,"href":"https:\/\/eltrabajo.cl\/portal\/wp-json\/wp\/v2\/categories?post=70437"},{"taxonomy":"post_tag","embeddable":true,"href":"https:\/\/eltrabajo.cl\/portal\/wp-json\/wp\/v2\/tags?post=70437"}],"curies":[{"name":"wp","href":"https:\/\/api.w.org\/{rel}","templated":true}]}}