{"id":70442,"date":"2016-06-03T10:06:17","date_gmt":"2016-06-03T14:06:17","guid":{"rendered":"http:\/\/www.eltrabajo.cl\/portal\/?p=70442"},"modified":"2016-06-03T10:06:17","modified_gmt":"2016-06-03T14:06:17","slug":"federacion-de-taxis-colectivos-de-san-felipe-se-cierra-a-admitir-nuevo-recorrido-de-micros","status":"publish","type":"post","link":"https:\/\/eltrabajo.cl\/portal\/federacion-de-taxis-colectivos-de-san-felipe-se-cierra-a-admitir-nuevo-recorrido-de-micros\/","title":{"rendered":"Federaci\u00f3n de Taxis Colectivos de San Felipe se cierra a admitir nuevo recorrido de micros"},"content":{"rendered":"<figure id=\"attachment_70443\" aria-describedby=\"caption-attachment-70443\" style=\"width: 300px\" class=\"wp-caption alignleft\"><img data-recalc-dims=\"1\" loading=\"lazy\" decoding=\"async\" class=\"wp-image-70443 size-medium\" src=\"https:\/\/i0.wp.com\/www.eltrabajo.cl\/portal\/wp-content\/uploads\/2016\/06\/Elizabeth-Reyes-Rivera-300x198.jpg?resize=300%2C198\" alt=\"Elizabeth Reyes Rivera, presidenta de la Federaci\u00f3n de Taxis Colectivos de San Felipe. (foto de archivo)\" width=\"300\" height=\"198\" srcset=\"https:\/\/i0.wp.com\/eltrabajo.cl\/portal\/wp-content\/uploads\/2016\/06\/Elizabeth-Reyes-Rivera.jpg?resize=300%2C198&amp;ssl=1 300w, https:\/\/i0.wp.com\/eltrabajo.cl\/portal\/wp-content\/uploads\/2016\/06\/Elizabeth-Reyes-Rivera.jpg?resize=200%2C132&amp;ssl=1 200w, https:\/\/i0.wp.com\/eltrabajo.cl\/portal\/wp-content\/uploads\/2016\/06\/Elizabeth-Reyes-Rivera.jpg?resize=227%2C150&amp;ssl=1 227w, https:\/\/i0.wp.com\/eltrabajo.cl\/portal\/wp-content\/uploads\/2016\/06\/Elizabeth-Reyes-Rivera.jpg?resize=400%2C264&amp;ssl=1 400w, https:\/\/i0.wp.com\/eltrabajo.cl\/portal\/wp-content\/uploads\/2016\/06\/Elizabeth-Reyes-Rivera.jpg?w=530&amp;ssl=1 530w\" sizes=\"auto, (max-width: 300px) 100vw, 300px\" \/><figcaption id=\"caption-attachment-70443\" class=\"wp-caption-text\">Elizabeth Reyes Rivera, presidenta de la Federaci\u00f3n de Taxis Colectivos de San Felipe. (foto de archivo)<\/figcaption><\/figure>\n<ul>\n<li><strong>Dirigente asegura que tanto en el tema Uber, como en la posibilidad de abrir nuevas rutas a Buses Puma, existe ilegalidad y que su gremio espera una pronta definici\u00f3n de las autoridades en ambas problem\u00e1ticas.<\/strong><\/li>\n<\/ul>\n<p>La presidenta de la Federaci\u00f3n de Taxis Colectivos de San Felipe, Elizabeth Reyes Rivera, se refiri\u00f3 al estado de avance en que se encuentran las distintas problem\u00e1ticas que afectan a su gremio y que a mediados de mayo, los llevaron a sumarse al \u2018paro nacional\u2019 que los trabajadores de la locomoci\u00f3n menor realizaron en contra de Uber.<br \/>\nPrecisamente en referencia a la evoluci\u00f3n que ha tenido esta problem\u00e1tica, luego de la paralizaci\u00f3n realizada a nivel pa\u00eds, Reyes afirm\u00f3 que, la Confederaci\u00f3n Nacional de Taxis Colectivos, Conatacoch, realiz\u00f3 una presentaci\u00f3n formal contra Uber, la cual, fue acogida por los tribunales debido a que existen elementos que acogen la denuncia. Al respecto, la gremialista argument\u00f3 que \u201cellos son piratas, no cumplen con las exigencias de la ley del transporte p\u00fablico ac\u00e1 en Chile, se acogi\u00f3 la demanda y estamos en proceso de que se presenten las partes en tribunales\u201d, detall\u00f3.<br \/>\nEn referencia a c\u00f3mo proyectan el futuro de esta situaci\u00f3n, Reyes adujo que \u201cahora viene el tema judicial y que todas las autoridades a nivel nacional reconocen que la aplicabilidad de la ley es lo que corresponde, aqu\u00ed hay un parque automotriz cerrado, por lo tanto, no da cabida a que entren nuevas empresas, la ilegalidad es un problema no s\u00f3lo para nosotros sino que para todos los rubros\u201d, asever\u00f3.<br \/>\nOtro de los puntos que se ha transformado en una piedra en el zapato para los dirigentes del transporte menor local, es la posibilidad de que en las pr\u00f3ximas semanas, Buses Puma, a solicitud de los vecinos y con la venia de la Seremi de Transportes y Telecomunicaciones, implemente nuevos recorridos que beneficien a los vecinos de Villa Las Acacias, Santa Br\u00edgida, El Se\u00f1orial, La Estancia, Los Casta\u00f1os, entre otros.<br \/>\n\u201cHubo un llamado de parte del Seremi que quiere que nos reunamos, tengamos una conversaci\u00f3n en terreno, puesto que por la causal que hab\u00edan planteado ellos, que corresponde a que no hay una demanda satisfecha, eso no es verdad, puesto que en esos lugares que aluden existen terminales de colectivos, el tema no es que la gente no tenga veh\u00edculos, el hecho es que no quieren subir a colectivos porque quieren una tarifa distinta, por lo tanto, el argumento de la demanda insatisfecha no va, en consecuencia se debe aplicar el art\u00edculo 212, que dice que no pueden ingresar las micros\u201d, enfatiz\u00f3 la dirigente.<br \/>\nDe acuerdo a lo manifestado por Reyes, para su gremio, la posibilidad que ingresen microbuses no est\u00e1 en estudio, puesto que \u201cnosotros vamos a seguir insistiendo en que se aplique la ley, porque parejita para todos, no es dura, por algo est\u00e1 hecha. Ac\u00e1 hubo un estudio de mercado, tambi\u00e9n respecto de la cantidad de veh\u00edculos en la zona y al contrario, la autoridad est\u00e1 por descongestionar el centro y esta decisi\u00f3n implicar\u00eda congestionarlo m\u00e1s a\u00fan\u201d, insisti\u00f3.<br \/>\nDe todas forma, la dirigente del transporte menor sanfelipe\u00f1o, no se cerr\u00f3 a la posibilidad de buscar otro tipo de alternativas que impliquen un beneficio para los usuarios de los sectores se\u00f1alados anteriormente y aludi\u00f3 que \u201ctenemos que sentarnos a conversar con la comunidad para ver si podemos tranzar una tarifa o fijar una tarifa intermedia desde esos sectores hasta el centro, todo es conversable y posible de ejecutar\u201d, analiz\u00f3.<br \/>\nRespecto de la relaci\u00f3n que han logrado establecer con las autoridades de la zona, Reyes agreg\u00f3; \u201clo mejor de todo es que hay una buena coordinaci\u00f3n, realizamos mesas t\u00e9cnicas de trabajo, hay una comunicaci\u00f3n fluida, as\u00ed lo demostramos el d\u00edas de la paralizaci\u00f3n con una muy buena participaci\u00f3n reconocida por todas las instancias que participaron\u201d.<br \/>\nFinalmente, Reyes se refiri\u00f3 a la Ley Espejo (fondo destinado para subsidiar el transporte en regiones) conocida como ley derivada del Transantiago) y c\u00f3mo esta ha beneficiado a la organizaci\u00f3n que representa, contando que \u201cel Gobierno ha cumplido con el pago de los bonos compensatorios, se pag\u00f3 el primero de 3, ahora en junio comienza el proceso para hacer la solicitud del segundo bono y el pr\u00f3ximo a\u00f1o corresponder\u00eda el pago del tercero. Nos queda pendiente volver a las mesas t\u00e9cnicas con la nueva autoridad que est\u00e1 muy llana a seguir el proceso, hay que hablar con los Core (Consejeros Regionales) para que estas platas sean destinadas para lo que est\u00e1 en el convenio firmado\u201d, concluy\u00f3.<\/p>\n","protected":false},"excerpt":{"rendered":"<p>Dirigente asegura que tanto en el tema Uber, como en la posibilidad de abrir nuevas rutas a Buses Puma, existe ilegalidad y que su gremio espera una pronta definici\u00f3n de las autoridades&#8230;<\/p>\n","protected":false},"author":482,"featured_media":70443,"comment_status":"open","ping_status":"open","sticky":false,"template":"","format":"standard","meta":{"advanced_seo_description":"","jetpack_seo_html_title":"","jetpack_seo_noindex":false,"_jetpack_memberships_contains_paid_content":false,"footnotes":""},"categories":[15],"tags":[],"class_list":["post-70442","post","type-post","status-publish","format-standard","has-post-thumbnail","hentry","category-comunidad"],"jetpack_featured_media_url":"https:\/\/i0.wp.com\/eltrabajo.cl\/portal\/wp-content\/uploads\/2016\/06\/Elizabeth-Reyes-Rivera.jpg?fit=530%2C350&ssl=1","jetpack_sharing_enabled":true,"jetpack_likes_enabled":true,"jetpack-related-posts":[],"_links":{"self":[{"href":"https:\/\/eltrabajo.cl\/portal\/wp-json\/wp\/v2\/posts\/70442","targetHints":{"allow":["GET"]}}],"collection":[{"href":"https:\/\/eltrabajo.cl\/portal\/wp-json\/wp\/v2\/posts"}],"about":[{"href":"https:\/\/eltrabajo.cl\/portal\/wp-json\/wp\/v2\/types\/post"}],"author":[{"embeddable":true,"href":"https:\/\/eltrabajo.cl\/portal\/wp-json\/wp\/v2\/users\/482"}],"replies":[{"embeddable":true,"href":"https:\/\/eltrabajo.cl\/portal\/wp-json\/wp\/v2\/comments?post=70442"}],"version-history":[{"count":0,"href":"https:\/\/eltrabajo.cl\/portal\/wp-json\/wp\/v2\/posts\/70442\/revisions"}],"wp:featuredmedia":[{"embeddable":true,"href":"https:\/\/eltrabajo.cl\/portal\/wp-json\/wp\/v2\/media\/70443"}],"wp:attachment":[{"href":"https:\/\/eltrabajo.cl\/portal\/wp-json\/wp\/v2\/media?parent=70442"}],"wp:term":[{"taxonomy":"category","embeddable":true,"href":"https:\/\/eltrabajo.cl\/portal\/wp-json\/wp\/v2\/categories?post=70442"},{"taxonomy":"post_tag","embeddable":true,"href":"https:\/\/eltrabajo.cl\/portal\/wp-json\/wp\/v2\/tags?post=70442"}],"curies":[{"name":"wp","href":"https:\/\/api.w.org\/{rel}","templated":true}]}}