{"id":70445,"date":"2016-06-03T10:09:57","date_gmt":"2016-06-03T14:09:57","guid":{"rendered":"http:\/\/www.eltrabajo.cl\/portal\/?p=70445"},"modified":"2016-06-03T10:09:57","modified_gmt":"2016-06-03T14:09:57","slug":"sin-vida-fue-hallada-una-mujer-gitana-a-orillas-del-rio-putaendo","status":"publish","type":"post","link":"https:\/\/eltrabajo.cl\/portal\/sin-vida-fue-hallada-una-mujer-gitana-a-orillas-del-rio-putaendo\/","title":{"rendered":"Sin vida fue hallada una mujer gitana a orillas del r\u00edo Putaendo"},"content":{"rendered":"<ul>\n<li><strong>Mujer s\u00f3lo estaba cubierta con una frazada, por lo que una de las hip\u00f3tesis que se manejan en torno a su deceso es el fallecimiento por hipotermia.<\/strong><\/li>\n<\/ul>\n<p><strong>PUTAENDO.<\/strong>&#8211; Una mujer de 62 a\u00f1os de edad fue encontrada sin vida la ma\u00f1ana de ayer en un peque\u00f1o campamento gitano compuesto por dos carpas, ubicado a un costado del puente Cimbra, a la altura de la localidad de Granallas, en la ribera del r\u00edo Putaendo, donde habita una familia que ayer a eso de las 08:00 horas, debi\u00f3 lamentar la p\u00e9rdida de uno de sus integrantes.<br \/>\nLa informaci\u00f3n oficial, entregada por el teniente de Carabineros, \u00c1ngelo Acevedo, confirma que a eso de las 08:00 horas, el \u00fanico var\u00f3n de las cuatro personas que viven en ese peque\u00f1o campamento, incluido un menor de cinco a\u00f1os de edad, se percat\u00f3 que la mujer de 62 a\u00f1os, identificada como Mar\u00eda Motanicolic estaba fallecida, lo que fue corroborado por el personal policial que acudi\u00f3 al lugar.<br \/>\nPor instrucci\u00f3n del fiscal de turno, el equipo especializado de la Brigada de Homicidios de la Polic\u00eda de Investigaciones de Los Andes, realiz\u00f3 los peritajes correspondientes, tanto al cuerpo de la mujer como al sitio del suceso, y seg\u00fan sostuvo el jefe de la BH, Comisario Gino Guti\u00e9rrez, se descarta la participaci\u00f3n de terceras personas, mientras que plante\u00f3 que la causa de muerte podr\u00eda atribuirse a un infarto o a un cuadro de hipotermia debido a las precarias condiciones en que la adulta mayor dorm\u00eda al interior de la carpa.<br \/>\nEl cuerpo de la mujer, fue retirado por el Servicio M\u00e9dico Legal pasadas las 11:30 horas para la autopsia de rigor, mientras que hasta el lugar tambi\u00e9n acudieron funcionarios de la Municipalidad de Putaendo y vecinos para ayudar en los tr\u00e1mites de velorio y sepultaci\u00f3n de Mar\u00eda Motanicolic.<br \/>\nLos dem\u00e1s integrantes del grupo familiar, fueron trasladados a dependencias del Parque Municipal de Putaendo mientras dure el frente de mal tiempo pronosticado para estos d\u00edas.<\/p>\n<figure id=\"attachment_70447\" aria-describedby=\"caption-attachment-70447\" style=\"width: 530px\" class=\"wp-caption alignnone\"><img data-recalc-dims=\"1\" loading=\"lazy\" decoding=\"async\" class=\"wp-image-70447 size-full\" src=\"https:\/\/i0.wp.com\/www.eltrabajo.cl\/portal\/wp-content\/uploads\/2016\/06\/portadagitana.jpg?resize=530%2C350\" alt=\"Personal policial realiza peritajes al cuerpo de Mar\u00eda Motanicolic, mujer de 62 a\u00f1os de edad.\" width=\"530\" height=\"350\" srcset=\"https:\/\/i0.wp.com\/eltrabajo.cl\/portal\/wp-content\/uploads\/2016\/06\/portadagitana.jpg?w=530&amp;ssl=1 530w, https:\/\/i0.wp.com\/eltrabajo.cl\/portal\/wp-content\/uploads\/2016\/06\/portadagitana.jpg?resize=200%2C132&amp;ssl=1 200w, https:\/\/i0.wp.com\/eltrabajo.cl\/portal\/wp-content\/uploads\/2016\/06\/portadagitana.jpg?resize=300%2C198&amp;ssl=1 300w, https:\/\/i0.wp.com\/eltrabajo.cl\/portal\/wp-content\/uploads\/2016\/06\/portadagitana.jpg?resize=227%2C150&amp;ssl=1 227w, https:\/\/i0.wp.com\/eltrabajo.cl\/portal\/wp-content\/uploads\/2016\/06\/portadagitana.jpg?resize=400%2C264&amp;ssl=1 400w\" sizes=\"auto, (max-width: 530px) 100vw, 530px\" \/><figcaption id=\"caption-attachment-70447\" class=\"wp-caption-text\">Personal policial realiza peritajes al cuerpo de Mar\u00eda Motanicolic, mujer de 62 a\u00f1os de edad.<\/figcaption><\/figure>\n<p>&nbsp;<\/p>\n<figure id=\"attachment_70446\" aria-describedby=\"caption-attachment-70446\" style=\"width: 530px\" class=\"wp-caption alignnone\"><img data-recalc-dims=\"1\" loading=\"lazy\" decoding=\"async\" class=\"wp-image-70446 size-full\" src=\"https:\/\/i0.wp.com\/www.eltrabajo.cl\/portal\/wp-content\/uploads\/2016\/06\/gitana1.jpg?resize=530%2C348\" alt=\"El cuerpo de la mujer, fue retirado por el Servicio M\u00e9dico Legal pasadas las 11:30 horas de ayer, para la autopsia de rigor.\" width=\"530\" height=\"348\" srcset=\"https:\/\/i0.wp.com\/eltrabajo.cl\/portal\/wp-content\/uploads\/2016\/06\/gitana1.jpg?w=530&amp;ssl=1 530w, https:\/\/i0.wp.com\/eltrabajo.cl\/portal\/wp-content\/uploads\/2016\/06\/gitana1.jpg?resize=200%2C131&amp;ssl=1 200w, https:\/\/i0.wp.com\/eltrabajo.cl\/portal\/wp-content\/uploads\/2016\/06\/gitana1.jpg?resize=300%2C197&amp;ssl=1 300w, https:\/\/i0.wp.com\/eltrabajo.cl\/portal\/wp-content\/uploads\/2016\/06\/gitana1.jpg?resize=228%2C150&amp;ssl=1 228w, https:\/\/i0.wp.com\/eltrabajo.cl\/portal\/wp-content\/uploads\/2016\/06\/gitana1.jpg?resize=400%2C263&amp;ssl=1 400w\" sizes=\"auto, (max-width: 530px) 100vw, 530px\" \/><figcaption id=\"caption-attachment-70446\" class=\"wp-caption-text\">El cuerpo de la mujer, fue retirado por el Servicio M\u00e9dico Legal pasadas las 11:30 horas de ayer, para la autopsia de rigor.<\/figcaption><\/figure>\n","protected":false},"excerpt":{"rendered":"<p>Mujer s\u00f3lo estaba cubierta con una frazada, por lo que una de las hip\u00f3tesis que se manejan en torno a su deceso es el fallecimiento por hipotermia. PUTAENDO.&#8211; Una mujer de 62&#8230;<\/p>\n","protected":false},"author":482,"featured_media":70447,"comment_status":"open","ping_status":"open","sticky":false,"template":"","format":"standard","meta":{"advanced_seo_description":"","jetpack_seo_html_title":"","jetpack_seo_noindex":false,"_jetpack_memberships_contains_paid_content":false,"footnotes":""},"categories":[21],"tags":[],"class_list":["post-70445","post","type-post","status-publish","format-standard","has-post-thumbnail","hentry","category-policial"],"jetpack_featured_media_url":"https:\/\/i0.wp.com\/eltrabajo.cl\/portal\/wp-content\/uploads\/2016\/06\/portadagitana.jpg?fit=530%2C350&ssl=1","jetpack_sharing_enabled":true,"jetpack_likes_enabled":true,"jetpack-related-posts":[],"_links":{"self":[{"href":"https:\/\/eltrabajo.cl\/portal\/wp-json\/wp\/v2\/posts\/70445","targetHints":{"allow":["GET"]}}],"collection":[{"href":"https:\/\/eltrabajo.cl\/portal\/wp-json\/wp\/v2\/posts"}],"about":[{"href":"https:\/\/eltrabajo.cl\/portal\/wp-json\/wp\/v2\/types\/post"}],"author":[{"embeddable":true,"href":"https:\/\/eltrabajo.cl\/portal\/wp-json\/wp\/v2\/users\/482"}],"replies":[{"embeddable":true,"href":"https:\/\/eltrabajo.cl\/portal\/wp-json\/wp\/v2\/comments?post=70445"}],"version-history":[{"count":0,"href":"https:\/\/eltrabajo.cl\/portal\/wp-json\/wp\/v2\/posts\/70445\/revisions"}],"wp:featuredmedia":[{"embeddable":true,"href":"https:\/\/eltrabajo.cl\/portal\/wp-json\/wp\/v2\/media\/70447"}],"wp:attachment":[{"href":"https:\/\/eltrabajo.cl\/portal\/wp-json\/wp\/v2\/media?parent=70445"}],"wp:term":[{"taxonomy":"category","embeddable":true,"href":"https:\/\/eltrabajo.cl\/portal\/wp-json\/wp\/v2\/categories?post=70445"},{"taxonomy":"post_tag","embeddable":true,"href":"https:\/\/eltrabajo.cl\/portal\/wp-json\/wp\/v2\/tags?post=70445"}],"curies":[{"name":"wp","href":"https:\/\/api.w.org\/{rel}","templated":true}]}}