{"id":70450,"date":"2016-06-03T10:12:29","date_gmt":"2016-06-03T14:12:29","guid":{"rendered":"http:\/\/www.eltrabajo.cl\/portal\/?p=70450"},"modified":"2016-06-03T10:12:29","modified_gmt":"2016-06-03T14:12:29","slug":"servicio-de-salud-se-refiere-a-investigacion-de-contraloria-por-pagos-a-trabajadores-de-pixels","status":"publish","type":"post","link":"https:\/\/eltrabajo.cl\/portal\/servicio-de-salud-se-refiere-a-investigacion-de-contraloria-por-pagos-a-trabajadores-de-pixels\/","title":{"rendered":"Servicio de Salud se refiere a investigaci\u00f3n de Contralor\u00eda por pagos a trabajadores de Pixels"},"content":{"rendered":"<p>La Direcci\u00f3n del Servicio de Salud Aconcagua confirm\u00f3 que consecuente a las gestiones posteriores a la terminaci\u00f3n del contrato con la empresa Pixels y los pagos efectuados a los trabajadores por concepto de imposiciones, remuneraciones e indemnizaciones, la Contralor\u00eda Regional de Valpara\u00edso instruy\u00f3 un procedimiento investigativo en orden a esclarecer la procedencia y legalidad de tales pagos, determinando formular cargos contra la Directora por estimar improcedente tales desembolsos.<br \/>\nRespetuosa de las facultades de los organismos p\u00fablicos, el Servicio de Salud Aconcagua, ha resuelto agotar todas las instancias y presentar\u00e1 los recursos que estime pertinentes, en consideraci\u00f3n a que reitera su convicci\u00f3n de haber actuado conforme a la legalidad vigente, en resguardo de los recursos y fondos fiscales, por privilegiar los derechos de los trabajadores y preservar la paz social en Aconcagua, toda vez que su actuar estuvo avalado por la Direcci\u00f3n Regional del Trabajo y con la intervenci\u00f3n de la Gobernaci\u00f3n Provincial de San Felipe.<br \/>\nFinalmente, esta Direcci\u00f3n de Servicio reitera a la comunidad, su disposici\u00f3n y compromiso de defender y garantizar la probidad y transparencia del servicio p\u00fablico, valores que ha venido trabajando en la cultura organizacional para orientar el trabajo de los funcionarios, quienes cotidianamente se esfuerzan por concretar el bien com\u00fan de los habitantes.<\/p>\n<figure id=\"attachment_70451\" aria-describedby=\"caption-attachment-70451\" style=\"width: 530px\" class=\"wp-caption alignleft\"><img data-recalc-dims=\"1\" loading=\"lazy\" decoding=\"async\" class=\"wp-image-70451 size-full\" src=\"https:\/\/i0.wp.com\/www.eltrabajo.cl\/portal\/wp-content\/uploads\/2016\/06\/protesta-trabajadores-pixels.jpg?resize=530%2C348\" alt=\"Trabajadores marchan exigiendo pagos por concepto de imposiciones, remuneraciones e indemnizaciones.\" width=\"530\" height=\"348\" srcset=\"https:\/\/i0.wp.com\/eltrabajo.cl\/portal\/wp-content\/uploads\/2016\/06\/protesta-trabajadores-pixels.jpg?w=530&amp;ssl=1 530w, https:\/\/i0.wp.com\/eltrabajo.cl\/portal\/wp-content\/uploads\/2016\/06\/protesta-trabajadores-pixels.jpg?resize=200%2C131&amp;ssl=1 200w, https:\/\/i0.wp.com\/eltrabajo.cl\/portal\/wp-content\/uploads\/2016\/06\/protesta-trabajadores-pixels.jpg?resize=300%2C197&amp;ssl=1 300w, https:\/\/i0.wp.com\/eltrabajo.cl\/portal\/wp-content\/uploads\/2016\/06\/protesta-trabajadores-pixels.jpg?resize=228%2C150&amp;ssl=1 228w, https:\/\/i0.wp.com\/eltrabajo.cl\/portal\/wp-content\/uploads\/2016\/06\/protesta-trabajadores-pixels.jpg?resize=400%2C263&amp;ssl=1 400w\" sizes=\"auto, (max-width: 530px) 100vw, 530px\" \/><figcaption id=\"caption-attachment-70451\" class=\"wp-caption-text\">Trabajadores marchan exigiendo pagos por concepto de imposiciones, remuneraciones e indemnizaciones.<\/figcaption><\/figure>\n","protected":false},"excerpt":{"rendered":"<p>La Direcci\u00f3n del Servicio de Salud Aconcagua confirm\u00f3 que consecuente a las gestiones posteriores a la terminaci\u00f3n del contrato con la empresa Pixels y los pagos efectuados a los trabajadores por concepto&#8230;<\/p>\n","protected":false},"author":482,"featured_media":70451,"comment_status":"open","ping_status":"open","sticky":false,"template":"","format":"standard","meta":{"advanced_seo_description":"","jetpack_seo_html_title":"","jetpack_seo_noindex":false,"_jetpack_memberships_contains_paid_content":false,"footnotes":""},"categories":[1],"tags":[],"class_list":["post-70450","post","type-post","status-publish","format-standard","has-post-thumbnail","hentry","category-cronica"],"jetpack_featured_media_url":"https:\/\/i0.wp.com\/eltrabajo.cl\/portal\/wp-content\/uploads\/2016\/06\/protesta-trabajadores-pixels.jpg?fit=530%2C348&ssl=1","jetpack_sharing_enabled":true,"jetpack_likes_enabled":true,"jetpack-related-posts":[],"_links":{"self":[{"href":"https:\/\/eltrabajo.cl\/portal\/wp-json\/wp\/v2\/posts\/70450","targetHints":{"allow":["GET"]}}],"collection":[{"href":"https:\/\/eltrabajo.cl\/portal\/wp-json\/wp\/v2\/posts"}],"about":[{"href":"https:\/\/eltrabajo.cl\/portal\/wp-json\/wp\/v2\/types\/post"}],"author":[{"embeddable":true,"href":"https:\/\/eltrabajo.cl\/portal\/wp-json\/wp\/v2\/users\/482"}],"replies":[{"embeddable":true,"href":"https:\/\/eltrabajo.cl\/portal\/wp-json\/wp\/v2\/comments?post=70450"}],"version-history":[{"count":0,"href":"https:\/\/eltrabajo.cl\/portal\/wp-json\/wp\/v2\/posts\/70450\/revisions"}],"wp:featuredmedia":[{"embeddable":true,"href":"https:\/\/eltrabajo.cl\/portal\/wp-json\/wp\/v2\/media\/70451"}],"wp:attachment":[{"href":"https:\/\/eltrabajo.cl\/portal\/wp-json\/wp\/v2\/media?parent=70450"}],"wp:term":[{"taxonomy":"category","embeddable":true,"href":"https:\/\/eltrabajo.cl\/portal\/wp-json\/wp\/v2\/categories?post=70450"},{"taxonomy":"post_tag","embeddable":true,"href":"https:\/\/eltrabajo.cl\/portal\/wp-json\/wp\/v2\/tags?post=70450"}],"curies":[{"name":"wp","href":"https:\/\/api.w.org\/{rel}","templated":true}]}}