{"id":70453,"date":"2016-06-03T10:21:02","date_gmt":"2016-06-03T14:21:02","guid":{"rendered":"http:\/\/www.eltrabajo.cl\/portal\/?p=70453"},"modified":"2016-06-03T10:21:02","modified_gmt":"2016-06-03T14:21:02","slug":"cierran-comedor-del-liceo-manuel-marin-fritis-tras-hallar-fecas-de-raton","status":"publish","type":"post","link":"https:\/\/eltrabajo.cl\/portal\/cierran-comedor-del-liceo-manuel-marin-fritis-tras-hallar-fecas-de-raton\/","title":{"rendered":"Cierran comedor del Liceo Manuel Mar\u00edn Fritis tras hallar fecas de rat\u00f3n"},"content":{"rendered":"<p><strong>PUTAENDO.<\/strong>&#8211; Una alerta de salubridad se activ\u00f3 este martes en las dependencias del Liceo Manuel Mar\u00edn Fritis, luego que se detectaran fecas de rat\u00f3n, lo que habr\u00eda generado la instauraci\u00f3n inmediata de un protocolo ya existente para casos como este.<br \/>\nLas fecas habr\u00edan sido halladas muy cerca del comedor, por lo que se dej\u00f3 durante ese d\u00eda y el mi\u00e9rcoles, de entregar alimentos a toda la poblaci\u00f3n estudiantil.<br \/>\nDiario El Trabajo habl\u00f3 con Luis Vera Gonz\u00e1lez, director del liceo, quien efectivamente confirm\u00f3 la noticia, \u00abdesde hace un mes y medio que dirijo este colegio, despu\u00e9s de ganar un concurso p\u00fablico en ese sentido. Efectivamente, respecto a esa denuncia que se hizo el martes, lo que pas\u00f3 en nuestro liceo es que se encontramos fecas de roedores, pero en ning\u00fan caso roedores en s\u00ed\u00bb, indic\u00f3 Vera.<\/p>\n<p><strong>YA EL PROBLEMA \u00a0FUE CONTROLADO<\/strong><br \/>\nEl director explic\u00f3 tambi\u00e9n a nuestro medio, que esta situaci\u00f3n puede ocurrir en cualquier establecimiento, por lo que no cree que la situaci\u00f3n pueda ser grave, aunque no por ello dej\u00f3 de preocuparse, pues es la obligaci\u00f3n del colegio velar por las buenas condiciones de higiene dentro del complejo escolar.<br \/>\n\u00abLas fecas no estaban en el casino, pero s\u00ed en alrededores, por lo que se activ\u00f3 un protocolo de salud, avisamos al Daem, con Junaeb y con la empresa que suministra los alimentos. Aunque se deb\u00eda suspender la entrega de alimentos a los estudiantes, nosotros optamos por dar a los ni\u00f1os frutas frescas y colaciones fr\u00edas, para que los peque\u00f1os no lo pasaran mal. El problema fue resuelto, se fumig\u00f3 todo el complejo y ya a las 16:00 horas se dio por controlada la situaci\u00f3n\u00bb, agreg\u00f3 el directivo.<br \/>\nSobre la existencia o no de roedores en la escuela, don Luis Vera no confirm\u00f3 haberlos encontrado, pero s\u00ed que es de esperar que en la comuna los haya.<br \/>\n\u00abMire, aunque Putaendo es una peque\u00f1a ciudad, a pocos cientos de metros de la misma ya es zona rural, es de suponer que s\u00ed hay roedores en el campo y nuestra ciudad est\u00e1 muy cerca de esos terrenos. No he visto roedores, pero deben existir en nuestra comuna\u00bb, dijo finalmente Vera.<\/p>\n<p><strong>CORTA RESE\u00d1A<\/strong><br \/>\nEl Liceo Manuel Mar\u00edn Fritis es un establecimiento educacional urbano, que naci\u00f3 de la uni\u00f3n de la Escuela N\u00ba30 de hombres y la Escuela N\u00ba31 de mujeres; el cual en 1971 pas\u00f3 a llamarse \u2018Escuela Consolidada de<br \/>\nExperimentaci\u00f3n e Investigaciones Pedag\u00f3gicas Pedro Aguirre Cerda\u2019.<br \/>\nEl 12 de septiembre de 1978, se transform\u00f3 en el Liceo B-7 de Putaendo, con<br \/>\nense\u00f1anza Preb\u00e1sica, B\u00e1sica y Media, adem\u00e1s de un grupo diferencial para alumnos con problemas de aprendizaje. Por Decreto N\u00ba345 del Ministerio De Educaci\u00f3n, del 6 de julio de 1993 pas\u00f3 a denominarse \u2018Liceo Manuel Mar\u00edn Fritis\u2019. Cuenta actualmente con 493 estudiantes entre preb\u00e1sica y 4\u00ba Medio.<br \/>\n<strong>Roberto Gonz\u00e1lez Short<\/strong><br \/>\n<strong>rgonzalez@eltrabajo.cl<\/strong><\/p>\n<figure id=\"attachment_70457\" aria-describedby=\"caption-attachment-70457\" style=\"width: 530px\" class=\"wp-caption alignnone\"><img data-recalc-dims=\"1\" loading=\"lazy\" decoding=\"async\" class=\"wp-image-70457 size-full\" src=\"https:\/\/i0.wp.com\/www.eltrabajo.cl\/portal\/wp-content\/uploads\/2016\/06\/Cocina1.jpg?resize=530%2C350\" alt=\"TODO EN ORDEN.- Diario El Trabajo fue invitado a realizar una inspecci\u00f3n por toda la cocina y bodega de alimentos.\" width=\"530\" height=\"350\" srcset=\"https:\/\/i0.wp.com\/eltrabajo.cl\/portal\/wp-content\/uploads\/2016\/06\/Cocina1.jpg?w=530&amp;ssl=1 530w, https:\/\/i0.wp.com\/eltrabajo.cl\/portal\/wp-content\/uploads\/2016\/06\/Cocina1.jpg?resize=200%2C132&amp;ssl=1 200w, https:\/\/i0.wp.com\/eltrabajo.cl\/portal\/wp-content\/uploads\/2016\/06\/Cocina1.jpg?resize=300%2C198&amp;ssl=1 300w, https:\/\/i0.wp.com\/eltrabajo.cl\/portal\/wp-content\/uploads\/2016\/06\/Cocina1.jpg?resize=227%2C150&amp;ssl=1 227w, https:\/\/i0.wp.com\/eltrabajo.cl\/portal\/wp-content\/uploads\/2016\/06\/Cocina1.jpg?resize=400%2C264&amp;ssl=1 400w\" sizes=\"auto, (max-width: 530px) 100vw, 530px\" \/><figcaption id=\"caption-attachment-70457\" class=\"wp-caption-text\">TODO EN ORDEN.- Diario El Trabajo fue invitado a realizar una inspecci\u00f3n por toda la cocina y bodega de alimentos.<\/figcaption><\/figure>\n<figure id=\"attachment_70458\" aria-describedby=\"caption-attachment-70458\" style=\"width: 528px\" class=\"wp-caption alignnone\"><img data-recalc-dims=\"1\" loading=\"lazy\" decoding=\"async\" class=\"wp-image-70458 size-full\" src=\"https:\/\/i0.wp.com\/www.eltrabajo.cl\/portal\/wp-content\/uploads\/2016\/06\/Comedor1.jpg?resize=528%2C350\" alt=\"\u00bfPROBLEMA CONTROLADO?- Hasta los ni\u00f1os ya hab\u00edan reanudado el uso del comedor, aunque estuvo cerrado por dos d\u00edas.\" width=\"528\" height=\"350\" srcset=\"https:\/\/i0.wp.com\/eltrabajo.cl\/portal\/wp-content\/uploads\/2016\/06\/Comedor1.jpg?w=528&amp;ssl=1 528w, https:\/\/i0.wp.com\/eltrabajo.cl\/portal\/wp-content\/uploads\/2016\/06\/Comedor1.jpg?resize=200%2C133&amp;ssl=1 200w, https:\/\/i0.wp.com\/eltrabajo.cl\/portal\/wp-content\/uploads\/2016\/06\/Comedor1.jpg?resize=300%2C199&amp;ssl=1 300w, https:\/\/i0.wp.com\/eltrabajo.cl\/portal\/wp-content\/uploads\/2016\/06\/Comedor1.jpg?resize=226%2C150&amp;ssl=1 226w, https:\/\/i0.wp.com\/eltrabajo.cl\/portal\/wp-content\/uploads\/2016\/06\/Comedor1.jpg?resize=400%2C265&amp;ssl=1 400w\" sizes=\"auto, (max-width: 528px) 100vw, 528px\" \/><figcaption id=\"caption-attachment-70458\" class=\"wp-caption-text\">\u00bfPROBLEMA CONTROLADO?- Hasta los ni\u00f1os ya hab\u00edan reanudado el uso del comedor, aunque estuvo cerrado por dos d\u00edas.<\/figcaption><\/figure>\n<figure id=\"attachment_70459\" aria-describedby=\"caption-attachment-70459\" style=\"width: 530px\" class=\"wp-caption alignnone\"><img data-recalc-dims=\"1\" loading=\"lazy\" decoding=\"async\" class=\"wp-image-70459 size-full\" src=\"https:\/\/i0.wp.com\/www.eltrabajo.cl\/portal\/wp-content\/uploads\/2016\/06\/Inspeccion1.jpg?resize=530%2C350\" alt=\"BA\u00d1OS ASEADOS.- Las c\u00e1maras de nuestro medio tuvieron acceso a los ba\u00f1os de la escuela, en ese momento todo estaba impecablemente limpio.\" width=\"530\" height=\"350\" srcset=\"https:\/\/i0.wp.com\/eltrabajo.cl\/portal\/wp-content\/uploads\/2016\/06\/Inspeccion1.jpg?w=530&amp;ssl=1 530w, https:\/\/i0.wp.com\/eltrabajo.cl\/portal\/wp-content\/uploads\/2016\/06\/Inspeccion1.jpg?resize=200%2C132&amp;ssl=1 200w, https:\/\/i0.wp.com\/eltrabajo.cl\/portal\/wp-content\/uploads\/2016\/06\/Inspeccion1.jpg?resize=300%2C198&amp;ssl=1 300w, https:\/\/i0.wp.com\/eltrabajo.cl\/portal\/wp-content\/uploads\/2016\/06\/Inspeccion1.jpg?resize=227%2C150&amp;ssl=1 227w, https:\/\/i0.wp.com\/eltrabajo.cl\/portal\/wp-content\/uploads\/2016\/06\/Inspeccion1.jpg?resize=400%2C264&amp;ssl=1 400w\" sizes=\"auto, (max-width: 530px) 100vw, 530px\" \/><figcaption id=\"caption-attachment-70459\" class=\"wp-caption-text\">BA\u00d1OS ASEADOS.- Las c\u00e1maras de nuestro medio tuvieron acceso a los ba\u00f1os de la escuela, en ese momento todo estaba impecablemente limpio.<\/figcaption><\/figure>\n<figure id=\"attachment_70456\" aria-describedby=\"caption-attachment-70456\" style=\"width: 530px\" class=\"wp-caption alignleft\"><img data-recalc-dims=\"1\" loading=\"lazy\" decoding=\"async\" class=\"wp-image-70456 size-full\" src=\"https:\/\/i0.wp.com\/www.eltrabajo.cl\/portal\/wp-content\/uploads\/2016\/06\/Alimentos1.jpg?resize=530%2C348\" alt=\"ALIMENTOS SEGUROS.- La bodega de alimentos y los refrigeradores aparentan estar adecuadamente limpios.\" width=\"530\" height=\"348\" srcset=\"https:\/\/i0.wp.com\/eltrabajo.cl\/portal\/wp-content\/uploads\/2016\/06\/Alimentos1.jpg?w=530&amp;ssl=1 530w, https:\/\/i0.wp.com\/eltrabajo.cl\/portal\/wp-content\/uploads\/2016\/06\/Alimentos1.jpg?resize=200%2C131&amp;ssl=1 200w, https:\/\/i0.wp.com\/eltrabajo.cl\/portal\/wp-content\/uploads\/2016\/06\/Alimentos1.jpg?resize=300%2C197&amp;ssl=1 300w, https:\/\/i0.wp.com\/eltrabajo.cl\/portal\/wp-content\/uploads\/2016\/06\/Alimentos1.jpg?resize=228%2C150&amp;ssl=1 228w, https:\/\/i0.wp.com\/eltrabajo.cl\/portal\/wp-content\/uploads\/2016\/06\/Alimentos1.jpg?resize=400%2C263&amp;ssl=1 400w\" sizes=\"auto, (max-width: 530px) 100vw, 530px\" \/><figcaption id=\"caption-attachment-70456\" class=\"wp-caption-text\">ALIMENTOS SEGUROS.- La bodega de alimentos y los refrigeradores aparentan estar adecuadamente limpios.<\/figcaption><\/figure>\n<figure id=\"attachment_70454\" aria-describedby=\"caption-attachment-70454\" style=\"width: 300px\" class=\"wp-caption alignnone\"><img data-recalc-dims=\"1\" loading=\"lazy\" decoding=\"async\" class=\"wp-image-70454 size-medium\" src=\"https:\/\/i0.wp.com\/www.eltrabajo.cl\/portal\/wp-content\/uploads\/2016\/06\/Luis-Vera-300x197.jpg?resize=300%2C197\" alt=\"Luis Vera Gonz\u00e1lez, director del Liceo Manuel Mar\u00edn Fritis, de Putaendo.\" width=\"300\" height=\"197\" srcset=\"https:\/\/i0.wp.com\/eltrabajo.cl\/portal\/wp-content\/uploads\/2016\/06\/Luis-Vera.jpg?resize=300%2C197&amp;ssl=1 300w, https:\/\/i0.wp.com\/eltrabajo.cl\/portal\/wp-content\/uploads\/2016\/06\/Luis-Vera.jpg?resize=200%2C131&amp;ssl=1 200w, https:\/\/i0.wp.com\/eltrabajo.cl\/portal\/wp-content\/uploads\/2016\/06\/Luis-Vera.jpg?resize=228%2C150&amp;ssl=1 228w, https:\/\/i0.wp.com\/eltrabajo.cl\/portal\/wp-content\/uploads\/2016\/06\/Luis-Vera.jpg?resize=400%2C263&amp;ssl=1 400w, https:\/\/i0.wp.com\/eltrabajo.cl\/portal\/wp-content\/uploads\/2016\/06\/Luis-Vera.jpg?w=530&amp;ssl=1 530w\" sizes=\"auto, (max-width: 300px) 100vw, 300px\" \/><figcaption id=\"caption-attachment-70454\" class=\"wp-caption-text\">Luis Vera Gonz\u00e1lez, director del Liceo Manuel Mar\u00edn Fritis, de Putaendo.<\/figcaption><\/figure>\n","protected":false},"excerpt":{"rendered":"<p>PUTAENDO.&#8211; Una alerta de salubridad se activ\u00f3 este martes en las dependencias del Liceo Manuel Mar\u00edn Fritis, luego que se detectaran fecas de rat\u00f3n, lo que habr\u00eda generado la instauraci\u00f3n inmediata de&#8230;<\/p>\n","protected":false},"author":482,"featured_media":70457,"comment_status":"open","ping_status":"open","sticky":false,"template":"","format":"standard","meta":{"advanced_seo_description":"","jetpack_seo_html_title":"","jetpack_seo_noindex":false,"_jetpack_memberships_contains_paid_content":false,"footnotes":""},"categories":[15],"tags":[],"class_list":["post-70453","post","type-post","status-publish","format-standard","has-post-thumbnail","hentry","category-comunidad"],"jetpack_featured_media_url":"https:\/\/i0.wp.com\/eltrabajo.cl\/portal\/wp-content\/uploads\/2016\/06\/Cocina1.jpg?fit=530%2C350&ssl=1","jetpack_sharing_enabled":true,"jetpack_likes_enabled":true,"jetpack-related-posts":[],"_links":{"self":[{"href":"https:\/\/eltrabajo.cl\/portal\/wp-json\/wp\/v2\/posts\/70453","targetHints":{"allow":["GET"]}}],"collection":[{"href":"https:\/\/eltrabajo.cl\/portal\/wp-json\/wp\/v2\/posts"}],"about":[{"href":"https:\/\/eltrabajo.cl\/portal\/wp-json\/wp\/v2\/types\/post"}],"author":[{"embeddable":true,"href":"https:\/\/eltrabajo.cl\/portal\/wp-json\/wp\/v2\/users\/482"}],"replies":[{"embeddable":true,"href":"https:\/\/eltrabajo.cl\/portal\/wp-json\/wp\/v2\/comments?post=70453"}],"version-history":[{"count":0,"href":"https:\/\/eltrabajo.cl\/portal\/wp-json\/wp\/v2\/posts\/70453\/revisions"}],"wp:featuredmedia":[{"embeddable":true,"href":"https:\/\/eltrabajo.cl\/portal\/wp-json\/wp\/v2\/media\/70457"}],"wp:attachment":[{"href":"https:\/\/eltrabajo.cl\/portal\/wp-json\/wp\/v2\/media?parent=70453"}],"wp:term":[{"taxonomy":"category","embeddable":true,"href":"https:\/\/eltrabajo.cl\/portal\/wp-json\/wp\/v2\/categories?post=70453"},{"taxonomy":"post_tag","embeddable":true,"href":"https:\/\/eltrabajo.cl\/portal\/wp-json\/wp\/v2\/tags?post=70453"}],"curies":[{"name":"wp","href":"https:\/\/api.w.org\/{rel}","templated":true}]}}