{"id":70465,"date":"2016-06-03T10:24:11","date_gmt":"2016-06-03T14:24:11","guid":{"rendered":"http:\/\/www.eltrabajo.cl\/portal\/?p=70465"},"modified":"2016-06-03T10:24:11","modified_gmt":"2016-06-03T14:24:11","slug":"hoy-parte-juicio-oral-televisado-por-internet-por-muerte-de-relator-javier-munoz","status":"publish","type":"post","link":"https:\/\/eltrabajo.cl\/portal\/hoy-parte-juicio-oral-televisado-por-internet-por-muerte-de-relator-javier-munoz\/","title":{"rendered":"Hoy parte juicio oral televisado por internet por muerte de relator Javier Mu\u00f1oz"},"content":{"rendered":"<figure id=\"attachment_70467\" aria-describedby=\"caption-attachment-70467\" style=\"width: 300px\" class=\"wp-caption alignleft\"><img data-recalc-dims=\"1\" loading=\"lazy\" decoding=\"async\" class=\"wp-image-70467 size-medium\" src=\"https:\/\/i0.wp.com\/www.eltrabajo.cl\/portal\/wp-content\/uploads\/2016\/06\/DIEGO-VERA-PIZARRO-300x197.jpg?resize=300%2C197\" alt=\"Diego Vera Pizarro ser\u00e1 sometido a juicio el d\u00eda de hoy en el Tribunal Oral en Lo Penal de San Felipe.\" width=\"300\" height=\"197\" srcset=\"https:\/\/i0.wp.com\/eltrabajo.cl\/portal\/wp-content\/uploads\/2016\/06\/DIEGO-VERA-PIZARRO.jpg?resize=300%2C197&amp;ssl=1 300w, https:\/\/i0.wp.com\/eltrabajo.cl\/portal\/wp-content\/uploads\/2016\/06\/DIEGO-VERA-PIZARRO.jpg?resize=200%2C131&amp;ssl=1 200w, https:\/\/i0.wp.com\/eltrabajo.cl\/portal\/wp-content\/uploads\/2016\/06\/DIEGO-VERA-PIZARRO.jpg?resize=228%2C150&amp;ssl=1 228w, https:\/\/i0.wp.com\/eltrabajo.cl\/portal\/wp-content\/uploads\/2016\/06\/DIEGO-VERA-PIZARRO.jpg?resize=400%2C263&amp;ssl=1 400w, https:\/\/i0.wp.com\/eltrabajo.cl\/portal\/wp-content\/uploads\/2016\/06\/DIEGO-VERA-PIZARRO.jpg?w=530&amp;ssl=1 530w\" sizes=\"auto, (max-width: 300px) 100vw, 300px\" \/><figcaption id=\"caption-attachment-70467\" class=\"wp-caption-text\">Diego Vera Pizarro ser\u00e1 sometido a juicio el d\u00eda de hoy en el Tribunal Oral en Lo Penal de San Felipe.<\/figcaption><\/figure>\n<ul>\n<li><strong>Diego Vera Pizarro, imputado por este grave accidente de tr\u00e1nsito con resultado de muerte, ser\u00e1 sometido a juicio a partir de las 09:00 horas de hoy viernes en la sala del Tribunal Oral en Lo Penal de San Felipe.<\/strong><\/li>\n<\/ul>\n<p>\u201cEstamos con la esperanza de que este muchacho reciba el castigo que se merece por lo que hizo, confiando en Dios y en la justicia que de alguna manera se haga lo que se tenga que hacer\u201d, con estas palabras Nancy Delgado, madre del relator Javier Mu\u00f1oz, inicia una entrevista concedida a Diario El Trabajo, a minutos de comenzar el juicio oral el d\u00eda de hoy por la muerte de su hijo fallecido en un tr\u00e1gico accidente automovil\u00edstico el 29 de agosto de 2015.<br \/>\nLa progenitora del querido relator deportivo del Canal de F\u00fatbol, recalc\u00f3 que espera en definitiva que tras la muerte de su hijo, sirva de ejemplo a la ciudadan\u00eda de las tr\u00e1gicas consecuencias que se obtienen por conducir un veh\u00edculo en estado de ebriedad, enlutando a una familia por la p\u00e9rdida de un ser querido.<br \/>\n\u201cHa pasado tanto tiempo y uno igual sufre sin saber qu\u00e9 es lo que va pasar, haga lo que se haga a mi hijo, al esposo, al pap\u00e1, el hermano nunca lo van a devolver. En este tipo de cosas lo que uno espera es que se haga justicia. Todas estas cosas que pasan le sirvan de escarmiento a los j\u00f3venes que son los que mayormente cometen este tipo de cosas\u201d.<br \/>\n<strong>&#8211; \u00bfQu\u00e9 es lo que vislumbra a horas del comienzo del juicio?<\/strong><br \/>\n<strong>&#8211;<\/strong> Lo que se ha sabido es que, a este muchacho por la Ley Emilia le corresponde un a\u00f1o de c\u00e1rcel y lo cumple ahora en septiembre y despu\u00e9s quedar\u00eda en libertad, depende la condena que se dicte por el juicio que empieza ma\u00f1ana (hoy). Entonces no ser\u00edan m\u00e1s de cinco a\u00f1os que los cumplir\u00eda en su casa y uno sabe que cuando dan este tipo de condenas con arresto domiciliario, los tipos siguen haciendo de las suyas, nadie los controla, nadie los vigila. Nos duele que \u00e9l haya andado en exceso de velocidad en su veh\u00edculo con una cantidad de alcohol en el cuerpo, \u00e9l nunca asumi\u00f3 en las condiciones que estaba no deb\u00eda haberlo hecho, porque como j\u00f3venes son irresponsables, no asumen las consecuencias que pueden provocar (\u2026) le quitan la vida a gente que no tendr\u00eda por qu\u00e9 perderla, mi hijo ven\u00eda de su trabajo, no ven\u00eda exceso de velocidad, no ven\u00eda con alcohol en el cuerpo.<br \/>\n<strong>&#8211; \u00bfCree que se haga justicia?<\/strong><br \/>\n<strong>&#8211;<\/strong> No hay justicia en este pa\u00eds, alargan tanto, van dejando pasar el tiempo y se llega a todo esto, entonces no se hace realmente justicia. Ahora todo depende del juez, el trabajo del fiscal, los abogados que ellos est\u00e1n haciendo la pega lo mejor posible y peleando porque todo salga bien.<\/p>\n<p><strong>JUICIO TELEVISADO<\/strong><br \/>\nEl debate entre los intervinientes durante este juicio que se iniciar\u00e1 hoy a partir de las 09:00 horas, ser\u00e1 transmitido v\u00eda por el canal del Poder Judicial, siendo el primer caso que se transmite debido a la conmoci\u00f3n que caus\u00f3.<br \/>\nComo se recordar\u00e1, la tragedia ocurri\u00f3 el 29 de agosto de 2015, cuando Javier Mu\u00f1oz conduc\u00eda su veh\u00edculo por la ruta 60 CH a eso de las 03:00 de la madrugada, siendo impactado por el veh\u00edculo conducido por Diego Esteban Vera Pizarro, que guiaba su m\u00f3vil en estado de ebriedad traspasando el eje de la calzada a m\u00e1s de 150 kil\u00f3metros por hora, estrell\u00e1ndose violentamente contra el veh\u00edculo donde viajaba Javier, quedando ambos m\u00f3viles pr\u00e1cticamente desintegrados por el violento choque.<br \/>\nDesde esa fecha, el imputado Vera Pizarro se ha mantenido en prisi\u00f3n preventiva tras los fallidos intentos de la Defensa que persegu\u00edan que el tribunal rebajara esta cautelar por arresto domiciliario, siendo rechazada por el juez de garant\u00eda.<br \/>\nLa muerte de Javier Mu\u00f1oz ha calado hondo entre sus familiares, esposa e hijas, traspasando el dolor por su repentina p\u00e9rdida, a sus innumerables amigos y compa\u00f1eros de trabajo en San Felipe y en Santiago. Su destacada labor en el \u00e1mbito deportivo, lo llev\u00f3 a ocupar una gran tribuna en las comunicaciones, haci\u00e9ndose un espacio como relator deportivo a nivel nacional e internacional, cautivando a un p\u00fablico que lament\u00f3 su horrible tragedia.<br \/>\n<strong>Pablo Salinas Sald\u00edas<\/strong><\/p>\n<figure id=\"attachment_70466\" aria-describedby=\"caption-attachment-70466\" style=\"width: 530px\" class=\"wp-caption alignnone\"><img data-recalc-dims=\"1\" loading=\"lazy\" decoding=\"async\" class=\"wp-image-70466 size-full\" src=\"https:\/\/i0.wp.com\/www.eltrabajo.cl\/portal\/wp-content\/uploads\/2016\/06\/NANCY-DELGADO.jpg?resize=530%2C350\" alt=\"Nancy Delgado, madre de Javier Mu\u00f1oz.\" width=\"530\" height=\"350\" srcset=\"https:\/\/i0.wp.com\/eltrabajo.cl\/portal\/wp-content\/uploads\/2016\/06\/NANCY-DELGADO.jpg?w=530&amp;ssl=1 530w, https:\/\/i0.wp.com\/eltrabajo.cl\/portal\/wp-content\/uploads\/2016\/06\/NANCY-DELGADO.jpg?resize=200%2C132&amp;ssl=1 200w, https:\/\/i0.wp.com\/eltrabajo.cl\/portal\/wp-content\/uploads\/2016\/06\/NANCY-DELGADO.jpg?resize=300%2C198&amp;ssl=1 300w, https:\/\/i0.wp.com\/eltrabajo.cl\/portal\/wp-content\/uploads\/2016\/06\/NANCY-DELGADO.jpg?resize=227%2C150&amp;ssl=1 227w, https:\/\/i0.wp.com\/eltrabajo.cl\/portal\/wp-content\/uploads\/2016\/06\/NANCY-DELGADO.jpg?resize=400%2C264&amp;ssl=1 400w\" sizes=\"auto, (max-width: 530px) 100vw, 530px\" \/><figcaption id=\"caption-attachment-70466\" class=\"wp-caption-text\">Nancy Delgado, madre de Javier Mu\u00f1oz.<\/figcaption><\/figure>\n","protected":false},"excerpt":{"rendered":"<p>Diego Vera Pizarro, imputado por este grave accidente de tr\u00e1nsito con resultado de muerte, ser\u00e1 sometido a juicio a partir de las 09:00 horas de hoy viernes en la sala del Tribunal&#8230;<\/p>\n","protected":false},"author":482,"featured_media":70467,"comment_status":"open","ping_status":"open","sticky":false,"template":"","format":"standard","meta":{"advanced_seo_description":"","jetpack_seo_html_title":"","jetpack_seo_noindex":false,"_jetpack_memberships_contains_paid_content":false,"footnotes":""},"categories":[21],"tags":[],"class_list":["post-70465","post","type-post","status-publish","format-standard","has-post-thumbnail","hentry","category-policial"],"jetpack_featured_media_url":"https:\/\/i0.wp.com\/eltrabajo.cl\/portal\/wp-content\/uploads\/2016\/06\/DIEGO-VERA-PIZARRO.jpg?fit=530%2C348&ssl=1","jetpack_sharing_enabled":true,"jetpack_likes_enabled":true,"jetpack-related-posts":[],"_links":{"self":[{"href":"https:\/\/eltrabajo.cl\/portal\/wp-json\/wp\/v2\/posts\/70465","targetHints":{"allow":["GET"]}}],"collection":[{"href":"https:\/\/eltrabajo.cl\/portal\/wp-json\/wp\/v2\/posts"}],"about":[{"href":"https:\/\/eltrabajo.cl\/portal\/wp-json\/wp\/v2\/types\/post"}],"author":[{"embeddable":true,"href":"https:\/\/eltrabajo.cl\/portal\/wp-json\/wp\/v2\/users\/482"}],"replies":[{"embeddable":true,"href":"https:\/\/eltrabajo.cl\/portal\/wp-json\/wp\/v2\/comments?post=70465"}],"version-history":[{"count":0,"href":"https:\/\/eltrabajo.cl\/portal\/wp-json\/wp\/v2\/posts\/70465\/revisions"}],"wp:featuredmedia":[{"embeddable":true,"href":"https:\/\/eltrabajo.cl\/portal\/wp-json\/wp\/v2\/media\/70467"}],"wp:attachment":[{"href":"https:\/\/eltrabajo.cl\/portal\/wp-json\/wp\/v2\/media?parent=70465"}],"wp:term":[{"taxonomy":"category","embeddable":true,"href":"https:\/\/eltrabajo.cl\/portal\/wp-json\/wp\/v2\/categories?post=70465"},{"taxonomy":"post_tag","embeddable":true,"href":"https:\/\/eltrabajo.cl\/portal\/wp-json\/wp\/v2\/tags?post=70465"}],"curies":[{"name":"wp","href":"https:\/\/api.w.org\/{rel}","templated":true}]}}