{"id":70471,"date":"2016-06-03T10:26:29","date_gmt":"2016-06-03T14:26:29","guid":{"rendered":"http:\/\/www.eltrabajo.cl\/portal\/?p=70471"},"modified":"2016-06-03T10:26:29","modified_gmt":"2016-06-03T14:26:29","slug":"pistolero-condenado-a-seis-anos-de-carcel-por-intento-de-homicidio-a-un-hombre-y-un-carabinero","status":"publish","type":"post","link":"https:\/\/eltrabajo.cl\/portal\/pistolero-condenado-a-seis-anos-de-carcel-por-intento-de-homicidio-a-un-hombre-y-un-carabinero\/","title":{"rendered":"Pistolero condenado a seis a\u00f1os de c\u00e1rcel por intento de homicidio a un hombre y un carabinero"},"content":{"rendered":"<figure id=\"attachment_70472\" aria-describedby=\"caption-attachment-70472\" style=\"width: 300px\" class=\"wp-caption alignleft\"><img data-recalc-dims=\"1\" loading=\"lazy\" decoding=\"async\" class=\"wp-image-70472 size-medium\" src=\"https:\/\/i0.wp.com\/www.eltrabajo.cl\/portal\/wp-content\/uploads\/2016\/06\/MILKO-MOLINA-300x198.jpg?resize=300%2C198\" alt=\"A seis a\u00f1os tras las rejas fue sentenciado Milko Molina Gonz\u00e1lez por el Tribunal Oral en Lo Penal de San Felipe.\" width=\"300\" height=\"198\" srcset=\"https:\/\/i0.wp.com\/eltrabajo.cl\/portal\/wp-content\/uploads\/2016\/06\/MILKO-MOLINA.jpg?resize=300%2C198&amp;ssl=1 300w, https:\/\/i0.wp.com\/eltrabajo.cl\/portal\/wp-content\/uploads\/2016\/06\/MILKO-MOLINA.jpg?resize=200%2C132&amp;ssl=1 200w, https:\/\/i0.wp.com\/eltrabajo.cl\/portal\/wp-content\/uploads\/2016\/06\/MILKO-MOLINA.jpg?resize=228%2C150&amp;ssl=1 228w, https:\/\/i0.wp.com\/eltrabajo.cl\/portal\/wp-content\/uploads\/2016\/06\/MILKO-MOLINA.jpg?resize=400%2C263&amp;ssl=1 400w, https:\/\/i0.wp.com\/eltrabajo.cl\/portal\/wp-content\/uploads\/2016\/06\/MILKO-MOLINA.jpg?w=530&amp;ssl=1 530w\" sizes=\"auto, (max-width: 300px) 100vw, 300px\" \/><figcaption id=\"caption-attachment-70472\" class=\"wp-caption-text\">A seis a\u00f1os tras las rejas fue sentenciado Milko Molina Gonz\u00e1lez por el Tribunal Oral en Lo Penal de San Felipe.<\/figcaption><\/figure>\n<ul>\n<li><strong>El uniformado redujo al antisocial tras haber disparado contra un hombre con quien manten\u00eda cuentas pendientes. Asimismo, el carabinero salv\u00f3 ileso luego que el antisocial, tras desenfundar y disparar su arma, el proyectil no logr\u00f3 percutarse.<\/strong><\/li>\n<\/ul>\n<p>Sentenciando a cumplir seis a\u00f1os tras las rejas, fue el dictamen judicial emitido por el Tribunal Oral en Lo Penal de San Felipe, en contra de Milko Dami\u00e1n Molina Gonz\u00e1lez de 19 a\u00f1os de edad, tras haber disparado un arma de fuego en contra de una v\u00edctima en las cercan\u00edas del puente El Rey de esta comuna, sin lograr herirlo tras la oportuna intervenci\u00f3n de un carabinero que redujo al delincuente.<br \/>\nLas pruebas rendidas en juicio que elev\u00f3 la Fiscal\u00eda, demostraron que el d\u00eda 10 de abril del 2015, el actual sentenciado transitaba por las afueras del servicentro Shell en avenida Manso de Velasco de San Felipe. En ese lugar se habr\u00eda encontrado con la v\u00edctima con quien manten\u00eda rencillas anteriores, gener\u00e1ndose una discusi\u00f3n entre ambos.<br \/>\nLa acusaci\u00f3n del Ministerio P\u00fablico, se refiere a que Molina se habr\u00eda retirado del sitio del suceso para dirigirse hasta su vivienda y regresar movilizado en una moto premunido de un rev\u00f3lver para enfrentar a su v\u00edctima, a quien dispar\u00f3 en al menos dos ocasiones sin lograr que estos proyectiles se alojaran en su cuerpo.<br \/>\nMientras se desarrollaba este grave enfrentamiento, el carabinero Pablo Gallardo G\u00f3mez, que se encontraba a metros del lugar esperando locomoci\u00f3n colectiva, intervino abalanz\u00e1ndose sobre el pistolero quien dispar\u00f3 su arma sobre el uniformado sin lograr herirlo debido a que el proyectil no se habr\u00eda percutado del armamento.<br \/>\n\u201cEl carabinero logra reducir al imputado mientras otros transe\u00fantes llaman a la patrulla de Carabineros, al ser esposado se logra recuperar un rev\u00f3lver calibre 32 con tres vainillas percutadas\u201d, asever\u00f3 el Fiscal Julio Palacios Bobadilla a Diario El Trabajo.<br \/>\nTras ser sometido a juicio oral, Milko Molina Gonz\u00e1lez fue condenado por la terna de jueces del tribunal a cumplir la pena de tres a\u00f1os y un d\u00eda de presidio por el delito de homicidio frustrado, adem\u00e1s de ser culpable del delito de tenencia ilegal de arma de fuego sentenciado a tres a\u00f1os y un d\u00eda adicionales.<br \/>\nEl persecutor manifest\u00f3 su conformidad con la decisi\u00f3n del tribunal se\u00f1alando que \u201cse encuentra ajustada a derecho\u201d.<br \/>\n<strong>Pablo Salinas Sald\u00edas<\/strong><\/p>\n","protected":false},"excerpt":{"rendered":"<p>El uniformado redujo al antisocial tras haber disparado contra un hombre con quien manten\u00eda cuentas pendientes. Asimismo, el carabinero salv\u00f3 ileso luego que el antisocial, tras desenfundar y disparar su arma, el&#8230;<\/p>\n","protected":false},"author":482,"featured_media":70472,"comment_status":"open","ping_status":"open","sticky":false,"template":"","format":"standard","meta":{"advanced_seo_description":"","jetpack_seo_html_title":"","jetpack_seo_noindex":false,"_jetpack_memberships_contains_paid_content":false,"footnotes":""},"categories":[21],"tags":[],"class_list":["post-70471","post","type-post","status-publish","format-standard","has-post-thumbnail","hentry","category-policial"],"jetpack_featured_media_url":"https:\/\/i0.wp.com\/eltrabajo.cl\/portal\/wp-content\/uploads\/2016\/06\/MILKO-MOLINA.jpg?fit=530%2C349&ssl=1","jetpack_sharing_enabled":true,"jetpack_likes_enabled":true,"jetpack-related-posts":[],"_links":{"self":[{"href":"https:\/\/eltrabajo.cl\/portal\/wp-json\/wp\/v2\/posts\/70471","targetHints":{"allow":["GET"]}}],"collection":[{"href":"https:\/\/eltrabajo.cl\/portal\/wp-json\/wp\/v2\/posts"}],"about":[{"href":"https:\/\/eltrabajo.cl\/portal\/wp-json\/wp\/v2\/types\/post"}],"author":[{"embeddable":true,"href":"https:\/\/eltrabajo.cl\/portal\/wp-json\/wp\/v2\/users\/482"}],"replies":[{"embeddable":true,"href":"https:\/\/eltrabajo.cl\/portal\/wp-json\/wp\/v2\/comments?post=70471"}],"version-history":[{"count":0,"href":"https:\/\/eltrabajo.cl\/portal\/wp-json\/wp\/v2\/posts\/70471\/revisions"}],"wp:featuredmedia":[{"embeddable":true,"href":"https:\/\/eltrabajo.cl\/portal\/wp-json\/wp\/v2\/media\/70472"}],"wp:attachment":[{"href":"https:\/\/eltrabajo.cl\/portal\/wp-json\/wp\/v2\/media?parent=70471"}],"wp:term":[{"taxonomy":"category","embeddable":true,"href":"https:\/\/eltrabajo.cl\/portal\/wp-json\/wp\/v2\/categories?post=70471"},{"taxonomy":"post_tag","embeddable":true,"href":"https:\/\/eltrabajo.cl\/portal\/wp-json\/wp\/v2\/tags?post=70471"}],"curies":[{"name":"wp","href":"https:\/\/api.w.org\/{rel}","templated":true}]}}