{"id":70475,"date":"2016-06-06T09:05:24","date_gmt":"2016-06-06T13:05:24","guid":{"rendered":"http:\/\/www.eltrabajo.cl\/portal\/?p=70475"},"modified":"2016-06-06T09:05:24","modified_gmt":"2016-06-06T13:05:24","slug":"ofrecen-carrera-tecnico-profesional-totalmente-gratis-en-llay-llay","status":"publish","type":"post","link":"https:\/\/eltrabajo.cl\/portal\/ofrecen-carrera-tecnico-profesional-totalmente-gratis-en-llay-llay\/","title":{"rendered":"Ofrecen carrera t\u00e9cnico profesional totalmente gratis en Llay Llay"},"content":{"rendered":"<p><strong>Cupos para estudiar una carrera t\u00e9cnico profesional cien por ciento gratis y una subvenci\u00f3n mensual de hasta 80 mil pesos, est\u00e1n disponibles para vecinos en la municipalidad.<\/strong><\/p>\n<p><strong>LLAY LLAY.-<\/strong> La propuesta educacional, fue presentada al alcalde Mario Marillanca, por el director de la Universidad de Aconcagua (UAC) sede Los Andes, Rodrigo P\u00e1ez.<br \/>\nEl alcalde agradeci\u00f3, la oportunidad que entrega el programa \u2018M\u00e1s Capaz\u2019 de Sence y la UAC, con la oferta educacional que permite formar nuevos profesionales.<br \/>\nPor su parte, el director P\u00e1ez explic\u00f3 que, el puntapi\u00e9 inicial de la carrera se hace v\u00eda el programa M\u00e1s Capaz de Sence, y que los estudiantes pueden elegir entre \u201cperforaci\u00f3n en tronadura o ventilaci\u00f3n en mina, las cuales derivan en carrera t\u00e9cnico universitario, t\u00e9cnico en minas, el otro programa m\u00e1s capaz es operador de planta metal\u00fargica que termina en la carrera t\u00e9cnico universitaria de t\u00e9cnico en metalurgia\u201d.<br \/>\nLos requisitos para acceder a ellos \u201cson pertenecer al 60 por ciento m\u00e1s vulnerables de la poblaci\u00f3n, estar en el grupo et\u00e1reo de hombres de entre 18 a 29 a\u00f1os, mujeres desde 18 a 65 a\u00f1os y tener un m\u00e1ximo de 6 cotizaciones en los \u00faltimos 12 meses\u201d, indic\u00f3 Monserrat P\u00e9rez, la asistente social que atiende en la \u2018casita de madera\u2019 del municipio y, con quien pueden inscribirse presentando la ficha de protecci\u00f3n social, el certificado de cotizaciones y la c\u00e9dula de identidad.<br \/>\n<strong>Marianela Quevedo<\/strong><\/p>\n<figure id=\"attachment_70476\" aria-describedby=\"caption-attachment-70476\" style=\"width: 530px\" class=\"wp-caption alignleft\"><a href=\"http:\/\/www.eltrabajo.cl\/portal\/ofrecen-carrera-tecnico-profesional-totalmente-gratis-en-llay-llay\/reunion-alcalde-director-monserrat-perez\/\" rel=\"attachment wp-att-70476\"><img data-recalc-dims=\"1\" loading=\"lazy\" decoding=\"async\" class=\"size-full wp-image-70476\" src=\"https:\/\/i0.wp.com\/www.eltrabajo.cl\/portal\/wp-content\/uploads\/2016\/06\/REUNION-aLCALDE-dIRECTOR-MONSERRAT-PeREZ.jpg?resize=530%2C350\" alt=\"La propuesta educacional, fue presentada al alcalde Mario Marillanca, por el director de la Universidad de Aconcagua (UAC) sede Los Andes, Rodrigo P\u00e1ez.\" width=\"530\" height=\"350\" srcset=\"https:\/\/i0.wp.com\/eltrabajo.cl\/portal\/wp-content\/uploads\/2016\/06\/REUNION-aLCALDE-dIRECTOR-MONSERRAT-PeREZ.jpg?w=530&amp;ssl=1 530w, https:\/\/i0.wp.com\/eltrabajo.cl\/portal\/wp-content\/uploads\/2016\/06\/REUNION-aLCALDE-dIRECTOR-MONSERRAT-PeREZ.jpg?resize=200%2C132&amp;ssl=1 200w, https:\/\/i0.wp.com\/eltrabajo.cl\/portal\/wp-content\/uploads\/2016\/06\/REUNION-aLCALDE-dIRECTOR-MONSERRAT-PeREZ.jpg?resize=300%2C198&amp;ssl=1 300w, https:\/\/i0.wp.com\/eltrabajo.cl\/portal\/wp-content\/uploads\/2016\/06\/REUNION-aLCALDE-dIRECTOR-MONSERRAT-PeREZ.jpg?resize=227%2C150&amp;ssl=1 227w, https:\/\/i0.wp.com\/eltrabajo.cl\/portal\/wp-content\/uploads\/2016\/06\/REUNION-aLCALDE-dIRECTOR-MONSERRAT-PeREZ.jpg?resize=400%2C264&amp;ssl=1 400w\" sizes=\"auto, (max-width: 530px) 100vw, 530px\" \/><\/a><figcaption id=\"caption-attachment-70476\" class=\"wp-caption-text\">La propuesta educacional, fue presentada al alcalde Mario Marillanca, por el director de la Universidad de Aconcagua (UAC) sede Los Andes, Rodrigo P\u00e1ez.<\/figcaption><\/figure>\n","protected":false},"excerpt":{"rendered":"<p>Cupos para estudiar una carrera t\u00e9cnico profesional cien por ciento gratis y una subvenci\u00f3n mensual de hasta 80 mil pesos, est\u00e1n disponibles para vecinos en la municipalidad. LLAY LLAY.- La propuesta educacional,&#8230;<\/p>\n","protected":false},"author":1,"featured_media":70476,"comment_status":"open","ping_status":"open","sticky":false,"template":"","format":"standard","meta":{"advanced_seo_description":"","jetpack_seo_html_title":"","jetpack_seo_noindex":false,"_jetpack_memberships_contains_paid_content":false,"footnotes":""},"categories":[1],"tags":[],"class_list":["post-70475","post","type-post","status-publish","format-standard","has-post-thumbnail","hentry","category-cronica"],"jetpack_featured_media_url":"https:\/\/i0.wp.com\/eltrabajo.cl\/portal\/wp-content\/uploads\/2016\/06\/REUNION-aLCALDE-dIRECTOR-MONSERRAT-PeREZ.jpg?fit=530%2C350&ssl=1","jetpack_sharing_enabled":true,"jetpack_likes_enabled":true,"jetpack-related-posts":[],"_links":{"self":[{"href":"https:\/\/eltrabajo.cl\/portal\/wp-json\/wp\/v2\/posts\/70475","targetHints":{"allow":["GET"]}}],"collection":[{"href":"https:\/\/eltrabajo.cl\/portal\/wp-json\/wp\/v2\/posts"}],"about":[{"href":"https:\/\/eltrabajo.cl\/portal\/wp-json\/wp\/v2\/types\/post"}],"author":[{"embeddable":true,"href":"https:\/\/eltrabajo.cl\/portal\/wp-json\/wp\/v2\/users\/1"}],"replies":[{"embeddable":true,"href":"https:\/\/eltrabajo.cl\/portal\/wp-json\/wp\/v2\/comments?post=70475"}],"version-history":[{"count":0,"href":"https:\/\/eltrabajo.cl\/portal\/wp-json\/wp\/v2\/posts\/70475\/revisions"}],"wp:featuredmedia":[{"embeddable":true,"href":"https:\/\/eltrabajo.cl\/portal\/wp-json\/wp\/v2\/media\/70476"}],"wp:attachment":[{"href":"https:\/\/eltrabajo.cl\/portal\/wp-json\/wp\/v2\/media?parent=70475"}],"wp:term":[{"taxonomy":"category","embeddable":true,"href":"https:\/\/eltrabajo.cl\/portal\/wp-json\/wp\/v2\/categories?post=70475"},{"taxonomy":"post_tag","embeddable":true,"href":"https:\/\/eltrabajo.cl\/portal\/wp-json\/wp\/v2\/tags?post=70475"}],"curies":[{"name":"wp","href":"https:\/\/api.w.org\/{rel}","templated":true}]}}