{"id":70487,"date":"2016-06-06T09:12:46","date_gmt":"2016-06-06T13:12:46","guid":{"rendered":"http:\/\/www.eltrabajo.cl\/portal\/?p=70487"},"modified":"2016-06-06T09:12:46","modified_gmt":"2016-06-06T13:12:46","slug":"parten-heladas-temperaturas-oscilaran-entre-1-y-3-grados-la-minima","status":"publish","type":"post","link":"https:\/\/eltrabajo.cl\/portal\/parten-heladas-temperaturas-oscilaran-entre-1-y-3-grados-la-minima\/","title":{"rendered":"Parten heladas: Temperaturas oscilar\u00e1n entre \u00a0-1 y -3 grados la m\u00ednima"},"content":{"rendered":"<p>La direcci\u00f3n meteorol\u00f3gica de Chile pronostic\u00f3 \u2018temperaturas bajo 0\u2019 para el d\u00eda de hoy y de ma\u00f1ana martes, en toda la zona central del pa\u00eds, iniciando desde Antofagasta, hasta la regi\u00f3n de O\u2019Higgins, producto del sistema frontal reci\u00e9n pasado.<br \/>\nSeg\u00fan el organismo, las temperaturas oscilaran entre los -1 y -3 grados la m\u00ednima, y precisamente en nuestro Valle de Aconcagua, no superar\u00edan los 14 grados.<br \/>\nLas heladas locales, no dar\u00e1n tregua a los aconcag\u00fcinos, por lo que se hace imperativo, tomar ciertos resguardos, para que este invierno, no nos pase la cuenta.<br \/>\nEl jefe de la Direcci\u00f3n y Monitoreo de la Direcci\u00f3n meteorol\u00f3gica de Chile, Arnaldo Z\u00fa\u00f1iga, asegur\u00f3 que luego del sistema frontal pasado, se da paso a una estabilizaci\u00f3n atmosf\u00e9rica, por lo que aquello da inicio a las \u2018temibles bajas temperaturas\u2019.<\/p>\n<figure id=\"attachment_70488\" aria-describedby=\"caption-attachment-70488\" style=\"width: 530px\" class=\"wp-caption alignleft\"><a href=\"http:\/\/www.eltrabajo.cl\/portal\/parten-heladas-temperaturas-oscilaran-entre-1-y-3-grados-la-minima\/heladas1\/\" rel=\"attachment wp-att-70488\"><img data-recalc-dims=\"1\" loading=\"lazy\" decoding=\"async\" class=\"size-full wp-image-70488\" src=\"https:\/\/i0.wp.com\/www.eltrabajo.cl\/portal\/wp-content\/uploads\/2016\/06\/heladas1.jpg?resize=530%2C350\" alt=\"Ola de fr\u00edo no dar\u00e1 tregua.- (foto referencial)\" width=\"530\" height=\"350\" srcset=\"https:\/\/i0.wp.com\/eltrabajo.cl\/portal\/wp-content\/uploads\/2016\/06\/heladas1.jpg?w=530&amp;ssl=1 530w, https:\/\/i0.wp.com\/eltrabajo.cl\/portal\/wp-content\/uploads\/2016\/06\/heladas1.jpg?resize=200%2C132&amp;ssl=1 200w, https:\/\/i0.wp.com\/eltrabajo.cl\/portal\/wp-content\/uploads\/2016\/06\/heladas1.jpg?resize=300%2C198&amp;ssl=1 300w, https:\/\/i0.wp.com\/eltrabajo.cl\/portal\/wp-content\/uploads\/2016\/06\/heladas1.jpg?resize=227%2C150&amp;ssl=1 227w, https:\/\/i0.wp.com\/eltrabajo.cl\/portal\/wp-content\/uploads\/2016\/06\/heladas1.jpg?resize=400%2C264&amp;ssl=1 400w\" sizes=\"auto, (max-width: 530px) 100vw, 530px\" \/><\/a><figcaption id=\"caption-attachment-70488\" class=\"wp-caption-text\">Ola de fr\u00edo no dar\u00e1 tregua.- (foto referencial)<\/figcaption><\/figure>\n","protected":false},"excerpt":{"rendered":"<p>La direcci\u00f3n meteorol\u00f3gica de Chile pronostic\u00f3 \u2018temperaturas bajo 0\u2019 para el d\u00eda de hoy y de ma\u00f1ana martes, en toda la zona central del pa\u00eds, iniciando desde Antofagasta, hasta la regi\u00f3n de&#8230;<\/p>\n","protected":false},"author":1,"featured_media":70488,"comment_status":"open","ping_status":"open","sticky":false,"template":"","format":"standard","meta":{"advanced_seo_description":"","jetpack_seo_html_title":"","jetpack_seo_noindex":false,"_jetpack_memberships_contains_paid_content":false,"footnotes":""},"categories":[1],"tags":[],"class_list":["post-70487","post","type-post","status-publish","format-standard","has-post-thumbnail","hentry","category-cronica"],"jetpack_featured_media_url":"https:\/\/i0.wp.com\/eltrabajo.cl\/portal\/wp-content\/uploads\/2016\/06\/heladas1.jpg?fit=530%2C350&ssl=1","jetpack_sharing_enabled":true,"jetpack_likes_enabled":true,"jetpack-related-posts":[],"_links":{"self":[{"href":"https:\/\/eltrabajo.cl\/portal\/wp-json\/wp\/v2\/posts\/70487","targetHints":{"allow":["GET"]}}],"collection":[{"href":"https:\/\/eltrabajo.cl\/portal\/wp-json\/wp\/v2\/posts"}],"about":[{"href":"https:\/\/eltrabajo.cl\/portal\/wp-json\/wp\/v2\/types\/post"}],"author":[{"embeddable":true,"href":"https:\/\/eltrabajo.cl\/portal\/wp-json\/wp\/v2\/users\/1"}],"replies":[{"embeddable":true,"href":"https:\/\/eltrabajo.cl\/portal\/wp-json\/wp\/v2\/comments?post=70487"}],"version-history":[{"count":0,"href":"https:\/\/eltrabajo.cl\/portal\/wp-json\/wp\/v2\/posts\/70487\/revisions"}],"wp:featuredmedia":[{"embeddable":true,"href":"https:\/\/eltrabajo.cl\/portal\/wp-json\/wp\/v2\/media\/70488"}],"wp:attachment":[{"href":"https:\/\/eltrabajo.cl\/portal\/wp-json\/wp\/v2\/media?parent=70487"}],"wp:term":[{"taxonomy":"category","embeddable":true,"href":"https:\/\/eltrabajo.cl\/portal\/wp-json\/wp\/v2\/categories?post=70487"},{"taxonomy":"post_tag","embeddable":true,"href":"https:\/\/eltrabajo.cl\/portal\/wp-json\/wp\/v2\/tags?post=70487"}],"curies":[{"name":"wp","href":"https:\/\/api.w.org\/{rel}","templated":true}]}}