{"id":70491,"date":"2016-06-06T09:17:53","date_gmt":"2016-06-06T13:17:53","guid":{"rendered":"http:\/\/www.eltrabajo.cl\/portal\/?p=70491"},"modified":"2016-06-06T09:17:53","modified_gmt":"2016-06-06T13:17:53","slug":"se-acabo-la-sequia-superavit-de-955-mm-dejo-ultimo-frente-de-mal-tiempo","status":"publish","type":"post","link":"https:\/\/eltrabajo.cl\/portal\/se-acabo-la-sequia-superavit-de-955-mm-dejo-ultimo-frente-de-mal-tiempo\/","title":{"rendered":"Se acab\u00f3 la sequ\u00eda: Super\u00e1vit de 95,5 mm dej\u00f3 \u00faltimo frente de mal tiempo"},"content":{"rendered":"<p>Pese a que oficialmente, a\u00fan no estamos en invierno, pareciera que al clima no le importaran las reglas del calendario humano, pues en las \u00faltimas semanas se ha comportado como \u2018un ni\u00f1o malcriado\u2019, por decirlo de alguna manera coloquial, en virtud de las torrenciales lluvias que han ca\u00eddo en todo nuestro Valle Aconcagua, pese a que estamos en oto\u00f1o.<br \/>\nEstamos hablando del extraordinario super\u00e1vit h\u00eddrico que estar\u00eda poniendo punto final a la sequ\u00eda que por a\u00f1os golpe\u00f3 nuestro valle, Diario El Trabajo habl\u00f3 ayer domingo con el encargado de la estaci\u00f3n meteorol\u00f3gica de la Escuela Agr\u00edcola, Miguel Cuevas, quien report\u00f3 las cifras oficiales hasta el mediod\u00eda de este domingo.<\/p>\n<p><strong>NO M\u00c1S SEQU\u00cdA<\/strong><br \/>\n\u00abEste fin de semana las lluvias fueron permanentes, el jueves cayeron 33,4 mm. y el viernes fueron 31,8, lo que nos suma 65,2 mm. en esos d\u00edas, lo que nos reporta un super\u00e1vit del 95,5mm en comparaci\u00f3n a lo que deber\u00eda haber ca\u00eddo a esta fecha, en total en lo que va de 2016 han ca\u00eddo 156,4 mm., lo que es muy bueno, esto da por terminada la sequ\u00eda, aunque el invierno por s\u00ed mismo no nos garantiza que traer\u00e1 lluvias necesariamente\u00bb, dijo Cuevas a nuestro medio.<\/p>\n<p><strong>COMUNA AGUANT\u00d3<\/strong><br \/>\nDiario El Trabajo realiz\u00f3 recorridos peri\u00f3dicos por nuestra comuna, para tomar registro de los estragos generados por el agua. Muchas casas se inundaron, pero sin v\u00edctimas fatales, as\u00ed lo report\u00f3 el alcalde Patricio Freire, quien este fin de semana, lo dedic\u00f3 por completo a visitar las casas afectadas, las que fueron muy pocas, \u00abes una dicha que la comuna resistiera este temporal, no hubo evacuaciones ni tragedias que lamentar, s\u00f3lo entregamos pl\u00e1sticos, colchonetas y frazadas a seis familias en toda la comuna, entre las cuales est\u00e1 la familia L\u00f3pez, de El Asiento, con la que s\u00ed nos estamos comprometiendo p\u00fablicamente para instalarles antes de diez d\u00edas una vivienda de emergencia, luego de estudiar muy bien su caso, es con la familia L\u00f3pez, ya que sus miembros viven en condiciones deplorables, las que la lluvia agrav\u00f3, ellos ya est\u00e1n coordinando para pronto tener su casa propia, pero en este caso la emergencia que viven tenemos que atenderla\u00bb, dijo Freire tras el recorrido por la comuna.<\/p>\n<p><strong>SIETE EQUIPOS<\/strong><br \/>\nMientras tanto el Dideco Pablo Silva, explic\u00f3 por su parte que \u00abfue un extraordinario trabajo en equipo que realizamos el Comit\u00e9 de Emergencia del Municipio, las juntas vecinales y los comit\u00e9 de emergencia en cada poblaci\u00f3n, as\u00ed, nuestro equipo central dividimos San Felipe en siete sectores, los que fueron atendidos en tiempo real, pues ten\u00edamos a siete equipos en terreno, hay que felicitar a los vecinos, quienes se prepararon muy bien y coordinaron con nosotros cada caso\u00bb.<\/p>\n<p><strong>AGRO AFECTADO<\/strong><br \/>\nTambi\u00e9n algunos agricultores vieron sus cosechas afectadas, cientos de mallas de cebolla y de zapallos, quedaron ya con hongos luego que los encargados de canales de riego no prestaran atenci\u00f3n a las lluvias y no abrieran las compuertas para evitar el derrame de agua.<br \/>\n<strong>Roberto Gonz\u00e1lez Short<\/strong><br \/>\n<strong>rgonzalez@eltrabajo.cl<\/strong><\/p>\n<figure id=\"attachment_70492\" aria-describedby=\"caption-attachment-70492\" style=\"width: 530px\" class=\"wp-caption alignleft\"><a href=\"http:\/\/www.eltrabajo.cl\/portal\/se-acabo-la-sequia-superavit-de-955-mm-dejo-ultimo-frente-de-mal-tiempo\/agricultores2\/\" rel=\"attachment wp-att-70492\"><img data-recalc-dims=\"1\" loading=\"lazy\" decoding=\"async\" class=\"size-full wp-image-70492\" src=\"https:\/\/i0.wp.com\/www.eltrabajo.cl\/portal\/wp-content\/uploads\/2016\/06\/Agricultores2.jpg?resize=530%2C349\" alt=\"EDUARDO Y JAIME L\u00d3PEZ.- Algunos agricultores vieron sus cosechas afectadas, cientos de mallas de cebolla y de zapallos, quedaron ya con hongos.\" width=\"530\" height=\"349\" srcset=\"https:\/\/i0.wp.com\/eltrabajo.cl\/portal\/wp-content\/uploads\/2016\/06\/Agricultores2.jpg?w=530&amp;ssl=1 530w, https:\/\/i0.wp.com\/eltrabajo.cl\/portal\/wp-content\/uploads\/2016\/06\/Agricultores2.jpg?resize=200%2C132&amp;ssl=1 200w, https:\/\/i0.wp.com\/eltrabajo.cl\/portal\/wp-content\/uploads\/2016\/06\/Agricultores2.jpg?resize=300%2C198&amp;ssl=1 300w, https:\/\/i0.wp.com\/eltrabajo.cl\/portal\/wp-content\/uploads\/2016\/06\/Agricultores2.jpg?resize=228%2C150&amp;ssl=1 228w, https:\/\/i0.wp.com\/eltrabajo.cl\/portal\/wp-content\/uploads\/2016\/06\/Agricultores2.jpg?resize=400%2C263&amp;ssl=1 400w\" sizes=\"auto, (max-width: 530px) 100vw, 530px\" \/><\/a><figcaption id=\"caption-attachment-70492\" class=\"wp-caption-text\">EDUARDO Y JAIME L\u00d3PEZ.- Algunos agricultores vieron sus cosechas afectadas, cientos de mallas de cebolla y de zapallos, quedaron ya con hongos.<\/figcaption><\/figure>\n<figure id=\"attachment_70493\" aria-describedby=\"caption-attachment-70493\" style=\"width: 530px\" class=\"wp-caption alignleft\"><a href=\"http:\/\/www.eltrabajo.cl\/portal\/se-acabo-la-sequia-superavit-de-955-mm-dejo-ultimo-frente-de-mal-tiempo\/rio28\/\" rel=\"attachment wp-att-70493\"><img data-recalc-dims=\"1\" loading=\"lazy\" decoding=\"async\" class=\"size-full wp-image-70493\" src=\"https:\/\/i0.wp.com\/www.eltrabajo.cl\/portal\/wp-content\/uploads\/2016\/06\/Rio28.jpg?resize=530%2C350\" alt=\"NO TAN SECO.- As\u00ed luc\u00eda Estero Seco, en El Asiento, luego que torrenciales lluvias cayeron este fin de semana en todo el Valle Aconcagua.\" width=\"530\" height=\"350\" srcset=\"https:\/\/i0.wp.com\/eltrabajo.cl\/portal\/wp-content\/uploads\/2016\/06\/Rio28.jpg?w=530&amp;ssl=1 530w, https:\/\/i0.wp.com\/eltrabajo.cl\/portal\/wp-content\/uploads\/2016\/06\/Rio28.jpg?resize=200%2C132&amp;ssl=1 200w, https:\/\/i0.wp.com\/eltrabajo.cl\/portal\/wp-content\/uploads\/2016\/06\/Rio28.jpg?resize=300%2C198&amp;ssl=1 300w, https:\/\/i0.wp.com\/eltrabajo.cl\/portal\/wp-content\/uploads\/2016\/06\/Rio28.jpg?resize=227%2C150&amp;ssl=1 227w, https:\/\/i0.wp.com\/eltrabajo.cl\/portal\/wp-content\/uploads\/2016\/06\/Rio28.jpg?resize=400%2C264&amp;ssl=1 400w\" sizes=\"auto, (max-width: 530px) 100vw, 530px\" \/><\/a><figcaption id=\"caption-attachment-70493\" class=\"wp-caption-text\">NO TAN SECO.- As\u00ed luc\u00eda Estero Seco, en El Asiento, luego que torrenciales lluvias cayeron este fin de semana en todo el Valle Aconcagua.<\/figcaption><\/figure>\n<figure id=\"attachment_70494\" aria-describedby=\"caption-attachment-70494\" style=\"width: 530px\" class=\"wp-caption alignleft\"><a href=\"http:\/\/www.eltrabajo.cl\/portal\/se-acabo-la-sequia-superavit-de-955-mm-dejo-ultimo-frente-de-mal-tiempo\/rio33\/\" rel=\"attachment wp-att-70494\"><img data-recalc-dims=\"1\" loading=\"lazy\" decoding=\"async\" class=\"size-full wp-image-70494\" src=\"https:\/\/i0.wp.com\/www.eltrabajo.cl\/portal\/wp-content\/uploads\/2016\/06\/Rio33.jpg?resize=530%2C350\" alt=\"EN HORA BUENA.- Pese a la lluvia, la micro nunca dej\u00f3 de estar en circulaci\u00f3n, tal como lo muestran las c\u00e1maras de Diario El Trabajo.\" width=\"530\" height=\"350\" srcset=\"https:\/\/i0.wp.com\/eltrabajo.cl\/portal\/wp-content\/uploads\/2016\/06\/Rio33.jpg?w=530&amp;ssl=1 530w, https:\/\/i0.wp.com\/eltrabajo.cl\/portal\/wp-content\/uploads\/2016\/06\/Rio33.jpg?resize=200%2C132&amp;ssl=1 200w, https:\/\/i0.wp.com\/eltrabajo.cl\/portal\/wp-content\/uploads\/2016\/06\/Rio33.jpg?resize=300%2C198&amp;ssl=1 300w, https:\/\/i0.wp.com\/eltrabajo.cl\/portal\/wp-content\/uploads\/2016\/06\/Rio33.jpg?resize=227%2C150&amp;ssl=1 227w, https:\/\/i0.wp.com\/eltrabajo.cl\/portal\/wp-content\/uploads\/2016\/06\/Rio33.jpg?resize=400%2C264&amp;ssl=1 400w\" sizes=\"auto, (max-width: 530px) 100vw, 530px\" \/><\/a><figcaption id=\"caption-attachment-70494\" class=\"wp-caption-text\">EN HORA BUENA.- Pese a la lluvia, la micro nunca dej\u00f3 de estar en circulaci\u00f3n, tal como lo muestran las c\u00e1maras de Diario El Trabajo.<\/figcaption><\/figure>\n<figure id=\"attachment_70495\" aria-describedby=\"caption-attachment-70495\" style=\"width: 530px\" class=\"wp-caption alignleft\"><a href=\"http:\/\/www.eltrabajo.cl\/portal\/se-acabo-la-sequia-superavit-de-955-mm-dejo-ultimo-frente-de-mal-tiempo\/trabajos1-5\/\" rel=\"attachment wp-att-70495\"><img data-recalc-dims=\"1\" loading=\"lazy\" decoding=\"async\" class=\"size-full wp-image-70495\" src=\"https:\/\/i0.wp.com\/www.eltrabajo.cl\/portal\/wp-content\/uploads\/2016\/06\/Trabajos1.jpg?resize=530%2C349\" alt=\"MAQUINARIA.- El Municipio dispuso r\u00e1pidamente de equipo especial a fin de controlar los caudales de agua en el sector urbano de la comuna.\" width=\"530\" height=\"349\" srcset=\"https:\/\/i0.wp.com\/eltrabajo.cl\/portal\/wp-content\/uploads\/2016\/06\/Trabajos1.jpg?w=530&amp;ssl=1 530w, https:\/\/i0.wp.com\/eltrabajo.cl\/portal\/wp-content\/uploads\/2016\/06\/Trabajos1.jpg?resize=200%2C132&amp;ssl=1 200w, https:\/\/i0.wp.com\/eltrabajo.cl\/portal\/wp-content\/uploads\/2016\/06\/Trabajos1.jpg?resize=300%2C198&amp;ssl=1 300w, https:\/\/i0.wp.com\/eltrabajo.cl\/portal\/wp-content\/uploads\/2016\/06\/Trabajos1.jpg?resize=228%2C150&amp;ssl=1 228w, https:\/\/i0.wp.com\/eltrabajo.cl\/portal\/wp-content\/uploads\/2016\/06\/Trabajos1.jpg?resize=400%2C263&amp;ssl=1 400w\" sizes=\"auto, (max-width: 530px) 100vw, 530px\" \/><\/a><figcaption id=\"caption-attachment-70495\" class=\"wp-caption-text\">MAQUINARIA.- El Municipio dispuso r\u00e1pidamente de equipo especial a fin de controlar los caudales de agua en el sector urbano de la comuna.<\/figcaption><\/figure>\n<figure id=\"attachment_70496\" aria-describedby=\"caption-attachment-70496\" style=\"width: 530px\" class=\"wp-caption alignleft\"><a href=\"http:\/\/www.eltrabajo.cl\/portal\/se-acabo-la-sequia-superavit-de-955-mm-dejo-ultimo-frente-de-mal-tiempo\/visitas1\/\" rel=\"attachment wp-att-70496\"><img data-recalc-dims=\"1\" loading=\"lazy\" decoding=\"async\" class=\"size-full wp-image-70496\" src=\"https:\/\/i0.wp.com\/www.eltrabajo.cl\/portal\/wp-content\/uploads\/2016\/06\/Visitas1.jpg?resize=530%2C350\" alt=\"SIN DESCANSO.- El alcalde Patricio Freire estuvo al pie de las urgencias en toda nuestra comuna, le acompa\u00f1a Luis Ortiz, presidente de la junta vecinal de El Asiento.\" width=\"530\" height=\"350\" srcset=\"https:\/\/i0.wp.com\/eltrabajo.cl\/portal\/wp-content\/uploads\/2016\/06\/Visitas1.jpg?w=530&amp;ssl=1 530w, https:\/\/i0.wp.com\/eltrabajo.cl\/portal\/wp-content\/uploads\/2016\/06\/Visitas1.jpg?resize=200%2C132&amp;ssl=1 200w, https:\/\/i0.wp.com\/eltrabajo.cl\/portal\/wp-content\/uploads\/2016\/06\/Visitas1.jpg?resize=300%2C198&amp;ssl=1 300w, https:\/\/i0.wp.com\/eltrabajo.cl\/portal\/wp-content\/uploads\/2016\/06\/Visitas1.jpg?resize=227%2C150&amp;ssl=1 227w, https:\/\/i0.wp.com\/eltrabajo.cl\/portal\/wp-content\/uploads\/2016\/06\/Visitas1.jpg?resize=400%2C264&amp;ssl=1 400w\" sizes=\"auto, (max-width: 530px) 100vw, 530px\" \/><\/a><figcaption id=\"caption-attachment-70496\" class=\"wp-caption-text\">SIN DESCANSO.- El alcalde Patricio Freire estuvo al pie de las urgencias en toda nuestra comuna, le acompa\u00f1a Luis Ortiz, presidente de la junta vecinal de El Asiento.<\/figcaption><\/figure>\n","protected":false},"excerpt":{"rendered":"<p>Pese a que oficialmente, a\u00fan no estamos en invierno, pareciera que al clima no le importaran las reglas del calendario humano, pues en las \u00faltimas semanas se ha comportado como \u2018un ni\u00f1o&#8230;<\/p>\n","protected":false},"author":1,"featured_media":70494,"comment_status":"open","ping_status":"open","sticky":false,"template":"","format":"standard","meta":{"advanced_seo_description":"","jetpack_seo_html_title":"","jetpack_seo_noindex":false,"_jetpack_memberships_contains_paid_content":false,"footnotes":""},"categories":[1],"tags":[],"class_list":["post-70491","post","type-post","status-publish","format-standard","has-post-thumbnail","hentry","category-cronica"],"jetpack_featured_media_url":"https:\/\/i0.wp.com\/eltrabajo.cl\/portal\/wp-content\/uploads\/2016\/06\/Rio33.jpg?fit=530%2C350&ssl=1","jetpack_sharing_enabled":true,"jetpack_likes_enabled":true,"jetpack-related-posts":[],"_links":{"self":[{"href":"https:\/\/eltrabajo.cl\/portal\/wp-json\/wp\/v2\/posts\/70491","targetHints":{"allow":["GET"]}}],"collection":[{"href":"https:\/\/eltrabajo.cl\/portal\/wp-json\/wp\/v2\/posts"}],"about":[{"href":"https:\/\/eltrabajo.cl\/portal\/wp-json\/wp\/v2\/types\/post"}],"author":[{"embeddable":true,"href":"https:\/\/eltrabajo.cl\/portal\/wp-json\/wp\/v2\/users\/1"}],"replies":[{"embeddable":true,"href":"https:\/\/eltrabajo.cl\/portal\/wp-json\/wp\/v2\/comments?post=70491"}],"version-history":[{"count":0,"href":"https:\/\/eltrabajo.cl\/portal\/wp-json\/wp\/v2\/posts\/70491\/revisions"}],"wp:featuredmedia":[{"embeddable":true,"href":"https:\/\/eltrabajo.cl\/portal\/wp-json\/wp\/v2\/media\/70494"}],"wp:attachment":[{"href":"https:\/\/eltrabajo.cl\/portal\/wp-json\/wp\/v2\/media?parent=70491"}],"wp:term":[{"taxonomy":"category","embeddable":true,"href":"https:\/\/eltrabajo.cl\/portal\/wp-json\/wp\/v2\/categories?post=70491"},{"taxonomy":"post_tag","embeddable":true,"href":"https:\/\/eltrabajo.cl\/portal\/wp-json\/wp\/v2\/tags?post=70491"}],"curies":[{"name":"wp","href":"https:\/\/api.w.org\/{rel}","templated":true}]}}