{"id":70499,"date":"2016-06-06T09:19:40","date_gmt":"2016-06-06T13:19:40","guid":{"rendered":"http:\/\/www.eltrabajo.cl\/portal\/?p=70499"},"modified":"2016-06-06T09:19:40","modified_gmt":"2016-06-06T13:19:40","slug":"transportista-resulto-lesionado-en-impactante-choque-de-dos-camiones","status":"publish","type":"post","link":"https:\/\/eltrabajo.cl\/portal\/transportista-resulto-lesionado-en-impactante-choque-de-dos-camiones\/","title":{"rendered":"Transportista result\u00f3 lesionado en impactante choque de dos camiones"},"content":{"rendered":"<p><strong>LOS ANDES.-<\/strong> El conductor de un cami\u00f3n result\u00f3 con heridas de consideraci\u00f3n luego de chocar violentamente contra un veh\u00edculo de carga que se encontraba estacionado en el by pass El Sauce.<br \/>\nEl accidente se produjo poco antes de las 8 horas de ayer, cuando el chofer del cami\u00f3n de la empresa de Transportes Messina que se dirig\u00eda sin su acoplado en direcci\u00f3n al sur, al llegar al kil\u00f3metro 70 debido a hielo presente el calzada perdi\u00f3 el control y cruz\u00f3 el eje central de la calzada para impactar primero contra la cabina y luego el acoplado de otro cami\u00f3n estacionado en la berma<br \/>\nA ra\u00edz de lo anterior, el conductor del cami\u00f3n de la empresa Messina qued\u00f3 atrapado en la cabina, siendo necesario la concurrencia de la Unidad de Rescate de la Primera Compa\u00f1\u00eda del Cuerpo de Bomberos de Los Andes m\u00e1s el apoyo de dos unidades de la Segunda Compa\u00f1\u00eda.<br \/>\nTras algunos minutos, el chofer pudo ser liberado y luego entregado al SAMU para ser llevado hasta el Servicio de Urgencia del Hospital San Juan de Dios.<br \/>\nEn tanto, Carabineros del cuadrante 4 adopt\u00f3 el procedimiento de rigor en estos casos y establecer las circunstancias del accidente.<br \/>\nAsimismo, conductores de los camiones que estaban estacionados en el lugar agradecieron la labor de bomberos, sobre todo por la pronta llegada a la emergencia y el trabajo en rescatar a su colega lesionado.<br \/>\nEn tanto, el chofer del cami\u00f3n que estaba estacionado en la berma salv\u00f3 ileso, no obstante que de todas formas fue derivado al hospital para ser evaluado.<\/p>\n<figure id=\"attachment_70501\" aria-describedby=\"caption-attachment-70501\" style=\"width: 530px\" class=\"wp-caption alignleft\"><a href=\"http:\/\/www.eltrabajo.cl\/portal\/transportista-resulto-lesionado-en-impactante-choque-de-dos-camiones\/mesi14\/\" rel=\"attachment wp-att-70501\"><img data-recalc-dims=\"1\" loading=\"lazy\" decoding=\"async\" class=\"size-full wp-image-70501\" src=\"https:\/\/i0.wp.com\/www.eltrabajo.cl\/portal\/wp-content\/uploads\/2016\/06\/mesi14.jpg?resize=530%2C348\" alt=\"Uno de los veh\u00edculos que iba en circulaci\u00f3n habr\u00eda perdido  el control debido al hielo en la calzada.\" width=\"530\" height=\"348\" srcset=\"https:\/\/i0.wp.com\/eltrabajo.cl\/portal\/wp-content\/uploads\/2016\/06\/mesi14.jpg?w=530&amp;ssl=1 530w, https:\/\/i0.wp.com\/eltrabajo.cl\/portal\/wp-content\/uploads\/2016\/06\/mesi14.jpg?resize=200%2C131&amp;ssl=1 200w, https:\/\/i0.wp.com\/eltrabajo.cl\/portal\/wp-content\/uploads\/2016\/06\/mesi14.jpg?resize=300%2C197&amp;ssl=1 300w, https:\/\/i0.wp.com\/eltrabajo.cl\/portal\/wp-content\/uploads\/2016\/06\/mesi14.jpg?resize=228%2C150&amp;ssl=1 228w, https:\/\/i0.wp.com\/eltrabajo.cl\/portal\/wp-content\/uploads\/2016\/06\/mesi14.jpg?resize=400%2C263&amp;ssl=1 400w\" sizes=\"auto, (max-width: 530px) 100vw, 530px\" \/><\/a><figcaption id=\"caption-attachment-70501\" class=\"wp-caption-text\">Uno de los veh\u00edculos que iba en circulaci\u00f3n habr\u00eda perdido el control debido al hielo en la calzada.<\/figcaption><\/figure>\n<figure id=\"attachment_70500\" aria-describedby=\"caption-attachment-70500\" style=\"width: 530px\" class=\"wp-caption alignleft\"><a href=\"http:\/\/www.eltrabajo.cl\/portal\/transportista-resulto-lesionado-en-impactante-choque-de-dos-camiones\/mesi6\/\" rel=\"attachment wp-att-70500\"><img data-recalc-dims=\"1\" loading=\"lazy\" decoding=\"async\" class=\"size-full wp-image-70500\" src=\"https:\/\/i0.wp.com\/www.eltrabajo.cl\/portal\/wp-content\/uploads\/2016\/06\/mesi6.jpg?resize=530%2C348\" alt=\"El accidente se produjo poco antes de las 8 horas, cuando el chofer del cami\u00f3n de la empresa de Transportes Messina que se dirig\u00eda sin su acoplado en direcci\u00f3n al sur, al llegar al kil\u00f3metro 70 debido a hielo presente.\" width=\"530\" height=\"348\" srcset=\"https:\/\/i0.wp.com\/eltrabajo.cl\/portal\/wp-content\/uploads\/2016\/06\/mesi6.jpg?w=530&amp;ssl=1 530w, https:\/\/i0.wp.com\/eltrabajo.cl\/portal\/wp-content\/uploads\/2016\/06\/mesi6.jpg?resize=200%2C131&amp;ssl=1 200w, https:\/\/i0.wp.com\/eltrabajo.cl\/portal\/wp-content\/uploads\/2016\/06\/mesi6.jpg?resize=300%2C197&amp;ssl=1 300w, https:\/\/i0.wp.com\/eltrabajo.cl\/portal\/wp-content\/uploads\/2016\/06\/mesi6.jpg?resize=228%2C150&amp;ssl=1 228w, https:\/\/i0.wp.com\/eltrabajo.cl\/portal\/wp-content\/uploads\/2016\/06\/mesi6.jpg?resize=400%2C263&amp;ssl=1 400w\" sizes=\"auto, (max-width: 530px) 100vw, 530px\" \/><\/a><figcaption id=\"caption-attachment-70500\" class=\"wp-caption-text\">El accidente se produjo poco antes de las 8 horas, cuando el chofer del cami\u00f3n de la empresa de Transportes Messina que se dirig\u00eda sin su acoplado en direcci\u00f3n al sur, al llegar al kil\u00f3metro 70 debido a hielo presente.<\/figcaption><\/figure>\n","protected":false},"excerpt":{"rendered":"<p>LOS ANDES.- El conductor de un cami\u00f3n result\u00f3 con heridas de consideraci\u00f3n luego de chocar violentamente contra un veh\u00edculo de carga que se encontraba estacionado en el by pass El Sauce. El&#8230;<\/p>\n","protected":false},"author":1,"featured_media":70500,"comment_status":"open","ping_status":"open","sticky":false,"template":"","format":"standard","meta":{"advanced_seo_description":"","jetpack_seo_html_title":"","jetpack_seo_noindex":false,"_jetpack_memberships_contains_paid_content":false,"footnotes":""},"categories":[21],"tags":[],"class_list":["post-70499","post","type-post","status-publish","format-standard","has-post-thumbnail","hentry","category-policial"],"jetpack_featured_media_url":"https:\/\/i0.wp.com\/eltrabajo.cl\/portal\/wp-content\/uploads\/2016\/06\/mesi6.jpg?fit=530%2C348&ssl=1","jetpack_sharing_enabled":true,"jetpack_likes_enabled":true,"jetpack-related-posts":[],"_links":{"self":[{"href":"https:\/\/eltrabajo.cl\/portal\/wp-json\/wp\/v2\/posts\/70499","targetHints":{"allow":["GET"]}}],"collection":[{"href":"https:\/\/eltrabajo.cl\/portal\/wp-json\/wp\/v2\/posts"}],"about":[{"href":"https:\/\/eltrabajo.cl\/portal\/wp-json\/wp\/v2\/types\/post"}],"author":[{"embeddable":true,"href":"https:\/\/eltrabajo.cl\/portal\/wp-json\/wp\/v2\/users\/1"}],"replies":[{"embeddable":true,"href":"https:\/\/eltrabajo.cl\/portal\/wp-json\/wp\/v2\/comments?post=70499"}],"version-history":[{"count":0,"href":"https:\/\/eltrabajo.cl\/portal\/wp-json\/wp\/v2\/posts\/70499\/revisions"}],"wp:featuredmedia":[{"embeddable":true,"href":"https:\/\/eltrabajo.cl\/portal\/wp-json\/wp\/v2\/media\/70500"}],"wp:attachment":[{"href":"https:\/\/eltrabajo.cl\/portal\/wp-json\/wp\/v2\/media?parent=70499"}],"wp:term":[{"taxonomy":"category","embeddable":true,"href":"https:\/\/eltrabajo.cl\/portal\/wp-json\/wp\/v2\/categories?post=70499"},{"taxonomy":"post_tag","embeddable":true,"href":"https:\/\/eltrabajo.cl\/portal\/wp-json\/wp\/v2\/tags?post=70499"}],"curies":[{"name":"wp","href":"https:\/\/api.w.org\/{rel}","templated":true}]}}