{"id":70511,"date":"2016-06-06T09:24:51","date_gmt":"2016-06-06T13:24:51","guid":{"rendered":"http:\/\/www.eltrabajo.cl\/portal\/?p=70511"},"modified":"2016-06-06T09:24:51","modified_gmt":"2016-06-06T13:24:51","slug":"familiares-de-javier-munoz-no-creen-en-perdon-pedido-por-diego-vera","status":"publish","type":"post","link":"https:\/\/eltrabajo.cl\/portal\/familiares-de-javier-munoz-no-creen-en-perdon-pedido-por-diego-vera\/","title":{"rendered":"Familiares de Javier Mu\u00f1oz no creen en perd\u00f3n pedido por Diego Vera"},"content":{"rendered":"<p>Las reacciones no se dejaron esperar por los familiares de Javier Mu\u00f1oz Delgado, quienes no creyeron en su arrepentimiento en su testimonio expuesto durante el juicio este viernes, se\u00f1alando que evadi\u00f3 las preguntas que se le consultaban por el Fiscal y los abogados querellantes.<br \/>\nNancy Delgado, madre de Javier Mu\u00f1oz, dijo a los medios de prensa que nadie de los familiares del imputado se ha acercado a pedirles perd\u00f3n por lo ocurrido argumentando que \u00abyo no soy nadie para perdonar porque s\u00f3lo Dios es quien perdona y ve estas cosas, pero no s\u00e9 qu\u00e9 reacci\u00f3n tendr\u00eda si se allegaran a nosotros, no lo s\u00e9, porque como madre el perd\u00f3n ni nada nos va a devolver a Javier. Ahora que no recuerde que al momento de salir del local y no recuerde el accidente porque ven\u00eda con demasiado alcohol en el cuerpo y a lo mejor ven\u00eda en carrera junto a su amigo y por eso marca la velocidad de su auto a 180 kil\u00f3metros y no 150 como se est\u00e1 diciendo, hay cosas que no est\u00e1n bien claras\u00bb.<br \/>\nPor su parte Omar Espinoza, suegro de Javier clam\u00f3 que se haga justicia para la esposa del fallecido y sus hijas, agregando tras un receso durante el juicio que \u00abel tipo reconoce todo el da\u00f1o que ha causado, pero con demasiadas evasivas en las cuales se le hace una pregunta concreta y despu\u00e9s da otras se\u00f1ales de que hizo esto u otro, pero no justifica la cantidad de alcohol que tom\u00f3. Se le consulta si ven\u00edan en carrera y dice que no sabe, entonces para cualquiera es que ven\u00eda echando carrera con su amigo. \u00c9l dice que no sabe cu\u00e1nto tom\u00f3, no sabe bien cuando sali\u00f3 del pub, entonces est\u00e1 mintiendo, est\u00e1 tratando de evadir todo lo que se le pregunta. No creo en su perd\u00f3n, desde el momento que est\u00e1 evadiendo, no est\u00e1 reconociendo, entonces no est\u00e1 arrepentido y si llega a salir va a volver a hacer lo mismo. Por un desgraciado inconsciente que sabe que no puede conducir con trago le corta la vida a un ni\u00f1o que ten\u00eda todo un futuro por delante\u00bb.<br \/>\nEn tanto, el Fiscal a cargo del caso, Eduardo Fajardo De La Cuba, indic\u00f3 que durante el d\u00eda viernes se rindieron las pruebas por la Fiscal\u00eda en base a testigos, peritos y prueba documental: \u00abNosotros estamos pidiendo una condena de cinco a\u00f1os de presidio menor en su grado m\u00e1ximo y una inhabilitaci\u00f3n absoluta para conducir veh\u00edculos motorizados y una multa de 20 unidades tributarias mensuales\u00bb. Consultado por la detenci\u00f3n del imputado en febrero de 2015 por conducci\u00f3n bajo la influencia del alcohol, el persecutor fue categ\u00f3rico en se\u00f1alar que ese antecedente no sirve como agravante debido a que no existe una condena.<br \/>\nEl d\u00eda de hoy lunes, los jueces resolver\u00e1n si el imputado Diego Vera Pizarro es absuelto o culpable de los cargos de conducci\u00f3n de veh\u00edculo motorizado en estado de ebriedad con resultado de muerte. Se vislumbra, que para este jueves o viernes el Tribunal Oral manifieste la pena asignada por este delito.<br \/>\nCabe se\u00f1alar, que los familiares y cercanos al acusado han declinado entregar alguna opini\u00f3n o reacci\u00f3n ante las consultas de los medios de prensa.<br \/>\n<strong>Pablo Salinas Sald\u00edas<\/strong><\/p>\n<figure id=\"attachment_70512\" aria-describedby=\"caption-attachment-70512\" style=\"width: 530px\" class=\"wp-caption alignleft\"><a href=\"http:\/\/www.eltrabajo.cl\/portal\/familiares-de-javier-munoz-no-creen-en-perdon-pedido-por-diego-vera\/fiscal-eduardo-fajardo-16\/\" rel=\"attachment wp-att-70512\"><img data-recalc-dims=\"1\" loading=\"lazy\" decoding=\"async\" class=\"size-full wp-image-70512\" src=\"https:\/\/i0.wp.com\/www.eltrabajo.cl\/portal\/wp-content\/uploads\/2016\/06\/fiscal-eduardo-fajardo.jpg?resize=530%2C350\" alt=\"Fiscal Eduardo Fajardo, persecutor de la causa.  \" width=\"530\" height=\"350\" srcset=\"https:\/\/i0.wp.com\/eltrabajo.cl\/portal\/wp-content\/uploads\/2016\/06\/fiscal-eduardo-fajardo.jpg?w=530&amp;ssl=1 530w, https:\/\/i0.wp.com\/eltrabajo.cl\/portal\/wp-content\/uploads\/2016\/06\/fiscal-eduardo-fajardo.jpg?resize=200%2C132&amp;ssl=1 200w, https:\/\/i0.wp.com\/eltrabajo.cl\/portal\/wp-content\/uploads\/2016\/06\/fiscal-eduardo-fajardo.jpg?resize=300%2C198&amp;ssl=1 300w, https:\/\/i0.wp.com\/eltrabajo.cl\/portal\/wp-content\/uploads\/2016\/06\/fiscal-eduardo-fajardo.jpg?resize=227%2C150&amp;ssl=1 227w, https:\/\/i0.wp.com\/eltrabajo.cl\/portal\/wp-content\/uploads\/2016\/06\/fiscal-eduardo-fajardo.jpg?resize=400%2C264&amp;ssl=1 400w\" sizes=\"auto, (max-width: 530px) 100vw, 530px\" \/><\/a><figcaption id=\"caption-attachment-70512\" class=\"wp-caption-text\">Fiscal Eduardo Fajardo, persecutor de la causa.<\/figcaption><\/figure>\n<figure id=\"attachment_70513\" aria-describedby=\"caption-attachment-70513\" style=\"width: 528px\" class=\"wp-caption alignleft\"><a href=\"http:\/\/www.eltrabajo.cl\/portal\/familiares-de-javier-munoz-no-creen-en-perdon-pedido-por-diego-vera\/nancy-delgado-3\/\" rel=\"attachment wp-att-70513\"><img data-recalc-dims=\"1\" loading=\"lazy\" decoding=\"async\" class=\"size-full wp-image-70513\" src=\"https:\/\/i0.wp.com\/www.eltrabajo.cl\/portal\/wp-content\/uploads\/2016\/06\/NANCY-DELGADO-1.jpg?resize=528%2C350\" alt=\"Nancy Delgado, madre de Javier Mu\u00f1oz.\" width=\"528\" height=\"350\" srcset=\"https:\/\/i0.wp.com\/eltrabajo.cl\/portal\/wp-content\/uploads\/2016\/06\/NANCY-DELGADO-1.jpg?w=528&amp;ssl=1 528w, https:\/\/i0.wp.com\/eltrabajo.cl\/portal\/wp-content\/uploads\/2016\/06\/NANCY-DELGADO-1.jpg?resize=200%2C133&amp;ssl=1 200w, https:\/\/i0.wp.com\/eltrabajo.cl\/portal\/wp-content\/uploads\/2016\/06\/NANCY-DELGADO-1.jpg?resize=300%2C199&amp;ssl=1 300w, https:\/\/i0.wp.com\/eltrabajo.cl\/portal\/wp-content\/uploads\/2016\/06\/NANCY-DELGADO-1.jpg?resize=226%2C150&amp;ssl=1 226w, https:\/\/i0.wp.com\/eltrabajo.cl\/portal\/wp-content\/uploads\/2016\/06\/NANCY-DELGADO-1.jpg?resize=400%2C265&amp;ssl=1 400w\" sizes=\"auto, (max-width: 528px) 100vw, 528px\" \/><\/a><figcaption id=\"caption-attachment-70513\" class=\"wp-caption-text\">Nancy Delgado, madre de Javier Mu\u00f1oz.<\/figcaption><\/figure>\n<figure id=\"attachment_70514\" aria-describedby=\"caption-attachment-70514\" style=\"width: 530px\" class=\"wp-caption alignleft\"><a href=\"http:\/\/www.eltrabajo.cl\/portal\/familiares-de-javier-munoz-no-creen-en-perdon-pedido-por-diego-vera\/omar-espinoza\/\" rel=\"attachment wp-att-70514\"><img data-recalc-dims=\"1\" loading=\"lazy\" decoding=\"async\" class=\"size-full wp-image-70514\" src=\"https:\/\/i0.wp.com\/www.eltrabajo.cl\/portal\/wp-content\/uploads\/2016\/06\/OMAR-ESPINOZA.jpg?resize=530%2C350\" alt=\"Omar Espinoza, suegro de Javier Mu\u00f1oz.\" width=\"530\" height=\"350\" srcset=\"https:\/\/i0.wp.com\/eltrabajo.cl\/portal\/wp-content\/uploads\/2016\/06\/OMAR-ESPINOZA.jpg?w=530&amp;ssl=1 530w, https:\/\/i0.wp.com\/eltrabajo.cl\/portal\/wp-content\/uploads\/2016\/06\/OMAR-ESPINOZA.jpg?resize=200%2C132&amp;ssl=1 200w, https:\/\/i0.wp.com\/eltrabajo.cl\/portal\/wp-content\/uploads\/2016\/06\/OMAR-ESPINOZA.jpg?resize=300%2C198&amp;ssl=1 300w, https:\/\/i0.wp.com\/eltrabajo.cl\/portal\/wp-content\/uploads\/2016\/06\/OMAR-ESPINOZA.jpg?resize=227%2C150&amp;ssl=1 227w, https:\/\/i0.wp.com\/eltrabajo.cl\/portal\/wp-content\/uploads\/2016\/06\/OMAR-ESPINOZA.jpg?resize=400%2C264&amp;ssl=1 400w\" sizes=\"auto, (max-width: 530px) 100vw, 530px\" \/><\/a><figcaption id=\"caption-attachment-70514\" class=\"wp-caption-text\">Omar Espinoza, suegro de Javier Mu\u00f1oz.<\/figcaption><\/figure>\n","protected":false},"excerpt":{"rendered":"<p>Las reacciones no se dejaron esperar por los familiares de Javier Mu\u00f1oz Delgado, quienes no creyeron en su arrepentimiento en su testimonio expuesto durante el juicio este viernes, se\u00f1alando que evadi\u00f3 las&#8230;<\/p>\n","protected":false},"author":1,"featured_media":70513,"comment_status":"open","ping_status":"open","sticky":false,"template":"","format":"standard","meta":{"advanced_seo_description":"","jetpack_seo_html_title":"","jetpack_seo_noindex":false,"_jetpack_memberships_contains_paid_content":false,"footnotes":""},"categories":[21],"tags":[],"class_list":["post-70511","post","type-post","status-publish","format-standard","has-post-thumbnail","hentry","category-policial"],"jetpack_featured_media_url":"https:\/\/i0.wp.com\/eltrabajo.cl\/portal\/wp-content\/uploads\/2016\/06\/NANCY-DELGADO-1.jpg?fit=528%2C350&ssl=1","jetpack_sharing_enabled":true,"jetpack_likes_enabled":true,"jetpack-related-posts":[],"_links":{"self":[{"href":"https:\/\/eltrabajo.cl\/portal\/wp-json\/wp\/v2\/posts\/70511","targetHints":{"allow":["GET"]}}],"collection":[{"href":"https:\/\/eltrabajo.cl\/portal\/wp-json\/wp\/v2\/posts"}],"about":[{"href":"https:\/\/eltrabajo.cl\/portal\/wp-json\/wp\/v2\/types\/post"}],"author":[{"embeddable":true,"href":"https:\/\/eltrabajo.cl\/portal\/wp-json\/wp\/v2\/users\/1"}],"replies":[{"embeddable":true,"href":"https:\/\/eltrabajo.cl\/portal\/wp-json\/wp\/v2\/comments?post=70511"}],"version-history":[{"count":0,"href":"https:\/\/eltrabajo.cl\/portal\/wp-json\/wp\/v2\/posts\/70511\/revisions"}],"wp:featuredmedia":[{"embeddable":true,"href":"https:\/\/eltrabajo.cl\/portal\/wp-json\/wp\/v2\/media\/70513"}],"wp:attachment":[{"href":"https:\/\/eltrabajo.cl\/portal\/wp-json\/wp\/v2\/media?parent=70511"}],"wp:term":[{"taxonomy":"category","embeddable":true,"href":"https:\/\/eltrabajo.cl\/portal\/wp-json\/wp\/v2\/categories?post=70511"},{"taxonomy":"post_tag","embeddable":true,"href":"https:\/\/eltrabajo.cl\/portal\/wp-json\/wp\/v2\/tags?post=70511"}],"curies":[{"name":"wp","href":"https:\/\/api.w.org\/{rel}","templated":true}]}}