{"id":70517,"date":"2016-06-06T09:45:47","date_gmt":"2016-06-06T13:45:47","guid":{"rendered":"http:\/\/www.eltrabajo.cl\/portal\/?p=70517"},"modified":"2016-06-06T09:45:48","modified_gmt":"2016-06-06T13:45:48","slug":"diego-vera-pidio-perdon-a-la-familia-de-javier-munoz-en-intenso-interrogatorio","status":"publish","type":"post","link":"https:\/\/eltrabajo.cl\/portal\/diego-vera-pidio-perdon-a-la-familia-de-javier-munoz-en-intenso-interrogatorio\/","title":{"rendered":"Diego Vera pidi\u00f3 perd\u00f3n a la familia de Javier Mu\u00f1oz en intenso interrogatorio"},"content":{"rendered":"<ul>\n<li><strong>Veredicto ser\u00e1 dado a conocer hoy en Tribunales:\u00a0Testigos y peritos participaron en el juicio, iniciado este viernes en tribunales, reconstruyendo el tr\u00e1gico accidente que cost\u00f3 la vida del relator deportivo. El acusado, afirm\u00f3 haber consumido una cantidad indeterminada de alcohol previo a los hechos, dentro de un extenso relato por casi dos horas.<\/strong><\/li>\n<\/ul>\n<p>Pidiendo perd\u00f3n a la familia de Javier Mu\u00f1oz y sosteniendo sentirse avergonzado de lo sucedido, el imputado Diego Vera Pizarro, tras renunciar a guardar silencio, dio inicio al esperado juicio en su contra, enmarcado en los pormenores de aquel d\u00eda fatal que cost\u00f3 la vida del destacado relator deportivo del canal CDF, Javier Mu\u00f1oz, instancia en que el acusado afirm\u00f3 haber consumido una cantidad indeterminada de bebidas alcoh\u00f3licas, previo al lamentable accidente de tr\u00e1nsito aquel 29 de agosto de 2015, arrojando como resultado 1,29 gramos de alcohol por litro de sangre.<br \/>\nAnte esta causa, que marc\u00f3 enorme conmoci\u00f3n entre la comunidad aconcag\u00fcina y a nivel nacional, por primera vez y marcando un hito desde la instauraci\u00f3n de la Reforma Procesal en esta zona, el Poder Judicial resolvi\u00f3 televisar y transmitir v\u00eda internet el desarrollo \u00edntegro del juicio, transmisi\u00f3n a la cual Diario El Trabajo se adhiri\u00f3 retransmitiendo a trav\u00e9s de su portal www.eltrabajo.cl.<br \/>\nEl g\u00e9nesis de este proceso judicial, que se realiz\u00f3 bajo intensas precipitaciones en el exterior del centro de justicia, se inici\u00f3 con las acusaciones presentadas por la Fiscal\u00eda, le\u00eddas por la jueza que presidi\u00f3 el juicio, Constanza Olsen Tapia, se\u00f1alando que: \u201cEl d\u00eda 29 de agosto de 2015, a las 02:40 de la madrugada, el acusado Diego Vera Pizarro conduc\u00eda a exceso de velocidad y en estado de ebriedad el veh\u00edculo marca Hyndai modelo Accent placa patente GH KJ 66 por la ruta CH60 (sic) de oriente a poniente. Al llegar a la calle Antofagasta, en la comuna de Panquehue, debido a la velocidad que conduc\u00eda no menor a 150 kil\u00f3metros por hora y en su estado de embriaguez, al enfrentar una curva perdi\u00f3 el control del veh\u00edculo, traspasando el eje central de la autopista, impactando de lleno a veh\u00edculo marca JAC placa patente GK TC 93, conducido por Javier Francisco Mu\u00f1oz Delgado, v\u00edctima de los hechos quien circulaba en sentido contrario, esto de poniente a oriente en direcci\u00f3n a San Felipe\u201d.<br \/>\n\u201cProducto del fuerte impacto ambos veh\u00edculos sufrieron da\u00f1os considerables, siendo eyectados en direcciones distintas, resultando una de las v\u00edctimas con lesiones mortales y que pese a ser trasladada al servicio de urgencias del hospital San Camilo, se le practicaron los primeros auxilios y reanimaci\u00f3n constatando su fallecimiento pocas horas despu\u00e9s. De acuerdo a la alcoholemia que le practicaron al acusado, arroj\u00f3 que \u00e9ste conduc\u00eda con 1.29 gramos de alcohol por litro de sangre\u201d, refiere la acusaci\u00f3n.<br \/>\nLos hechos as\u00ed relatados, a juicio del Ministerio P\u00fablico son constitutivos de conducci\u00f3n de veh\u00edculo motorizado en estado de ebriedad, causando la muerte de Javier Francisco Mu\u00f1oz Delgado. La Fiscal\u00eda persigue se imponga a Vera Pizarro las penas de 5 a\u00f1os de presidio menor en su grado m\u00e1ximo, multa de 21 unidades tributarias mensuales, inhabilidad perpetua para conducir veh\u00edculos de tracci\u00f3n mec\u00e1nica y el pago de las costas de la causa.<br \/>\nPor la parte querellante, el abogado Julio \u00c1lvarez Silva en representaci\u00f3n de Ana Mar\u00eda Espinoza Ibaceta (Viuda de Javier Mu\u00f1oz) se adhiri\u00f3 a la acusaci\u00f3n y los medios de prueba de la Fiscal\u00eda, adem\u00e1s del abogado Mauricio Mass, en representaci\u00f3n de Javier Mu\u00f1oz Altamirano y Salvador Mu\u00f1oz Delgado (Padre y hermano del fallecido).<\/p>\n<p><strong>HABLA EL IMPUTADO<\/strong><br \/>\nDiego Vera Pizarro de 24 a\u00f1os de edad, quien se present\u00f3 ante una terna de juezas como electricista, pese a poder reservarse su derecho a guardar silencio, renunci\u00f3 a \u00e9ste, para dar curso a la reconstrucci\u00f3n del d\u00eda del accidente, subiendo al estrado a entregar su declaraci\u00f3n, con la prohibici\u00f3n de exhibir el rostro del acusado por parte de los medios de comunicaci\u00f3n tras una orden judicial basado en el principio de inocencia.<br \/>\nDentro del extenso testimonio que se extendi\u00f3 por casi dos horas, Vera afirm\u00f3 con algunas impresiones confusas, que aquel d\u00eda luego de su jornada laboral semanal en Rancagua, concurri\u00f3 hasta la casa de sus padres: \u201cCompart\u00ed dos vasos de vino mezclado con bebida hasta las 23:00 horas. Posteriormente me junt\u00e9 con unos amigos que hab\u00edamos decidido salir a carretear a San Felipe. Despu\u00e9s del accidente, tengo vagos recuerdos de lo que pas\u00f3, mi psic\u00f3logo me dice que se debi\u00f3 por el golpe debido a una amnesia por estr\u00e9s post traum\u00e1tica\u201d.<br \/>\nReflexion\u00f3, que desde aquel d\u00eda hasta la fecha ha sido muy duro para \u00e9l vivir todo este proceso \u201c(\u2026) Uno siempre respeta las leyes, las normas del tr\u00e1nsito, pienso yo que me qued\u00e9 dormido. (\u2026) nunca pens\u00e9 que podr\u00eda haber causado tanto dolor, sufrimiento para la familia de Javier Mu\u00f1oz, especialmente su se\u00f1ora, sus hijas. Mi familia que tambi\u00e9n la ha pasado mal, hasta ahora me siento avergonzado, porque mi vida tampoco ha sido f\u00e1cil, en 2013 me vi afectado por un c\u00e1ncer de colon con tratamiento de quimioterapia\u201d.<br \/>\nTras diez minutos de su relato, Vera resumi\u00f3 su mal estado de \u00e1nimo tras dejar a una familia descompuesta \u201cunas hijas sin su padre, ha sido lamentable, pedirle perd\u00f3n muy sinceramente, nunca le har\u00eda da\u00f1o a nadie\u201d.<\/p>\n<p><strong>FISCAL Y QUERELLANTES LO INTERROGAN<br \/>\n<\/strong>El Fiscal Eduardo Fajardo De La Cuba, directamente le consult\u00f3 al imputado la cantidad de alcohol que hab\u00eda bebido aquel d\u00eda, a lo que Vera Pizarro respondi\u00f3: \u201cDos copas de vino chica mezclada de bebida, despu\u00e9s con mis amigos una cerveza, despu\u00e9s por el golpe no me acuerdo lo que consum\u00ed en el local de San Felipe, yo no tomo destilados por mi enfermedad\u201d.<br \/>\nUno de los querellantes intervinientes lo enfrent\u00f3 con una declaraci\u00f3n firmada ante la Fiscal\u00eda el 12 de enero de 2016 en la que asegura: \u201cLuego fui a casa de un t\u00edo y me tom\u00e9 dos cervezas\u201d.<br \/>\nEn este punto del juicio, se revel\u00f3 que el acusado junto a otras amistades, concurrieron en autos separados desde Catemu hasta la Discoteque Balmaceda, ubicada en avenida O\u00b4Higgins de San Felipe, donde habr\u00edan consumido una cantidad indeterminada de alcohol.<br \/>\nDiego Vera recuerda que luego de abandonar ese local, uno de sus amigos le indic\u00f3 que se encontraba en condiciones para manejar su veh\u00edculo, siendo seguido por este mismo testigo en un segundo autom\u00f3vil, iniciando su marcha por la ruta 60CH en direcci\u00f3n a Catemu.<br \/>\nEn el entendido de las pruebas de la Fiscal\u00eda, se revela a Vera Pizarro conducir su veh\u00edculo a una velocidad de 150 kil\u00f3metros por hora en una zona de 50 y donde se ubica, a solo algunos metros del lugar del accidente, el Ret\u00e9n de Carabineros. El imputado se refiri\u00f3 a que su amigo lo segu\u00eda en su autom\u00f3vil a corta distancia, presumi\u00e9ndose entre los intervinientes que ambos habr\u00edan iniciado una carrera clandestina por la carretera segundos antes del accidente, el cual fue consultado, respondiendo negativamente.<br \/>\nEl imputado al referirse a este amigo, asever\u00f3 que tras el grave impacto al veh\u00edculo conducido por Javier Mu\u00f1oz memor\u00f3 que \u201c\u00e9l lleg\u00f3 altiro y vio todo lo que pas\u00f3 del choque\u201d.<br \/>\nDurante el interrogatorio al imputado se le refresc\u00f3 una detenci\u00f3n de Carabineros por conducir bajo la influencia del alcohol en el mes de febrero del 2015: \u201cMe realizaron un test de alcoholemia y en el cual tuve una infracci\u00f3n y la licencia postergada por tres meses\u201d, respondi\u00f3 Vera.<br \/>\nEl acusado concluy\u00f3 que las consecuencias de este accidente se debieron al cansancio de aquel d\u00eda y haber bebido alcohol: \u201cNo dimension\u00e9 las consecuencias de haber bebido alcohol, es un tremendo error por haber hecho eso, lamentablemente por la muerte de Javier Mu\u00f1oz, el cual es una mochila que voy a cargar de por vida\u201d.<br \/>\n<strong>Pablo Salinas Sald\u00edas<\/strong><\/p>\n<figure id=\"attachment_70518\" aria-describedby=\"caption-attachment-70518\" style=\"width: 530px\" class=\"wp-caption alignleft\"><a href=\"http:\/\/www.eltrabajo.cl\/portal\/diego-vera-pidio-perdon-a-la-familia-de-javier-munoz-en-intenso-interrogatorio\/captura-2\/\" rel=\"attachment wp-att-70518\"><img data-recalc-dims=\"1\" loading=\"lazy\" decoding=\"async\" class=\"size-full wp-image-70518\" src=\"https:\/\/i0.wp.com\/www.eltrabajo.cl\/portal\/wp-content\/uploads\/2016\/06\/CAPTURA-2.jpg?resize=530%2C348\" alt=\"El Fiscal Eduardo Fajardo durante el juicio. (Captura: Poder Judicial TV)\" width=\"530\" height=\"348\" srcset=\"https:\/\/i0.wp.com\/eltrabajo.cl\/portal\/wp-content\/uploads\/2016\/06\/CAPTURA-2.jpg?w=530&amp;ssl=1 530w, https:\/\/i0.wp.com\/eltrabajo.cl\/portal\/wp-content\/uploads\/2016\/06\/CAPTURA-2.jpg?resize=200%2C131&amp;ssl=1 200w, https:\/\/i0.wp.com\/eltrabajo.cl\/portal\/wp-content\/uploads\/2016\/06\/CAPTURA-2.jpg?resize=300%2C197&amp;ssl=1 300w, https:\/\/i0.wp.com\/eltrabajo.cl\/portal\/wp-content\/uploads\/2016\/06\/CAPTURA-2.jpg?resize=228%2C150&amp;ssl=1 228w, https:\/\/i0.wp.com\/eltrabajo.cl\/portal\/wp-content\/uploads\/2016\/06\/CAPTURA-2.jpg?resize=400%2C263&amp;ssl=1 400w\" sizes=\"auto, (max-width: 530px) 100vw, 530px\" \/><\/a><figcaption id=\"caption-attachment-70518\" class=\"wp-caption-text\">El Fiscal Eduardo Fajardo durante el juicio. (Captura: Poder Judicial TV)<\/figcaption><\/figure>\n<figure id=\"attachment_70519\" aria-describedby=\"caption-attachment-70519\" style=\"width: 528px\" class=\"wp-caption alignleft\"><a href=\"http:\/\/www.eltrabajo.cl\/portal\/diego-vera-pidio-perdon-a-la-familia-de-javier-munoz-en-intenso-interrogatorio\/dig\/\" rel=\"attachment wp-att-70519\"><img data-recalc-dims=\"1\" loading=\"lazy\" decoding=\"async\" class=\"size-full wp-image-70519\" src=\"https:\/\/i0.wp.com\/www.eltrabajo.cl\/portal\/wp-content\/uploads\/2016\/06\/DIEGO-VERA-PIZARRO-1.jpg?resize=528%2C350\" alt=\"Diego Vera Pizarro al inicio del juicio en su contra.\" width=\"528\" height=\"350\" srcset=\"https:\/\/i0.wp.com\/eltrabajo.cl\/portal\/wp-content\/uploads\/2016\/06\/DIEGO-VERA-PIZARRO-1.jpg?w=528&amp;ssl=1 528w, https:\/\/i0.wp.com\/eltrabajo.cl\/portal\/wp-content\/uploads\/2016\/06\/DIEGO-VERA-PIZARRO-1.jpg?resize=200%2C133&amp;ssl=1 200w, https:\/\/i0.wp.com\/eltrabajo.cl\/portal\/wp-content\/uploads\/2016\/06\/DIEGO-VERA-PIZARRO-1.jpg?resize=300%2C199&amp;ssl=1 300w, https:\/\/i0.wp.com\/eltrabajo.cl\/portal\/wp-content\/uploads\/2016\/06\/DIEGO-VERA-PIZARRO-1.jpg?resize=226%2C150&amp;ssl=1 226w, https:\/\/i0.wp.com\/eltrabajo.cl\/portal\/wp-content\/uploads\/2016\/06\/DIEGO-VERA-PIZARRO-1.jpg?resize=400%2C265&amp;ssl=1 400w\" sizes=\"auto, (max-width: 528px) 100vw, 528px\" \/><\/a><figcaption id=\"caption-attachment-70519\" class=\"wp-caption-text\">Diego Vera Pizarro al inicio del juicio en su contra.<\/figcaption><\/figure>\n<figure id=\"attachment_70520\" aria-describedby=\"caption-attachment-70520\" style=\"width: 530px\" class=\"wp-caption alignleft\"><a href=\"http:\/\/www.eltrabajo.cl\/portal\/diego-vera-pidio-perdon-a-la-familia-de-javier-munoz-en-intenso-interrogatorio\/javier-munoz-8\/\" rel=\"attachment wp-att-70520\"><img data-recalc-dims=\"1\" loading=\"lazy\" decoding=\"async\" class=\"size-full wp-image-70520\" src=\"https:\/\/i0.wp.com\/www.eltrabajo.cl\/portal\/wp-content\/uploads\/2016\/06\/JAVIER-MU%C3%91OZ.jpg?resize=530%2C348\" alt=\"Javier Mu\u00f1oz Delgado destacado relator deportivo en el canal CDF, falleci\u00f3 en un lamentable accidente de tr\u00e1nsito.\" width=\"530\" height=\"348\" srcset=\"https:\/\/i0.wp.com\/eltrabajo.cl\/portal\/wp-content\/uploads\/2016\/06\/JAVIER-MU%C3%91OZ.jpg?w=530&amp;ssl=1 530w, https:\/\/i0.wp.com\/eltrabajo.cl\/portal\/wp-content\/uploads\/2016\/06\/JAVIER-MU%C3%91OZ.jpg?resize=200%2C131&amp;ssl=1 200w, https:\/\/i0.wp.com\/eltrabajo.cl\/portal\/wp-content\/uploads\/2016\/06\/JAVIER-MU%C3%91OZ.jpg?resize=300%2C197&amp;ssl=1 300w, https:\/\/i0.wp.com\/eltrabajo.cl\/portal\/wp-content\/uploads\/2016\/06\/JAVIER-MU%C3%91OZ.jpg?resize=228%2C150&amp;ssl=1 228w, https:\/\/i0.wp.com\/eltrabajo.cl\/portal\/wp-content\/uploads\/2016\/06\/JAVIER-MU%C3%91OZ.jpg?resize=400%2C263&amp;ssl=1 400w\" sizes=\"auto, (max-width: 530px) 100vw, 530px\" \/><\/a><figcaption id=\"caption-attachment-70520\" class=\"wp-caption-text\">Javier Mu\u00f1oz Delgado destacado relator deportivo en el canal CDF, falleci\u00f3 en un lamentable accidente de tr\u00e1nsito.<\/figcaption><\/figure>\n<figure id=\"attachment_70521\" aria-describedby=\"caption-attachment-70521\" style=\"width: 530px\" class=\"wp-caption alignleft\"><a href=\"http:\/\/www.eltrabajo.cl\/portal\/diego-vera-pidio-perdon-a-la-familia-de-javier-munoz-en-intenso-interrogatorio\/captura-1-2\/\" rel=\"attachment wp-att-70521\"><img data-recalc-dims=\"1\" loading=\"lazy\" decoding=\"async\" class=\"size-full wp-image-70521\" src=\"https:\/\/i0.wp.com\/www.eltrabajo.cl\/portal\/wp-content\/uploads\/2016\/06\/CAPTURA-1.jpg?resize=530%2C348\" alt=\"Im\u00e1genes del desarrollo del juicio transmitidas por el canal del Poder Judicial TV.\" width=\"530\" height=\"348\" srcset=\"https:\/\/i0.wp.com\/eltrabajo.cl\/portal\/wp-content\/uploads\/2016\/06\/CAPTURA-1.jpg?w=530&amp;ssl=1 530w, https:\/\/i0.wp.com\/eltrabajo.cl\/portal\/wp-content\/uploads\/2016\/06\/CAPTURA-1.jpg?resize=200%2C131&amp;ssl=1 200w, https:\/\/i0.wp.com\/eltrabajo.cl\/portal\/wp-content\/uploads\/2016\/06\/CAPTURA-1.jpg?resize=300%2C197&amp;ssl=1 300w, https:\/\/i0.wp.com\/eltrabajo.cl\/portal\/wp-content\/uploads\/2016\/06\/CAPTURA-1.jpg?resize=228%2C150&amp;ssl=1 228w, https:\/\/i0.wp.com\/eltrabajo.cl\/portal\/wp-content\/uploads\/2016\/06\/CAPTURA-1.jpg?resize=400%2C263&amp;ssl=1 400w\" sizes=\"auto, (max-width: 530px) 100vw, 530px\" \/><\/a><figcaption id=\"caption-attachment-70521\" class=\"wp-caption-text\">Im\u00e1genes del desarrollo del juicio transmitidas por el canal del Poder Judicial TV.<\/figcaption><\/figure>\n","protected":false},"excerpt":{"rendered":"<p>Veredicto ser\u00e1 dado a conocer hoy en Tribunales:\u00a0Testigos y peritos participaron en el juicio, iniciado este viernes en tribunales, reconstruyendo el tr\u00e1gico accidente que cost\u00f3 la vida del relator deportivo. El acusado,&#8230;<\/p>\n","protected":false},"author":1,"featured_media":70519,"comment_status":"open","ping_status":"open","sticky":false,"template":"","format":"standard","meta":{"advanced_seo_description":"","jetpack_seo_html_title":"","jetpack_seo_noindex":false,"_jetpack_memberships_contains_paid_content":false,"footnotes":""},"categories":[21],"tags":[],"class_list":["post-70517","post","type-post","status-publish","format-standard","has-post-thumbnail","hentry","category-policial"],"jetpack_featured_media_url":"https:\/\/i0.wp.com\/eltrabajo.cl\/portal\/wp-content\/uploads\/2016\/06\/DIEGO-VERA-PIZARRO-1.jpg?fit=528%2C350&ssl=1","jetpack_sharing_enabled":true,"jetpack_likes_enabled":true,"jetpack-related-posts":[],"_links":{"self":[{"href":"https:\/\/eltrabajo.cl\/portal\/wp-json\/wp\/v2\/posts\/70517","targetHints":{"allow":["GET"]}}],"collection":[{"href":"https:\/\/eltrabajo.cl\/portal\/wp-json\/wp\/v2\/posts"}],"about":[{"href":"https:\/\/eltrabajo.cl\/portal\/wp-json\/wp\/v2\/types\/post"}],"author":[{"embeddable":true,"href":"https:\/\/eltrabajo.cl\/portal\/wp-json\/wp\/v2\/users\/1"}],"replies":[{"embeddable":true,"href":"https:\/\/eltrabajo.cl\/portal\/wp-json\/wp\/v2\/comments?post=70517"}],"version-history":[{"count":0,"href":"https:\/\/eltrabajo.cl\/portal\/wp-json\/wp\/v2\/posts\/70517\/revisions"}],"wp:featuredmedia":[{"embeddable":true,"href":"https:\/\/eltrabajo.cl\/portal\/wp-json\/wp\/v2\/media\/70519"}],"wp:attachment":[{"href":"https:\/\/eltrabajo.cl\/portal\/wp-json\/wp\/v2\/media?parent=70517"}],"wp:term":[{"taxonomy":"category","embeddable":true,"href":"https:\/\/eltrabajo.cl\/portal\/wp-json\/wp\/v2\/categories?post=70517"},{"taxonomy":"post_tag","embeddable":true,"href":"https:\/\/eltrabajo.cl\/portal\/wp-json\/wp\/v2\/tags?post=70517"}],"curies":[{"name":"wp","href":"https:\/\/api.w.org\/{rel}","templated":true}]}}