{"id":70524,"date":"2016-06-06T09:47:35","date_gmt":"2016-06-06T13:47:35","guid":{"rendered":"http:\/\/www.eltrabajo.cl\/portal\/?p=70524"},"modified":"2016-06-06T09:47:35","modified_gmt":"2016-06-06T13:47:35","slug":"conmovedor-relato-entrego-la-esposa-de-javier-munoz-durante-el-juicio","status":"publish","type":"post","link":"https:\/\/eltrabajo.cl\/portal\/conmovedor-relato-entrego-la-esposa-de-javier-munoz-durante-el-juicio\/","title":{"rendered":"Conmovedor relato entreg\u00f3 la esposa de Javier Mu\u00f1oz durante el juicio"},"content":{"rendered":"<p>Para reflejar la extensi\u00f3n del mal causado a la familia de Javier Mu\u00f1oz, espec\u00edficamente a sus hijas y su esposa, la Fiscal\u00eda present\u00f3 ante el tribunal el testimonio de la actual viuda del relator deportivo, Ana Mar\u00eda Espinoza, quien en un conmovedor y emocionante testimonio, repas\u00f3 los 17 a\u00f1os de matrimonio que se vieron truncados tras el fatal accidente y las repercusiones psicol\u00f3gicas que le siguen afectando.<br \/>\nFrente al micr\u00f3fono, la mujer entre l\u00e1grimas y con voz quebradiza detall\u00f3 el duro proceso que ha debido vivir junto a sus hijas de 17 y 10 a\u00f1os, quienes a\u00fan esperan el regreso de su padre Javier hasta su casa. Ana Mar\u00eda record\u00f3 los minutos cuando se enter\u00f3 por su padre que su esposo se encontraba en el Hospital en estado grave tras un accidente automovil\u00edstico.<br \/>\n\u201cIngresan a Javier a la sala de reanimaci\u00f3n y el m\u00e9dico conversa conmigo y \u00e9l me manifiesta lo que hab\u00eda sucedido y que estaba estable en su gravedad, me qued\u00e9 por mucho tiempo con Javier acompa\u00f1\u00e1ndolo. Cuando lleg\u00f3 el neurocirujano lo examin\u00f3 y sali\u00f3 a darme el diagn\u00f3stico, lo cual manifest\u00f3 que no se pod\u00eda operar por la gravedad de las lesiones en su cerebro, quer\u00edan cortarle la hemorragia que \u00e9l ten\u00eda, no hab\u00eda nada m\u00e1s que hacer\u201d.<br \/>\nPosteriormente, se refiri\u00f3 diciendo desesperada que \u201cPor la culpa de un sujeto, que en un minuto no pens\u00f3 en nada, que un minuto despu\u00e9s de todo se ri\u00f3 de todo hasta de su familia, haya ocasionado este accidente como el que sufri\u00f3 mi esposo, nosotros hasta el d\u00eda de hoy estamos siendo atendidos por el Apoyo a V\u00edctimas que pertenece a la Subsecretar\u00eda del delito. Si bien podemos ahora hablar, si bien ahora podemos conversar del tema, en un minuto no pod\u00edamos caminar\u201d.<br \/>\nEl sufrimiento que a\u00fan arrastra con la p\u00e9rdida de su esposo Javier Mu\u00f1oz, su viuda reitera sus palabras directamente sobre el imputado Diego Vera Pizarro: \u201c\u00c9l ni siquiera tiene idea de lo que he vivido y sigo viviendo con mis hijas. Mi hija mayor presentaba crisis, en la casa me tuve que levantar en las noches, yo era la que velaba el sue\u00f1o de mis hijas, cu\u00e1ntas semanas sin poder dormir, cu\u00e1ntas veces tuve que ir con la m\u00e1s grande, llegar al hospital a punto de entrar en crisis de p\u00e1nico. Ella no asume lo que est\u00e1 pasando, ella dice mi pap\u00e1 no est\u00e1 muerto, mi pap\u00e1 va a llegar y mi hija esperaba toda las noches a su pap\u00e1 que abriera la puerta\u201d.<br \/>\nAna Mar\u00eda destac\u00f3 todos los logros que obtuvo su esposo durante su carrera profesional y la felicidad que significaba vivirlo en familia: \u201cCada pelda\u00f1o que \u00e9l fue escalando, fue por nosotros, sus logros, lo orgulloso que \u00e9l estaba porque iba subiendo, nosotros fuimos una familia muy humilde y sacrificada y bajo al esfuerzo de ambos llegamos a estar donde estamos\u201d.<br \/>\n<strong>Pablo Salinas Sald\u00edas<\/strong><\/p>\n<figure id=\"attachment_70525\" aria-describedby=\"caption-attachment-70525\" style=\"width: 530px\" class=\"wp-caption alignleft\"><a href=\"http:\/\/www.eltrabajo.cl\/portal\/conmovedor-relato-entrego-la-esposa-de-javier-munoz-durante-el-juicio\/ana-maria-espinoza\/\" rel=\"attachment wp-att-70525\"><img data-recalc-dims=\"1\" loading=\"lazy\" decoding=\"async\" class=\"size-full wp-image-70525\" src=\"https:\/\/i0.wp.com\/www.eltrabajo.cl\/portal\/wp-content\/uploads\/2016\/06\/ANA-MARIA-ESPINOZA.jpg?resize=530%2C348\" alt=\"Ana Mar\u00eda Espinoza, viuda de Javier Mu\u00f1oz Delgado. (Captura Poder Judicial TV).\" width=\"530\" height=\"348\" srcset=\"https:\/\/i0.wp.com\/eltrabajo.cl\/portal\/wp-content\/uploads\/2016\/06\/ANA-MARIA-ESPINOZA.jpg?w=530&amp;ssl=1 530w, https:\/\/i0.wp.com\/eltrabajo.cl\/portal\/wp-content\/uploads\/2016\/06\/ANA-MARIA-ESPINOZA.jpg?resize=200%2C131&amp;ssl=1 200w, https:\/\/i0.wp.com\/eltrabajo.cl\/portal\/wp-content\/uploads\/2016\/06\/ANA-MARIA-ESPINOZA.jpg?resize=300%2C197&amp;ssl=1 300w, https:\/\/i0.wp.com\/eltrabajo.cl\/portal\/wp-content\/uploads\/2016\/06\/ANA-MARIA-ESPINOZA.jpg?resize=228%2C150&amp;ssl=1 228w, https:\/\/i0.wp.com\/eltrabajo.cl\/portal\/wp-content\/uploads\/2016\/06\/ANA-MARIA-ESPINOZA.jpg?resize=400%2C263&amp;ssl=1 400w\" sizes=\"auto, (max-width: 530px) 100vw, 530px\" \/><\/a><figcaption id=\"caption-attachment-70525\" class=\"wp-caption-text\">Ana Mar\u00eda Espinoza, viuda de Javier Mu\u00f1oz Delgado. (Captura Poder Judicial TV).<\/figcaption><\/figure>\n","protected":false},"excerpt":{"rendered":"<p>Para reflejar la extensi\u00f3n del mal causado a la familia de Javier Mu\u00f1oz, espec\u00edficamente a sus hijas y su esposa, la Fiscal\u00eda present\u00f3 ante el tribunal el testimonio de la actual viuda&#8230;<\/p>\n","protected":false},"author":1,"featured_media":70525,"comment_status":"open","ping_status":"open","sticky":false,"template":"","format":"standard","meta":{"advanced_seo_description":"","jetpack_seo_html_title":"","jetpack_seo_noindex":false,"_jetpack_memberships_contains_paid_content":false,"footnotes":""},"categories":[21],"tags":[],"class_list":["post-70524","post","type-post","status-publish","format-standard","has-post-thumbnail","hentry","category-policial"],"jetpack_featured_media_url":"https:\/\/i0.wp.com\/eltrabajo.cl\/portal\/wp-content\/uploads\/2016\/06\/ANA-MARIA-ESPINOZA.jpg?fit=530%2C348&ssl=1","jetpack_sharing_enabled":true,"jetpack_likes_enabled":true,"jetpack-related-posts":[],"_links":{"self":[{"href":"https:\/\/eltrabajo.cl\/portal\/wp-json\/wp\/v2\/posts\/70524","targetHints":{"allow":["GET"]}}],"collection":[{"href":"https:\/\/eltrabajo.cl\/portal\/wp-json\/wp\/v2\/posts"}],"about":[{"href":"https:\/\/eltrabajo.cl\/portal\/wp-json\/wp\/v2\/types\/post"}],"author":[{"embeddable":true,"href":"https:\/\/eltrabajo.cl\/portal\/wp-json\/wp\/v2\/users\/1"}],"replies":[{"embeddable":true,"href":"https:\/\/eltrabajo.cl\/portal\/wp-json\/wp\/v2\/comments?post=70524"}],"version-history":[{"count":0,"href":"https:\/\/eltrabajo.cl\/portal\/wp-json\/wp\/v2\/posts\/70524\/revisions"}],"wp:featuredmedia":[{"embeddable":true,"href":"https:\/\/eltrabajo.cl\/portal\/wp-json\/wp\/v2\/media\/70525"}],"wp:attachment":[{"href":"https:\/\/eltrabajo.cl\/portal\/wp-json\/wp\/v2\/media?parent=70524"}],"wp:term":[{"taxonomy":"category","embeddable":true,"href":"https:\/\/eltrabajo.cl\/portal\/wp-json\/wp\/v2\/categories?post=70524"},{"taxonomy":"post_tag","embeddable":true,"href":"https:\/\/eltrabajo.cl\/portal\/wp-json\/wp\/v2\/tags?post=70524"}],"curies":[{"name":"wp","href":"https:\/\/api.w.org\/{rel}","templated":true}]}}