{"id":70528,"date":"2016-06-07T08:51:00","date_gmt":"2016-06-07T12:51:00","guid":{"rendered":"http:\/\/www.eltrabajo.cl\/portal\/?p=70528"},"modified":"2016-06-07T08:56:21","modified_gmt":"2016-06-07T12:56:21","slug":"seremi-cultura-y-gobernacion-invitan-a-participar-en-fondos-de-cultura-2017","status":"publish","type":"post","link":"https:\/\/eltrabajo.cl\/portal\/seremi-cultura-y-gobernacion-invitan-a-participar-en-fondos-de-cultura-2017\/","title":{"rendered":"Seremi Cultura y Gobernaci\u00f3n invitan a participar en \u2018Fondos de Cultura 2017\u2019"},"content":{"rendered":"<ul>\n<li><strong>En la Gobernaci\u00f3n de San Felipe se dieron a conocer las novedades de esta convocatoria que abre sus postulaciones este martes.<\/strong><\/li>\n<\/ul>\n<p>La directora del Consejo Regional de la Cultura y las Artes de Valpara\u00edso (CRCA) N\u00e9lida Pozo, lleg\u00f3 este lunes a la Gobernaci\u00f3n de San Felipe para dar a conocer, junto al gobernador Eduardo Le\u00f3n, las novedades de los Fondos de Cultura 2017, cuya postulaci\u00f3n se abre ma\u00f1ana martes 7 de junio.<br \/>\nAmbas autoridades, que compartieron un desayuno con los beneficiarios de la Provincia del a\u00f1o anterior, llamaron a los artistas, gestores, cultores e instituciones del Valle de Aconcagua a informarse y participar en esta convocatoria, \u201cya que es una gran oportunidad para financiar los proyectos y los sue\u00f1os de cultura. El \u00faltimo a\u00f1o tuvimos una importante presencia de esta provincia y queremos lograr un aumento de las postulaciones este 2017, por lo que haremos charlas informativas en varias comunas para ampliar esa participaci\u00f3n\u201d sostuvo N\u00e9lida Pozo.<br \/>\nEn la provincia de San Felipe, fueron beneficiados siete proyectos en la versi\u00f3n anterior de fondos de cultura, por un monto superior a los $ 80 millones, por lo que el gobernador Eduardo Le\u00f3n inform\u00f3 que \u201cEl a\u00f1o pasado hubo mucha participaci\u00f3n de agrupaciones y este a\u00f1o viene la l\u00ednea centenario de Violeta Parra, por lo que el llamado es que Aconcagua sea competitivo y podamos presentar proyectos en todas las l\u00edneas, ya que incluso se est\u00e1 expandiendo a la gastronom\u00eda y nosotros como valle tenemos un importante patrimonio gastron\u00f3mico que podemos relevar a trav\u00e9s de este concurso\u201d sostuvo la m\u00e1xima autoridad provincial.<br \/>\nRespecto a las novedades para este 2017 destacan; La l\u00ednea Centenario Violeta Parra, que entregar\u00e1 hasta $15 millones por proyecto, el cual puede abordar un espectro tan diverso como las disciplinas que abord\u00f3 la cantautora, pintora, bordadora y ceramista chilena y tambi\u00e9n repartir\u00e1 $200 millones entre proyectos de creaci\u00f3n, difusi\u00f3n e investigaci\u00f3n en torno a la legendaria artista.<br \/>\nAdem\u00e1s, por primera vez en la historia del Fondart, se crean dos modalidades exclusivas para la Regi\u00f3n de Valpara\u00edso y que apuntan a dos \u00e1reas que tienen que ver con las pol\u00edticas actuales que est\u00e1 desarrollando el Consejo Regional de la Cultura; la gesti\u00f3n sustentable del patrimonio cultural y el fortalecimiento de la lengua Rapa Nui.<\/p>\n<p><strong>FONDART<\/strong><br \/>\nEl Fondart Regional que corresponde a la Regi\u00f3n de Valpara\u00edso tendr\u00e1 un monto de $661.973.400, superando los $ 529.024.100 de la convocatoria anterior.<br \/>\nEn modalidades espec\u00edficas del Fondo Audiovisual, en las l\u00edneas de formaci\u00f3n, producci\u00f3n audiovisual regional y difusi\u00f3n e implementaci\u00f3n se repartir\u00e1 entre un 50% y un 100% del total de los recursos en regiones.<br \/>\nLas modalidades de creaci\u00f3n de las l\u00edneas de artes visuales, artes esc\u00e9nicas, dise\u00f1o y arquitectura de Fondart nacional destinar\u00e1n al menos el 30% de los recursos a proyectos de regiones. La l\u00ednea de artesan\u00eda har\u00e1 lo mismo en un 50%.<br \/>\nTodos los proyectos financiados en esa convocatoria, deben incluir en su formulaci\u00f3n, propuestas de difusi\u00f3n art\u00edstica en establecimientos escolares de educaci\u00f3n p\u00fablica y en comunidades cercanas. De este modo, los ganadores aportar\u00e1n de esta manera a la formaci\u00f3n art\u00edstica en escuelas y liceos, fortaleciendo el conocimiento y la reflexi\u00f3n.<br \/>\nLas postulaciones se pueden realizar desde este martes 7 de junio y antes de ellos hay que registrar un perfil. El cierre del proceso de postulaci\u00f3n ser\u00e1 diferenciado, acorde a los distintos fondos. El fondo del libro cierra el 22 de julio; Fondart nacional el 26 de julio; Fondart regional el 28 de julio; fondo de la m\u00fasica el 1 de agosto y fondo audiovisual, el 3 de agosto.<br \/>\nLas bases ya se encuentran disponibles en la plataforma web de postulaci\u00f3n fondoscultura.gob.cl.<\/p>\n<figure id=\"attachment_70529\" aria-describedby=\"caption-attachment-70529\" style=\"width: 530px\" class=\"wp-caption alignleft\"><a href=\"http:\/\/www.eltrabajo.cl\/portal\/seremi-cultura-y-gobernacion-invitan-a-participar-en-fondos-de-cultura-2017\/seremi-cultura\/\" rel=\"attachment wp-att-70529\"><img data-recalc-dims=\"1\" loading=\"lazy\" decoding=\"async\" class=\"size-full wp-image-70529\" src=\"https:\/\/i0.wp.com\/www.eltrabajo.cl\/portal\/wp-content\/uploads\/2016\/06\/seremi-cultura.jpg?resize=530%2C349\" alt=\"Autoridades compartieron un desayuno con los beneficiarios del \u2018Fondo de Cultura\u2019 de la Provincia del a\u00f1o anterior, llamaron a los artistas, gestores, cultores e instituciones del Valle de Aconcagua a informarse y participar en esta convocatoria.\" width=\"530\" height=\"349\" srcset=\"https:\/\/i0.wp.com\/eltrabajo.cl\/portal\/wp-content\/uploads\/2016\/06\/seremi-cultura.jpg?w=530&amp;ssl=1 530w, https:\/\/i0.wp.com\/eltrabajo.cl\/portal\/wp-content\/uploads\/2016\/06\/seremi-cultura.jpg?resize=200%2C132&amp;ssl=1 200w, https:\/\/i0.wp.com\/eltrabajo.cl\/portal\/wp-content\/uploads\/2016\/06\/seremi-cultura.jpg?resize=300%2C198&amp;ssl=1 300w, https:\/\/i0.wp.com\/eltrabajo.cl\/portal\/wp-content\/uploads\/2016\/06\/seremi-cultura.jpg?resize=228%2C150&amp;ssl=1 228w, https:\/\/i0.wp.com\/eltrabajo.cl\/portal\/wp-content\/uploads\/2016\/06\/seremi-cultura.jpg?resize=400%2C263&amp;ssl=1 400w\" sizes=\"auto, (max-width: 530px) 100vw, 530px\" \/><\/a><figcaption id=\"caption-attachment-70529\" class=\"wp-caption-text\">Autoridades compartieron un desayuno con los beneficiarios del \u2018Fondo de Cultura\u2019 de la Provincia del a\u00f1o anterior, llamaron a los artistas, gestores, cultores e instituciones del Valle de Aconcagua a informarse y participar en esta convocatoria.<\/figcaption><\/figure>\n","protected":false},"excerpt":{"rendered":"<p>En la Gobernaci\u00f3n de San Felipe se dieron a conocer las novedades de esta convocatoria que abre sus postulaciones este martes. La directora del Consejo Regional de la Cultura y las Artes&#8230;<\/p>\n","protected":false},"author":1,"featured_media":70529,"comment_status":"open","ping_status":"open","sticky":false,"template":"","format":"standard","meta":{"advanced_seo_description":"","jetpack_seo_html_title":"","jetpack_seo_noindex":false,"_jetpack_memberships_contains_paid_content":false,"footnotes":""},"categories":[1],"tags":[],"class_list":["post-70528","post","type-post","status-publish","format-standard","has-post-thumbnail","hentry","category-cronica"],"jetpack_featured_media_url":"https:\/\/i0.wp.com\/eltrabajo.cl\/portal\/wp-content\/uploads\/2016\/06\/seremi-cultura.jpg?fit=530%2C349&ssl=1","jetpack_sharing_enabled":true,"jetpack_likes_enabled":true,"jetpack-related-posts":[],"_links":{"self":[{"href":"https:\/\/eltrabajo.cl\/portal\/wp-json\/wp\/v2\/posts\/70528","targetHints":{"allow":["GET"]}}],"collection":[{"href":"https:\/\/eltrabajo.cl\/portal\/wp-json\/wp\/v2\/posts"}],"about":[{"href":"https:\/\/eltrabajo.cl\/portal\/wp-json\/wp\/v2\/types\/post"}],"author":[{"embeddable":true,"href":"https:\/\/eltrabajo.cl\/portal\/wp-json\/wp\/v2\/users\/1"}],"replies":[{"embeddable":true,"href":"https:\/\/eltrabajo.cl\/portal\/wp-json\/wp\/v2\/comments?post=70528"}],"version-history":[{"count":0,"href":"https:\/\/eltrabajo.cl\/portal\/wp-json\/wp\/v2\/posts\/70528\/revisions"}],"wp:featuredmedia":[{"embeddable":true,"href":"https:\/\/eltrabajo.cl\/portal\/wp-json\/wp\/v2\/media\/70529"}],"wp:attachment":[{"href":"https:\/\/eltrabajo.cl\/portal\/wp-json\/wp\/v2\/media?parent=70528"}],"wp:term":[{"taxonomy":"category","embeddable":true,"href":"https:\/\/eltrabajo.cl\/portal\/wp-json\/wp\/v2\/categories?post=70528"},{"taxonomy":"post_tag","embeddable":true,"href":"https:\/\/eltrabajo.cl\/portal\/wp-json\/wp\/v2\/tags?post=70528"}],"curies":[{"name":"wp","href":"https:\/\/api.w.org\/{rel}","templated":true}]}}