{"id":70534,"date":"2016-06-07T09:00:28","date_gmt":"2016-06-07T13:00:28","guid":{"rendered":"http:\/\/www.eltrabajo.cl\/portal\/?p=70534"},"modified":"2016-06-07T09:00:29","modified_gmt":"2016-06-07T13:00:29","slug":"club-del-adulto-mayor-orden-y-amistad-celebro-sus-17-anos-de-existencia","status":"publish","type":"post","link":"https:\/\/eltrabajo.cl\/portal\/club-del-adulto-mayor-orden-y-amistad-celebro-sus-17-anos-de-existencia\/","title":{"rendered":"Club del Adulto Mayor Orden y Amistad celebr\u00f3 sus 17 a\u00f1os de existencia"},"content":{"rendered":"<p>Una colosal gala de sus socios, es la que se realiz\u00f3 el pasado fin de semana el Club del Adulto Mayor Orden y Amistad, el que cumpli\u00f3 sus 17 a\u00f1os de estar en funcionamiento, esta agrupaci\u00f3n es la que cuenta con m\u00e1s socios activos en todo Chile, pues tiene a 360 pensionados en sus filas, profesionales de Carabineros, PDI y Gendarmer\u00eda y Registro Civil. La actividad se realiz\u00f3 en la sede de Cirpedipreca en San Felipe.<br \/>\nDiario El Trabajo habl\u00f3 con Javier Mu\u00f1oz G\u00f3mez, presidente del club, \u00absomos profesionales que nos unimos hace 17 a\u00f1os con la idea de compartir en amistad nuestro retiro, as\u00ed tambi\u00e9n con la idea de apoyarnos cuando alguno de nosotros necesita ayuda. Cada socio contamos con una cuota mortuoria y contamos con un fondo solidario para casos especiales\u00bb, dijo Mu\u00f1oz.<br \/>\nLa actividad, cont\u00f3 con m\u00fasica del recuerdo; un artista que cant\u00f3 para todos y una deliciosa comida, posteriormente lleg\u00f3 el alcalde Patricio Freire, quien se uni\u00f3 al ambiente de alegr\u00eda y camarader\u00eda. Seg\u00fan explic\u00f3 el dirigente, cualquier persona, aunque no viva en San Felipe, pero si cuenta con 60 a\u00f1os o m\u00e1s, puede solicitar el ingreso a este club.<br \/>\nRoberto Gonz\u00e1lez Short<br \/>\nrgonzalez@eltrabajo.cl<\/p>\n<figure id=\"attachment_70537\" aria-describedby=\"caption-attachment-70537\" style=\"width: 530px\" class=\"wp-caption alignleft\"><a href=\"http:\/\/www.eltrabajo.cl\/portal\/club-del-adulto-mayor-orden-y-amistad-celebro-sus-17-anos-de-existencia\/club3\/\" rel=\"attachment wp-att-70537\"><img data-recalc-dims=\"1\" loading=\"lazy\" decoding=\"async\" class=\"size-full wp-image-70537\" src=\"https:\/\/i0.wp.com\/www.eltrabajo.cl\/portal\/wp-content\/uploads\/2016\/06\/Club3.jpg?resize=530%2C349\" alt=\"GALA ESPECIAL.- Las copas se levantaron una vez m\u00e1s en honor al Club del Adulto Mayor Orden y Amistad.\" width=\"530\" height=\"349\" srcset=\"https:\/\/i0.wp.com\/eltrabajo.cl\/portal\/wp-content\/uploads\/2016\/06\/Club3.jpg?w=530&amp;ssl=1 530w, https:\/\/i0.wp.com\/eltrabajo.cl\/portal\/wp-content\/uploads\/2016\/06\/Club3.jpg?resize=200%2C132&amp;ssl=1 200w, https:\/\/i0.wp.com\/eltrabajo.cl\/portal\/wp-content\/uploads\/2016\/06\/Club3.jpg?resize=300%2C198&amp;ssl=1 300w, https:\/\/i0.wp.com\/eltrabajo.cl\/portal\/wp-content\/uploads\/2016\/06\/Club3.jpg?resize=228%2C150&amp;ssl=1 228w, https:\/\/i0.wp.com\/eltrabajo.cl\/portal\/wp-content\/uploads\/2016\/06\/Club3.jpg?resize=400%2C263&amp;ssl=1 400w\" sizes=\"auto, (max-width: 530px) 100vw, 530px\" \/><\/a><figcaption id=\"caption-attachment-70537\" class=\"wp-caption-text\">GALA ESPECIAL.- Las copas se levantaron una vez m\u00e1s en honor al Club del Adulto Mayor Orden y Amistad.<\/figcaption><\/figure>\n<figure id=\"attachment_70536\" aria-describedby=\"caption-attachment-70536\" style=\"width: 530px\" class=\"wp-caption alignleft\"><a href=\"http:\/\/www.eltrabajo.cl\/portal\/club-del-adulto-mayor-orden-y-amistad-celebro-sus-17-anos-de-existencia\/club2-2\/\" rel=\"attachment wp-att-70536\"><img data-recalc-dims=\"1\" loading=\"lazy\" decoding=\"async\" class=\"size-full wp-image-70536\" src=\"https:\/\/i0.wp.com\/www.eltrabajo.cl\/portal\/wp-content\/uploads\/2016\/06\/Club2.jpg?resize=530%2C350\" alt=\"TODOS BRINDARON.- El alcalde Patricio Freire, quien se uni\u00f3 al ambiente de alegr\u00eda y camarader\u00eda, tambi\u00e9n brind\u00f3 por los 17 a\u00f1os de tan prestigioso club.\" width=\"530\" height=\"350\" srcset=\"https:\/\/i0.wp.com\/eltrabajo.cl\/portal\/wp-content\/uploads\/2016\/06\/Club2.jpg?w=530&amp;ssl=1 530w, https:\/\/i0.wp.com\/eltrabajo.cl\/portal\/wp-content\/uploads\/2016\/06\/Club2.jpg?resize=200%2C132&amp;ssl=1 200w, https:\/\/i0.wp.com\/eltrabajo.cl\/portal\/wp-content\/uploads\/2016\/06\/Club2.jpg?resize=300%2C198&amp;ssl=1 300w, https:\/\/i0.wp.com\/eltrabajo.cl\/portal\/wp-content\/uploads\/2016\/06\/Club2.jpg?resize=227%2C150&amp;ssl=1 227w, https:\/\/i0.wp.com\/eltrabajo.cl\/portal\/wp-content\/uploads\/2016\/06\/Club2.jpg?resize=400%2C264&amp;ssl=1 400w\" sizes=\"auto, (max-width: 530px) 100vw, 530px\" \/><\/a><figcaption id=\"caption-attachment-70536\" class=\"wp-caption-text\">TODOS BRINDARON.- El alcalde Patricio Freire, quien se uni\u00f3 al ambiente de alegr\u00eda y camarader\u00eda, tambi\u00e9n brind\u00f3 por los 17 a\u00f1os de tan prestigioso club.<\/figcaption><\/figure>\n<figure id=\"attachment_70535\" aria-describedby=\"caption-attachment-70535\" style=\"width: 530px\" class=\"wp-caption alignleft\"><a href=\"http:\/\/www.eltrabajo.cl\/portal\/club-del-adulto-mayor-orden-y-amistad-celebro-sus-17-anos-de-existencia\/club1-4\/\" rel=\"attachment wp-att-70535\"><img data-recalc-dims=\"1\" loading=\"lazy\" decoding=\"async\" class=\"size-full wp-image-70535\" src=\"https:\/\/i0.wp.com\/www.eltrabajo.cl\/portal\/wp-content\/uploads\/2016\/06\/Club1.jpg?resize=530%2C350\" alt=\"SON 17 A\u00d1OS.- Ellas y ellos lo pasaron muy relajados en esta actividad de aniversario.\" width=\"530\" height=\"350\" srcset=\"https:\/\/i0.wp.com\/eltrabajo.cl\/portal\/wp-content\/uploads\/2016\/06\/Club1.jpg?w=530&amp;ssl=1 530w, https:\/\/i0.wp.com\/eltrabajo.cl\/portal\/wp-content\/uploads\/2016\/06\/Club1.jpg?resize=200%2C132&amp;ssl=1 200w, https:\/\/i0.wp.com\/eltrabajo.cl\/portal\/wp-content\/uploads\/2016\/06\/Club1.jpg?resize=300%2C198&amp;ssl=1 300w, https:\/\/i0.wp.com\/eltrabajo.cl\/portal\/wp-content\/uploads\/2016\/06\/Club1.jpg?resize=227%2C150&amp;ssl=1 227w, https:\/\/i0.wp.com\/eltrabajo.cl\/portal\/wp-content\/uploads\/2016\/06\/Club1.jpg?resize=400%2C264&amp;ssl=1 400w\" sizes=\"auto, (max-width: 530px) 100vw, 530px\" \/><\/a><figcaption id=\"caption-attachment-70535\" class=\"wp-caption-text\">SON 17 A\u00d1OS.- Ellas y ellos lo pasaron muy relajados en esta actividad de aniversario.<\/figcaption><\/figure>\n","protected":false},"excerpt":{"rendered":"<p>Una colosal gala de sus socios, es la que se realiz\u00f3 el pasado fin de semana el Club del Adulto Mayor Orden y Amistad, el que cumpli\u00f3 sus 17 a\u00f1os de estar&#8230;<\/p>\n","protected":false},"author":1,"featured_media":70535,"comment_status":"open","ping_status":"open","sticky":false,"template":"","format":"standard","meta":{"advanced_seo_description":"","jetpack_seo_html_title":"","jetpack_seo_noindex":false,"_jetpack_memberships_contains_paid_content":false,"footnotes":""},"categories":[15],"tags":[],"class_list":["post-70534","post","type-post","status-publish","format-standard","has-post-thumbnail","hentry","category-comunidad"],"jetpack_featured_media_url":"https:\/\/i0.wp.com\/eltrabajo.cl\/portal\/wp-content\/uploads\/2016\/06\/Club1.jpg?fit=530%2C350&ssl=1","jetpack_sharing_enabled":true,"jetpack_likes_enabled":true,"jetpack-related-posts":[],"_links":{"self":[{"href":"https:\/\/eltrabajo.cl\/portal\/wp-json\/wp\/v2\/posts\/70534","targetHints":{"allow":["GET"]}}],"collection":[{"href":"https:\/\/eltrabajo.cl\/portal\/wp-json\/wp\/v2\/posts"}],"about":[{"href":"https:\/\/eltrabajo.cl\/portal\/wp-json\/wp\/v2\/types\/post"}],"author":[{"embeddable":true,"href":"https:\/\/eltrabajo.cl\/portal\/wp-json\/wp\/v2\/users\/1"}],"replies":[{"embeddable":true,"href":"https:\/\/eltrabajo.cl\/portal\/wp-json\/wp\/v2\/comments?post=70534"}],"version-history":[{"count":0,"href":"https:\/\/eltrabajo.cl\/portal\/wp-json\/wp\/v2\/posts\/70534\/revisions"}],"wp:featuredmedia":[{"embeddable":true,"href":"https:\/\/eltrabajo.cl\/portal\/wp-json\/wp\/v2\/media\/70535"}],"wp:attachment":[{"href":"https:\/\/eltrabajo.cl\/portal\/wp-json\/wp\/v2\/media?parent=70534"}],"wp:term":[{"taxonomy":"category","embeddable":true,"href":"https:\/\/eltrabajo.cl\/portal\/wp-json\/wp\/v2\/categories?post=70534"},{"taxonomy":"post_tag","embeddable":true,"href":"https:\/\/eltrabajo.cl\/portal\/wp-json\/wp\/v2\/tags?post=70534"}],"curies":[{"name":"wp","href":"https:\/\/api.w.org\/{rel}","templated":true}]}}