{"id":70540,"date":"2016-06-07T09:05:39","date_gmt":"2016-06-07T13:05:39","guid":{"rendered":"http:\/\/www.eltrabajo.cl\/portal\/?p=70540"},"modified":"2016-06-07T09:05:39","modified_gmt":"2016-06-07T13:05:39","slug":"instalan-sala-de-cine-en-uno-de-los-patios-del-liceo-manuel-marin-fritis","status":"publish","type":"post","link":"https:\/\/eltrabajo.cl\/portal\/instalan-sala-de-cine-en-uno-de-los-patios-del-liceo-manuel-marin-fritis\/","title":{"rendered":"Instalan \u2018Sala de Cine\u2019 en uno de los patios del liceo Manuel Mar\u00edn Fritis"},"content":{"rendered":"<p><strong>PUTAENDO.-<\/strong> Recibidos con alfombra roja, palomitas de ma\u00edz, jugos, entradas y regalos, los alumnos de las escuelas municipales de Putaendo ser\u00e1n parte de las actividades que contempla la visita de \u2018Cine y Valores\u2019. La novedosa apuesta tambi\u00e9n estar\u00e1 dirigida a todo el p\u00fablico con pel\u00edculas gratuitas.<br \/>\nUno de los patios del liceo Manuel Mar\u00edn Fritis se transform\u00f3 en una autentica sala de cine para que la comunidad pueda disfrutar del s\u00e9ptimo arte como en las grandes ciudades del pa\u00eds. Desde este lunes y hasta el viernes, dentro del establecimiento se exhibir\u00e1n un sinn\u00famero de producciones cinematogr\u00e1ficas de nivel mundial, pero con alto contenido educativo.<br \/>\nAs\u00ed lo dio a conocer el director del liceo, Luis Vera, quien expres\u00f3 que todo surge cuando, al asumir su cargo, se dio cuenta que muchos alumnos no conoc\u00edan el cine o ve\u00edan pocas pel\u00edculas. De esta forma, agradeci\u00f3 el apoyo del alcalde Guillermo Reyes y del Daem, quienes ayudaron en la gesti\u00f3n para dar m\u00e1s herramientas de aprendizaje a los estudiantes.<br \/>\n\u201cYo invito a todas las escuelas de Putaendo y a toda la comunidad, los vecinos, vecinas, amigos de Putaendo a ver cine ac\u00e1 en el liceo. Nosotros hemos implementado todo, desde la entrada hasta las butacas con pel\u00edculas para ni\u00f1os de prekinder a cuarto medio, como tambi\u00e9n toda la familia\u201d, manifest\u00f3 Luis Vera Gonz\u00e1lez.<br \/>\nEl objetivo no s\u00f3lo es la diversi\u00f3n de los estudiantes. Seg\u00fan Manuel Arancibia, creador de \u2018Cine y Valores\u2019, su proyecto lleva cinco a\u00f1os entregando actividades formativas en valores para ni\u00f1os. Tambi\u00e9n, se desarrollar\u00e1n foros a cargo de un experto en el que se relacionan los aspectos \u00e9ticos y val\u00f3ricos asociados a las pel\u00edculas, junto a elementos generales sobre historia y desarrollo del s\u00e9ptimo arte.<br \/>\n\u201cSe compone tambi\u00e9n de una serie de herramientas para docentes y funcionarios que tienen que ver con materiales pedag\u00f3gicos, que complementen el trabajo que nosotros hacemos en la escuela. Esta vez queremos incorporar de manera complementaria, pero no menos importante, el aprovechamiento del espacio f\u00edsico que se ha constituido como cine para invitar a la comunidad toda\u201d, explic\u00f3 Arancibia.<\/p>\n<p><strong>PEL\u00cdCULAS GRATUITAS PARA EL P\u00daBLICO<\/strong><br \/>\nComo el liceo tiene pr\u00e1cticamente \u2018Un Cine Propio\u2019, durante toda esta semana, hasta el viernes 10 de junio, se invitar\u00e1 a otros establecimientos educacionales. Ayer comenz\u00f3 el ciclo de cine con ni\u00f1os del primer ciclo b\u00e1sico y se extender\u00e1 a todas las etapas de aprendizajes.<br \/>\nAdem\u00e1s, desde las 18:30 horas de cada d\u00eda, \u2018Cine y Valores\u2019 tambi\u00e9n exhibir\u00e1 pel\u00edculas para vecinos y vecinas que quieran venir. De esta manera, se han organizado la siguiente programaci\u00f3n abierta a todo p\u00fablico;<br \/>\nEl d\u00eda de ayer se exhibi\u00f3 \u2018Amigos\u2019 (Untouchables, en ingl\u00e9s); El martes 7 la proyecci\u00f3n ser\u00e1 de la pel\u00edcula \u2018Croods\u2019; el mi\u00e9rcoles ser\u00e1 del recuerdo con el cl\u00e1sico \u2018Al Maestro con Cari\u00f1o\u2019; Este jueves la familia entera podr\u00e1 disfrutar con \u2018Hotel Transilvania\u2019; Por \u00faltimo, el viernes se presentar\u00e1 un estreno sorpresa para Putaendo.<br \/>\nEntonces, no queda m\u00e1s que vibrar con el s\u00e9ptimo arte para todos los gustos, de forma educativa, amena, con pel\u00edculas que tratar\u00e1n diferentes tem\u00e1ticas. Adem\u00e1s, se aprender\u00e1 de historia del s\u00e9ptimo arte, puesto que entre las novedades se puede conocer una m\u00e1quina de cine que data de principios del siglo pasado.<\/p>\n<figure id=\"attachment_70541\" aria-describedby=\"caption-attachment-70541\" style=\"width: 530px\" class=\"wp-caption alignleft\"><a href=\"http:\/\/www.eltrabajo.cl\/portal\/instalan-sala-de-cine-en-uno-de-los-patios-del-liceo-manuel-marin-fritis\/porta-cine-en-el-liceo\/\" rel=\"attachment wp-att-70541\"><img data-recalc-dims=\"1\" loading=\"lazy\" decoding=\"async\" class=\"size-full wp-image-70541\" src=\"https:\/\/i0.wp.com\/www.eltrabajo.cl\/portal\/wp-content\/uploads\/2016\/06\/porta-CINE-EN-EL-LICEO.jpg?resize=530%2C349\" alt=\"NI\u00d1OS ESPECTANTES.-  Los alumnos de primero b\u00e1sico pudieron disfrutar de la nueva sala de cine instala en su liceo, y adem\u00e1s conocer informarse sobre la historia del s\u00e9ptimo arte. \" width=\"530\" height=\"349\" srcset=\"https:\/\/i0.wp.com\/eltrabajo.cl\/portal\/wp-content\/uploads\/2016\/06\/porta-CINE-EN-EL-LICEO.jpg?w=530&amp;ssl=1 530w, https:\/\/i0.wp.com\/eltrabajo.cl\/portal\/wp-content\/uploads\/2016\/06\/porta-CINE-EN-EL-LICEO.jpg?resize=200%2C132&amp;ssl=1 200w, https:\/\/i0.wp.com\/eltrabajo.cl\/portal\/wp-content\/uploads\/2016\/06\/porta-CINE-EN-EL-LICEO.jpg?resize=300%2C198&amp;ssl=1 300w, https:\/\/i0.wp.com\/eltrabajo.cl\/portal\/wp-content\/uploads\/2016\/06\/porta-CINE-EN-EL-LICEO.jpg?resize=228%2C150&amp;ssl=1 228w, https:\/\/i0.wp.com\/eltrabajo.cl\/portal\/wp-content\/uploads\/2016\/06\/porta-CINE-EN-EL-LICEO.jpg?resize=400%2C263&amp;ssl=1 400w\" sizes=\"auto, (max-width: 530px) 100vw, 530px\" \/><\/a><figcaption id=\"caption-attachment-70541\" class=\"wp-caption-text\">NI\u00d1OS ESPECTANTES.- Los alumnos de primero b\u00e1sico pudieron disfrutar de la nueva sala de cine instala en su liceo, y adem\u00e1s conocer informarse sobre la historia del s\u00e9ptimo arte.<\/figcaption><\/figure>\n","protected":false},"excerpt":{"rendered":"<p>PUTAENDO.- Recibidos con alfombra roja, palomitas de ma\u00edz, jugos, entradas y regalos, los alumnos de las escuelas municipales de Putaendo ser\u00e1n parte de las actividades que contempla la visita de \u2018Cine y&#8230;<\/p>\n","protected":false},"author":1,"featured_media":70541,"comment_status":"open","ping_status":"open","sticky":false,"template":"","format":"standard","meta":{"advanced_seo_description":"","jetpack_seo_html_title":"","jetpack_seo_noindex":false,"_jetpack_memberships_contains_paid_content":false,"footnotes":""},"categories":[15],"tags":[],"class_list":["post-70540","post","type-post","status-publish","format-standard","has-post-thumbnail","hentry","category-comunidad"],"jetpack_featured_media_url":"https:\/\/i0.wp.com\/eltrabajo.cl\/portal\/wp-content\/uploads\/2016\/06\/porta-CINE-EN-EL-LICEO.jpg?fit=530%2C349&ssl=1","jetpack_sharing_enabled":true,"jetpack_likes_enabled":true,"jetpack-related-posts":[],"_links":{"self":[{"href":"https:\/\/eltrabajo.cl\/portal\/wp-json\/wp\/v2\/posts\/70540","targetHints":{"allow":["GET"]}}],"collection":[{"href":"https:\/\/eltrabajo.cl\/portal\/wp-json\/wp\/v2\/posts"}],"about":[{"href":"https:\/\/eltrabajo.cl\/portal\/wp-json\/wp\/v2\/types\/post"}],"author":[{"embeddable":true,"href":"https:\/\/eltrabajo.cl\/portal\/wp-json\/wp\/v2\/users\/1"}],"replies":[{"embeddable":true,"href":"https:\/\/eltrabajo.cl\/portal\/wp-json\/wp\/v2\/comments?post=70540"}],"version-history":[{"count":0,"href":"https:\/\/eltrabajo.cl\/portal\/wp-json\/wp\/v2\/posts\/70540\/revisions"}],"wp:featuredmedia":[{"embeddable":true,"href":"https:\/\/eltrabajo.cl\/portal\/wp-json\/wp\/v2\/media\/70541"}],"wp:attachment":[{"href":"https:\/\/eltrabajo.cl\/portal\/wp-json\/wp\/v2\/media?parent=70540"}],"wp:term":[{"taxonomy":"category","embeddable":true,"href":"https:\/\/eltrabajo.cl\/portal\/wp-json\/wp\/v2\/categories?post=70540"},{"taxonomy":"post_tag","embeddable":true,"href":"https:\/\/eltrabajo.cl\/portal\/wp-json\/wp\/v2\/tags?post=70540"}],"curies":[{"name":"wp","href":"https:\/\/api.w.org\/{rel}","templated":true}]}}