{"id":70544,"date":"2016-06-07T09:08:41","date_gmt":"2016-06-07T13:08:41","guid":{"rendered":"http:\/\/www.eltrabajo.cl\/portal\/?p=70544"},"modified":"2016-06-07T09:08:41","modified_gmt":"2016-06-07T13:08:41","slug":"comerciantes-remarcaron-la-necesidad-de-mejorar-la-seguridad-en-los-andes","status":"publish","type":"post","link":"https:\/\/eltrabajo.cl\/portal\/comerciantes-remarcaron-la-necesidad-de-mejorar-la-seguridad-en-los-andes\/","title":{"rendered":"Comerciantes remarcaron la necesidad de mejorar la seguridad en Los Andes"},"content":{"rendered":"<ul>\n<li><strong>Celebraci\u00f3n del D\u00eda del Comercio:\u00a0Insistieron en pedir a las autoridades una agilizaci\u00f3n del proyecto de c\u00e1maras de seguridad.<\/strong><\/li>\n<\/ul>\n<p><strong>LOS ANDES.-<\/strong> En el marco de la celebraci\u00f3n del D\u00eda del Comercio, el presidente de la Asociaci\u00f3n de Comerciantes de Los Andes, Marco Eriza Herrera, subray\u00f3 la necesidad de mejorar los temas de seguridad en el centro de la ciudad, acelerando la implementaci\u00f3n del proyecto de c\u00e1maras de seguridad.<br \/>\nEriza, sostuvo que si bien el comercio local se encuentra en un buen pie, de todas maneras se requiere de mayor apoyo de las autoridades, particularmente en lo que tiene que ver con mejorar la limpieza de las calles o la iluminaci\u00f3n, pero por sobre todo los temas de seguridad.<br \/>\nLa autoridad mencion\u00f3 adem\u00e1s, que se debe fomentar el turismo mejorando la se\u00f1al\u00e9tica y haciendo m\u00e1s amigable la ciudad y que los programas de turismo entreguen cosas m\u00e1s tangibles y no se queden solo en el papel.<br \/>\nEn este contexto, manifest\u00f3 que esperan que despu\u00e9s del invierno se produzca un regreso de los turistas argentinos, particularmente aquellos que ven\u00edan por el d\u00eda a Chile a comprar electrodom\u00e9sticos.<\/p>\n<figure id=\"attachment_70545\" aria-describedby=\"caption-attachment-70545\" style=\"width: 530px\" class=\"wp-caption alignleft\"><a href=\"http:\/\/www.eltrabajo.cl\/portal\/comerciantes-remarcaron-la-necesidad-de-mejorar-la-seguridad-en-los-andes\/marco-eriza-diacomercio\/\" rel=\"attachment wp-att-70545\"><img data-recalc-dims=\"1\" loading=\"lazy\" decoding=\"async\" class=\"size-full wp-image-70545\" src=\"https:\/\/i0.wp.com\/www.eltrabajo.cl\/portal\/wp-content\/uploads\/2016\/06\/marco-eriza-diacomercio.jpg?resize=530%2C348\" alt=\"Marco Eriza Herrera,  Presidente de la Asociaci\u00f3n de Comerciantes de Los Andes.\" width=\"530\" height=\"348\" srcset=\"https:\/\/i0.wp.com\/eltrabajo.cl\/portal\/wp-content\/uploads\/2016\/06\/marco-eriza-diacomercio.jpg?w=530&amp;ssl=1 530w, https:\/\/i0.wp.com\/eltrabajo.cl\/portal\/wp-content\/uploads\/2016\/06\/marco-eriza-diacomercio.jpg?resize=200%2C131&amp;ssl=1 200w, https:\/\/i0.wp.com\/eltrabajo.cl\/portal\/wp-content\/uploads\/2016\/06\/marco-eriza-diacomercio.jpg?resize=300%2C197&amp;ssl=1 300w, https:\/\/i0.wp.com\/eltrabajo.cl\/portal\/wp-content\/uploads\/2016\/06\/marco-eriza-diacomercio.jpg?resize=228%2C150&amp;ssl=1 228w, https:\/\/i0.wp.com\/eltrabajo.cl\/portal\/wp-content\/uploads\/2016\/06\/marco-eriza-diacomercio.jpg?resize=400%2C263&amp;ssl=1 400w\" sizes=\"auto, (max-width: 530px) 100vw, 530px\" \/><\/a><figcaption id=\"caption-attachment-70545\" class=\"wp-caption-text\">Marco Eriza Herrera, Presidente de la Asociaci\u00f3n de Comerciantes de Los Andes.<\/figcaption><\/figure>\n","protected":false},"excerpt":{"rendered":"<p>Celebraci\u00f3n del D\u00eda del Comercio:\u00a0Insistieron en pedir a las autoridades una agilizaci\u00f3n del proyecto de c\u00e1maras de seguridad. LOS ANDES.- En el marco de la celebraci\u00f3n del D\u00eda del Comercio, el presidente&#8230;<\/p>\n","protected":false},"author":1,"featured_media":70545,"comment_status":"open","ping_status":"open","sticky":false,"template":"","format":"standard","meta":{"advanced_seo_description":"","jetpack_seo_html_title":"","jetpack_seo_noindex":false,"_jetpack_memberships_contains_paid_content":false,"footnotes":""},"categories":[15],"tags":[],"class_list":["post-70544","post","type-post","status-publish","format-standard","has-post-thumbnail","hentry","category-comunidad"],"jetpack_featured_media_url":"https:\/\/i0.wp.com\/eltrabajo.cl\/portal\/wp-content\/uploads\/2016\/06\/marco-eriza-diacomercio.jpg?fit=530%2C348&ssl=1","jetpack_sharing_enabled":true,"jetpack_likes_enabled":true,"jetpack-related-posts":[],"_links":{"self":[{"href":"https:\/\/eltrabajo.cl\/portal\/wp-json\/wp\/v2\/posts\/70544","targetHints":{"allow":["GET"]}}],"collection":[{"href":"https:\/\/eltrabajo.cl\/portal\/wp-json\/wp\/v2\/posts"}],"about":[{"href":"https:\/\/eltrabajo.cl\/portal\/wp-json\/wp\/v2\/types\/post"}],"author":[{"embeddable":true,"href":"https:\/\/eltrabajo.cl\/portal\/wp-json\/wp\/v2\/users\/1"}],"replies":[{"embeddable":true,"href":"https:\/\/eltrabajo.cl\/portal\/wp-json\/wp\/v2\/comments?post=70544"}],"version-history":[{"count":0,"href":"https:\/\/eltrabajo.cl\/portal\/wp-json\/wp\/v2\/posts\/70544\/revisions"}],"wp:featuredmedia":[{"embeddable":true,"href":"https:\/\/eltrabajo.cl\/portal\/wp-json\/wp\/v2\/media\/70545"}],"wp:attachment":[{"href":"https:\/\/eltrabajo.cl\/portal\/wp-json\/wp\/v2\/media?parent=70544"}],"wp:term":[{"taxonomy":"category","embeddable":true,"href":"https:\/\/eltrabajo.cl\/portal\/wp-json\/wp\/v2\/categories?post=70544"},{"taxonomy":"post_tag","embeddable":true,"href":"https:\/\/eltrabajo.cl\/portal\/wp-json\/wp\/v2\/tags?post=70544"}],"curies":[{"name":"wp","href":"https:\/\/api.w.org\/{rel}","templated":true}]}}