{"id":71158,"date":"2016-06-24T09:02:25","date_gmt":"2016-06-24T13:02:25","guid":{"rendered":"http:\/\/www.eltrabajo.cl\/portal\/?p=71158"},"modified":"2016-06-24T09:02:26","modified_gmt":"2016-06-24T13:02:26","slug":"siguen-las-marchas-estudiantiles-de-universitarios-y-cuartos-medios","status":"publish","type":"post","link":"https:\/\/eltrabajo.cl\/portal\/siguen-las-marchas-estudiantiles-de-universitarios-y-cuartos-medios\/","title":{"rendered":"Siguen las marchas estudiantiles de universitarios y cuartos medios"},"content":{"rendered":"<ul>\n<li><strong>Por las alamedas y calles de la ciudad:<\/strong><\/li>\n<\/ul>\n<p>Una nueva marcha estudiantil, es la que se realiz\u00f3 en horas de la ma\u00f1ana de ayer jueves por las calles de San Felipe, partiendo desde \u2018Equina Colorada\u2019 por Maip\u00fa, e ingresando a la ciudad por Merced hasta la Plaza de Armas. Son alumnos de distintas carreras universitarias, que desde hace semanas, vienen estableciendo sus puntos en nombre de varias federaciones estudiantiles, en torno al reclamo que hacen sobre los nueve ramos extendidos, a los que en sus universidades est\u00e1n siendo sometidos para completar sus carreras.<\/p>\n<p><strong>ALGUNAS DEMANDAS<\/strong><br \/>\nTambi\u00e9n hay una gran lista de reclamos medulares, sobre la reforma educativa que el gobierno pretende implementar, ya que durante a\u00f1os los estudiantes han reclamado por el fin al lucro en la educaci\u00f3n.<br \/>\nEntre los puntos que reclaman estos j\u00f3venes, hay algunos que se destacan, pues ellos aseguran que \u2018s\u00f3lo son algunos estudiantes los que reciben los \u2018beneficios\u2019 y que tienen que presentar much\u00edsima documentaci\u00f3n para lograrlo.<br \/>\nEl temor de los estudiantes, tiene que ver con el concepto empresarial que se tiene del aparato funcional de las universidades, ya que, seg\u00fan ellos, si quiebran o se derrumban porque la econom\u00eda falle, todos sus sue\u00f1os de estudiantes tambi\u00e9n caer\u00edan.<br \/>\nLas demandas puntuales hechas por ellos, son la penalizaci\u00f3n del lucro; sanciones al acoso sexual; regulaci\u00f3n de las matr\u00edculas en universidades privadas y la implementaci\u00f3n de una malla curricular acorde a las carreras.<br \/>\nLos universitarios marcharon sin violencia, algunos estaban vestidos y maquillados como personajes religiosos y como zombis, carabineros y hasta una enorme mu\u00f1eca de la presidenta Michelle Bachelet ten\u00edan para mostrar su malestar.<br \/>\n<strong>Roberto Gonz\u00e1lez Short<\/strong><br \/>\n<strong>rgonzalez@eltrabajo.cl<\/strong><\/p>\n<figure id=\"attachment_71162\" aria-describedby=\"caption-attachment-71162\" style=\"width: 530px\" class=\"wp-caption alignleft\"><a href=\"http:\/\/www.eltrabajo.cl\/portal\/siguen-las-marchas-estudiantiles-de-universitarios-y-cuartos-medios\/marcha3-2\/\" rel=\"attachment wp-att-71162\"><img data-recalc-dims=\"1\" loading=\"lazy\" decoding=\"async\" class=\"size-full wp-image-71162\" src=\"https:\/\/i0.wp.com\/www.eltrabajo.cl\/portal\/wp-content\/uploads\/2016\/06\/Marcha3.jpg?resize=530%2C350\" alt=\"VOZ DEL ESTUDIANTE.- La voz del estudiantado es fuerte y con eco en todo Chile, simplemente se avecina, seg\u00fan anuncian los protagonistas, una manifestaci\u00f3n nacional de gran envergadura.\" width=\"530\" height=\"350\" srcset=\"https:\/\/i0.wp.com\/eltrabajo.cl\/portal\/wp-content\/uploads\/2016\/06\/Marcha3.jpg?w=530&amp;ssl=1 530w, https:\/\/i0.wp.com\/eltrabajo.cl\/portal\/wp-content\/uploads\/2016\/06\/Marcha3.jpg?resize=200%2C132&amp;ssl=1 200w, https:\/\/i0.wp.com\/eltrabajo.cl\/portal\/wp-content\/uploads\/2016\/06\/Marcha3.jpg?resize=300%2C198&amp;ssl=1 300w, https:\/\/i0.wp.com\/eltrabajo.cl\/portal\/wp-content\/uploads\/2016\/06\/Marcha3.jpg?resize=227%2C150&amp;ssl=1 227w, https:\/\/i0.wp.com\/eltrabajo.cl\/portal\/wp-content\/uploads\/2016\/06\/Marcha3.jpg?resize=400%2C264&amp;ssl=1 400w\" sizes=\"auto, (max-width: 530px) 100vw, 530px\" \/><\/a><figcaption id=\"caption-attachment-71162\" class=\"wp-caption-text\">VOZ DEL ESTUDIANTE.- La voz del estudiantado es fuerte y con eco en todo Chile, simplemente se avecina, seg\u00fan anuncian los protagonistas, una manifestaci\u00f3n nacional de gran envergadura.<\/figcaption><\/figure>\n<figure id=\"attachment_71161\" aria-describedby=\"caption-attachment-71161\" style=\"width: 530px\" class=\"wp-caption alignleft\"><a href=\"http:\/\/www.eltrabajo.cl\/portal\/siguen-las-marchas-estudiantiles-de-universitarios-y-cuartos-medios\/marcha2-11\/\" rel=\"attachment wp-att-71161\"><img data-recalc-dims=\"1\" loading=\"lazy\" decoding=\"async\" class=\"size-full wp-image-71161\" src=\"https:\/\/i0.wp.com\/www.eltrabajo.cl\/portal\/wp-content\/uploads\/2016\/06\/Marcha2.jpg?resize=530%2C349\" alt=\"\u00bfPOR QU\u00c9 SER\u00c1?- Las marchas estudiantiles no se limitan s\u00f3lo a nuestra comuna, es com\u00fan en estos d\u00edas ver en los medios nacionales distintos reportes sobre manifestaciones similares a lo largo de Chile.\" width=\"530\" height=\"349\" srcset=\"https:\/\/i0.wp.com\/eltrabajo.cl\/portal\/wp-content\/uploads\/2016\/06\/Marcha2.jpg?w=530&amp;ssl=1 530w, https:\/\/i0.wp.com\/eltrabajo.cl\/portal\/wp-content\/uploads\/2016\/06\/Marcha2.jpg?resize=200%2C132&amp;ssl=1 200w, https:\/\/i0.wp.com\/eltrabajo.cl\/portal\/wp-content\/uploads\/2016\/06\/Marcha2.jpg?resize=300%2C198&amp;ssl=1 300w, https:\/\/i0.wp.com\/eltrabajo.cl\/portal\/wp-content\/uploads\/2016\/06\/Marcha2.jpg?resize=228%2C150&amp;ssl=1 228w, https:\/\/i0.wp.com\/eltrabajo.cl\/portal\/wp-content\/uploads\/2016\/06\/Marcha2.jpg?resize=400%2C263&amp;ssl=1 400w\" sizes=\"auto, (max-width: 530px) 100vw, 530px\" \/><\/a><figcaption id=\"caption-attachment-71161\" class=\"wp-caption-text\">\u00bfPOR QU\u00c9 SER\u00c1?- Las marchas estudiantiles no se limitan s\u00f3lo a nuestra comuna, es com\u00fan en estos d\u00edas ver en los medios nacionales distintos reportes sobre manifestaciones similares a lo largo de Chile.<\/figcaption><\/figure>\n<figure id=\"attachment_71160\" aria-describedby=\"caption-attachment-71160\" style=\"width: 530px\" class=\"wp-caption alignleft\"><a href=\"http:\/\/www.eltrabajo.cl\/portal\/siguen-las-marchas-estudiantiles-de-universitarios-y-cuartos-medios\/marcha1-12\/\" rel=\"attachment wp-att-71160\"><img data-recalc-dims=\"1\" loading=\"lazy\" decoding=\"async\" class=\"size-full wp-image-71160\" src=\"https:\/\/i0.wp.com\/www.eltrabajo.cl\/portal\/wp-content\/uploads\/2016\/06\/Marcha1.jpg?resize=530%2C350\" alt=\"NI UN PASO ATR\u00c1S.- Con mucha energ\u00eda y sin ocultar su malestar, los universitarios marcharon ayer jueves por las c\u00e9ntricas calles de San Felipe.\" width=\"530\" height=\"350\" srcset=\"https:\/\/i0.wp.com\/eltrabajo.cl\/portal\/wp-content\/uploads\/2016\/06\/Marcha1.jpg?w=530&amp;ssl=1 530w, https:\/\/i0.wp.com\/eltrabajo.cl\/portal\/wp-content\/uploads\/2016\/06\/Marcha1.jpg?resize=200%2C132&amp;ssl=1 200w, https:\/\/i0.wp.com\/eltrabajo.cl\/portal\/wp-content\/uploads\/2016\/06\/Marcha1.jpg?resize=300%2C198&amp;ssl=1 300w, https:\/\/i0.wp.com\/eltrabajo.cl\/portal\/wp-content\/uploads\/2016\/06\/Marcha1.jpg?resize=227%2C150&amp;ssl=1 227w, https:\/\/i0.wp.com\/eltrabajo.cl\/portal\/wp-content\/uploads\/2016\/06\/Marcha1.jpg?resize=400%2C264&amp;ssl=1 400w\" sizes=\"auto, (max-width: 530px) 100vw, 530px\" \/><\/a><figcaption id=\"caption-attachment-71160\" class=\"wp-caption-text\">NI UN PASO ATR\u00c1S.- Con mucha energ\u00eda y sin ocultar su malestar, los universitarios marcharon ayer jueves por las c\u00e9ntricas calles de San Felipe.<\/figcaption><\/figure>\n<figure id=\"attachment_71159\" aria-describedby=\"caption-attachment-71159\" style=\"width: 530px\" class=\"wp-caption alignleft\"><a href=\"http:\/\/www.eltrabajo.cl\/portal\/siguen-las-marchas-estudiantiles-de-universitarios-y-cuartos-medios\/bache33\/\" rel=\"attachment wp-att-71159\"><img data-recalc-dims=\"1\" loading=\"lazy\" decoding=\"async\" class=\"size-full wp-image-71159\" src=\"https:\/\/i0.wp.com\/www.eltrabajo.cl\/portal\/wp-content\/uploads\/2016\/06\/Bache33.jpg?resize=530%2C348\" alt=\"POPULARIDAD POR EL SUELO.- Esta mu\u00f1eca representa, seg\u00fan los j\u00f3venes manifestantes, a la mujer que dirige nuestro pa\u00eds.\" width=\"530\" height=\"348\" srcset=\"https:\/\/i0.wp.com\/eltrabajo.cl\/portal\/wp-content\/uploads\/2016\/06\/Bache33.jpg?w=530&amp;ssl=1 530w, https:\/\/i0.wp.com\/eltrabajo.cl\/portal\/wp-content\/uploads\/2016\/06\/Bache33.jpg?resize=200%2C131&amp;ssl=1 200w, https:\/\/i0.wp.com\/eltrabajo.cl\/portal\/wp-content\/uploads\/2016\/06\/Bache33.jpg?resize=300%2C197&amp;ssl=1 300w, https:\/\/i0.wp.com\/eltrabajo.cl\/portal\/wp-content\/uploads\/2016\/06\/Bache33.jpg?resize=228%2C150&amp;ssl=1 228w, https:\/\/i0.wp.com\/eltrabajo.cl\/portal\/wp-content\/uploads\/2016\/06\/Bache33.jpg?resize=400%2C263&amp;ssl=1 400w\" sizes=\"auto, (max-width: 530px) 100vw, 530px\" \/><\/a><figcaption id=\"caption-attachment-71159\" class=\"wp-caption-text\">POPULARIDAD POR EL SUELO.- Esta mu\u00f1eca representa, seg\u00fan los j\u00f3venes manifestantes, a la mujer que dirige nuestro pa\u00eds.<\/figcaption><\/figure>\n","protected":false},"excerpt":{"rendered":"<p>Por las alamedas y calles de la ciudad: Una nueva marcha estudiantil, es la que se realiz\u00f3 en horas de la ma\u00f1ana de ayer jueves por las calles de San Felipe, partiendo&#8230;<\/p>\n","protected":false},"author":1,"featured_media":71161,"comment_status":"open","ping_status":"open","sticky":false,"template":"","format":"standard","meta":{"advanced_seo_description":"","jetpack_seo_html_title":"","jetpack_seo_noindex":false,"_jetpack_memberships_contains_paid_content":false,"footnotes":""},"categories":[15],"tags":[],"class_list":["post-71158","post","type-post","status-publish","format-standard","has-post-thumbnail","hentry","category-comunidad"],"jetpack_featured_media_url":"https:\/\/i0.wp.com\/eltrabajo.cl\/portal\/wp-content\/uploads\/2016\/06\/Marcha2.jpg?fit=530%2C349&ssl=1","jetpack_sharing_enabled":true,"jetpack_likes_enabled":true,"jetpack-related-posts":[],"_links":{"self":[{"href":"https:\/\/eltrabajo.cl\/portal\/wp-json\/wp\/v2\/posts\/71158","targetHints":{"allow":["GET"]}}],"collection":[{"href":"https:\/\/eltrabajo.cl\/portal\/wp-json\/wp\/v2\/posts"}],"about":[{"href":"https:\/\/eltrabajo.cl\/portal\/wp-json\/wp\/v2\/types\/post"}],"author":[{"embeddable":true,"href":"https:\/\/eltrabajo.cl\/portal\/wp-json\/wp\/v2\/users\/1"}],"replies":[{"embeddable":true,"href":"https:\/\/eltrabajo.cl\/portal\/wp-json\/wp\/v2\/comments?post=71158"}],"version-history":[{"count":0,"href":"https:\/\/eltrabajo.cl\/portal\/wp-json\/wp\/v2\/posts\/71158\/revisions"}],"wp:featuredmedia":[{"embeddable":true,"href":"https:\/\/eltrabajo.cl\/portal\/wp-json\/wp\/v2\/media\/71161"}],"wp:attachment":[{"href":"https:\/\/eltrabajo.cl\/portal\/wp-json\/wp\/v2\/media?parent=71158"}],"wp:term":[{"taxonomy":"category","embeddable":true,"href":"https:\/\/eltrabajo.cl\/portal\/wp-json\/wp\/v2\/categories?post=71158"},{"taxonomy":"post_tag","embeddable":true,"href":"https:\/\/eltrabajo.cl\/portal\/wp-json\/wp\/v2\/tags?post=71158"}],"curies":[{"name":"wp","href":"https:\/\/api.w.org\/{rel}","templated":true}]}}