{"id":71186,"date":"2016-06-28T08:43:32","date_gmt":"2016-06-28T12:43:32","guid":{"rendered":"http:\/\/www.eltrabajo.cl\/portal\/?p=71186"},"modified":"2016-06-28T08:43:32","modified_gmt":"2016-06-28T12:43:32","slug":"capturan-al-cabeza-de-lata-justo-cuando-robaba-canerias-de-cobre","status":"publish","type":"post","link":"https:\/\/eltrabajo.cl\/portal\/capturan-al-cabeza-de-lata-justo-cuando-robaba-canerias-de-cobre\/","title":{"rendered":"Capturan al \u2018Cabeza de Lata\u2019 justo cuando robaba ca\u00f1er\u00edas de cobre"},"content":{"rendered":"<ul>\n<li><strong>De madrugada en empresa Cabrini:\u00a0Carabineros sorprendi\u00f3 al peligroso delincuente con un napole\u00f3n al interior de la empresa ubicada en calle Bueras esquina Duc\u00f3 en San Felipe.<\/strong><\/li>\n<\/ul>\n<p>A eso de las 06:30 horas del s\u00e1bado, Carabineros captur\u00f3 a un peligroso delincuente apodado el \u2018Cabeza de Lata\u2019 quien se encontraba al interior de una bodega de la empresa Cabrini, sustrayendo una cantidad indeterminada de tuber\u00edas de cobre.<br \/>\nLa polic\u00eda uniformada constat\u00f3, que el individuo habr\u00eda violentado dos candados de seguridad del acceso principal a la empresa ubicada en calle Bueras esquina Duc\u00f3, utilizando un napole\u00f3n para luego apilar ca\u00f1er\u00edas de cobre del agua potable.<br \/>\nEl sujeto, al verse acorralado por la polic\u00eda intent\u00f3 huir, pero sus esfuerzos no le permitieron escapar de los efectivos que lo redujeron y esposaron por este delito. Asimismo, Carabineros tom\u00f3 contacto con el encargado de la empresa para advertir los sucesos, quien avalu\u00f3 las especies en $300.000.<br \/>\nEl imputado V\u00edctor Alfonso Ahumada Padilla de 31 a\u00f1os de edad, domiciliado en la Villa Industrial de San Felipe, mantiene un amplio prontuario delictivo por delitos como robo por sorpresa, robo en lugar habitado y no habitado cometidos en la comuna de San Felipe, quedando a disposici\u00f3n de la Fiscal\u00eda que investigar\u00e1 esta nueva causa.<br \/>\n<strong>Pablo Salinas Sald\u00edas<\/strong><\/p>\n<figure id=\"attachment_71187\" aria-describedby=\"caption-attachment-71187\" style=\"width: 530px\" class=\"wp-caption alignleft\"><a href=\"http:\/\/www.eltrabajo.cl\/portal\/capturan-al-cabeza-de-lata-justo-cuando-robaba-canerias-de-cobre\/victor-ahumada-padilla\/\" rel=\"attachment wp-att-71187\"><img data-recalc-dims=\"1\" loading=\"lazy\" decoding=\"async\" class=\"size-full wp-image-71187\" src=\"https:\/\/i0.wp.com\/www.eltrabajo.cl\/portal\/wp-content\/uploads\/2016\/06\/VICTOR-AHUMADA-PADILLA.jpg?resize=530%2C349\" alt=\"V\u00edctor Ahumada Padilla alias \u2018El Cabeza de Lata\u2019 fue capturado por Carabineros la madrugada de este s\u00e1bado en la empresa Cabrini de San Felipe.\" width=\"530\" height=\"349\" srcset=\"https:\/\/i0.wp.com\/eltrabajo.cl\/portal\/wp-content\/uploads\/2016\/06\/VICTOR-AHUMADA-PADILLA.jpg?w=530&amp;ssl=1 530w, https:\/\/i0.wp.com\/eltrabajo.cl\/portal\/wp-content\/uploads\/2016\/06\/VICTOR-AHUMADA-PADILLA.jpg?resize=200%2C132&amp;ssl=1 200w, https:\/\/i0.wp.com\/eltrabajo.cl\/portal\/wp-content\/uploads\/2016\/06\/VICTOR-AHUMADA-PADILLA.jpg?resize=300%2C198&amp;ssl=1 300w, https:\/\/i0.wp.com\/eltrabajo.cl\/portal\/wp-content\/uploads\/2016\/06\/VICTOR-AHUMADA-PADILLA.jpg?resize=228%2C150&amp;ssl=1 228w, https:\/\/i0.wp.com\/eltrabajo.cl\/portal\/wp-content\/uploads\/2016\/06\/VICTOR-AHUMADA-PADILLA.jpg?resize=400%2C263&amp;ssl=1 400w\" sizes=\"auto, (max-width: 530px) 100vw, 530px\" \/><\/a><figcaption id=\"caption-attachment-71187\" class=\"wp-caption-text\">V\u00edctor Ahumada Padilla alias \u2018El Cabeza de Lata\u2019 fue capturado por Carabineros la madrugada de este s\u00e1bado en la empresa Cabrini de San Felipe.<\/figcaption><\/figure>\n","protected":false},"excerpt":{"rendered":"<p>De madrugada en empresa Cabrini:\u00a0Carabineros sorprendi\u00f3 al peligroso delincuente con un napole\u00f3n al interior de la empresa ubicada en calle Bueras esquina Duc\u00f3 en San Felipe. A eso de las 06:30 horas&#8230;<\/p>\n","protected":false},"author":1,"featured_media":71187,"comment_status":"open","ping_status":"open","sticky":false,"template":"","format":"standard","meta":{"advanced_seo_description":"","jetpack_seo_html_title":"","jetpack_seo_noindex":false,"_jetpack_memberships_contains_paid_content":false,"footnotes":""},"categories":[21],"tags":[],"class_list":["post-71186","post","type-post","status-publish","format-standard","has-post-thumbnail","hentry","category-policial"],"jetpack_featured_media_url":"https:\/\/i0.wp.com\/eltrabajo.cl\/portal\/wp-content\/uploads\/2016\/06\/VICTOR-AHUMADA-PADILLA.jpg?fit=530%2C349&ssl=1","jetpack_sharing_enabled":true,"jetpack_likes_enabled":true,"jetpack-related-posts":[],"_links":{"self":[{"href":"https:\/\/eltrabajo.cl\/portal\/wp-json\/wp\/v2\/posts\/71186","targetHints":{"allow":["GET"]}}],"collection":[{"href":"https:\/\/eltrabajo.cl\/portal\/wp-json\/wp\/v2\/posts"}],"about":[{"href":"https:\/\/eltrabajo.cl\/portal\/wp-json\/wp\/v2\/types\/post"}],"author":[{"embeddable":true,"href":"https:\/\/eltrabajo.cl\/portal\/wp-json\/wp\/v2\/users\/1"}],"replies":[{"embeddable":true,"href":"https:\/\/eltrabajo.cl\/portal\/wp-json\/wp\/v2\/comments?post=71186"}],"version-history":[{"count":0,"href":"https:\/\/eltrabajo.cl\/portal\/wp-json\/wp\/v2\/posts\/71186\/revisions"}],"wp:featuredmedia":[{"embeddable":true,"href":"https:\/\/eltrabajo.cl\/portal\/wp-json\/wp\/v2\/media\/71187"}],"wp:attachment":[{"href":"https:\/\/eltrabajo.cl\/portal\/wp-json\/wp\/v2\/media?parent=71186"}],"wp:term":[{"taxonomy":"category","embeddable":true,"href":"https:\/\/eltrabajo.cl\/portal\/wp-json\/wp\/v2\/categories?post=71186"},{"taxonomy":"post_tag","embeddable":true,"href":"https:\/\/eltrabajo.cl\/portal\/wp-json\/wp\/v2\/tags?post=71186"}],"curies":[{"name":"wp","href":"https:\/\/api.w.org\/{rel}","templated":true}]}}