{"id":71231,"date":"2016-06-29T08:47:12","date_gmt":"2016-06-29T12:47:12","guid":{"rendered":"http:\/\/www.eltrabajo.cl\/portal\/?p=71231"},"modified":"2016-06-29T08:47:12","modified_gmt":"2016-06-29T12:47:12","slug":"adjudican-licitacion-para-estudio-de-creacion-de-la-region-aconcagua","status":"publish","type":"post","link":"https:\/\/eltrabajo.cl\/portal\/adjudican-licitacion-para-estudio-de-creacion-de-la-region-aconcagua\/","title":{"rendered":"Adjudican licitaci\u00f3n para estudio de creaci\u00f3n de la Regi\u00f3n Aconcagua"},"content":{"rendered":"<ul>\n<li><strong>Plazo de 180 d\u00edas corridos para que se entregue informe:<\/strong><\/li>\n<\/ul>\n<p>La Subsecretar\u00eda de Desarrollo Regional y Administrativo, inform\u00f3 que ya se encuentra adjudicada la licitaci\u00f3n para que en un plazo m\u00e1ximo de 180 d\u00edas corridos, se entregue informe para la creaci\u00f3n de la Regi\u00f3n Aconcagua.<br \/>\nAs\u00ed lo manifest\u00f3 el diputado Marco Antonio N\u00fa\u00f1ez, quien junto con destacar este nuevo avance, afirm\u00f3 que al igual que la Regi\u00f3n de Arica y Parinacota, que la Regi\u00f3n de Los R\u00edos o la Regi\u00f3n de \u00d1uble, Aconcagua est\u00e1 cada vez m\u00e1s cerca tambi\u00e9n de tener esa capacidad de sentarse a una mesa con m\u00e1s atribuciones, mayores competencias y m\u00e1s recursos.<br \/>\n\u00abLo que ayer era inalcanzable, hoy es cada vez m\u00e1s posible. Dej\u00f3 de ser un sue\u00f1o y entramos en tierra derecha para que en seis meses m\u00e1s el estudio para la creaci\u00f3n de la Regi\u00f3n Aconcagua nos confirme su factibilidad y al igual que la Regi\u00f3n de Arica y Parinacota, que la Regi\u00f3n de Los R\u00edos o la Regi\u00f3n de \u00d1uble, Aconcagua y otras provincias del interior tengan esa capacidad de sentarse a una mesa con m\u00e1s atribuciones, mayores competencias y m\u00e1s recursos.<br \/>\n\u00abDurante muchos a\u00f1os hemos sido perseverantes con esta demanda que se justifica plenamente porque tenemos los recursos necesarios para avanzar en esta descentralizaci\u00f3n que nos traer\u00e1 m\u00e1s desarrollo, m\u00e1s bienestar y que nos permitir\u00e1 tambi\u00e9n rescatar, preservar y mostrar una memoria y una cultura que siempre ha permanecido oculta, sin alcanzar una expresi\u00f3n m\u00e1s amplia y universal.<br \/>\n\u00abComo en las otras etapas estaremos atentos a sus resultados para que las autoridades nos sigan informando con la oportunidad y la responsabilidad que se requiere. Tengo la convicci\u00f3n profunda que ese d\u00eda quedar\u00e1 grabado y registrado, ser\u00e1 un momento hist\u00f3rico\u00a0 para las localidades del interior de Valpara\u00edso, donde recuperaremos la importancia y el sitial que nos corresponde\u00bb, manifest\u00f3 el diputado Marco Antonio N\u00fa\u00f1ez.<\/p>\n<figure id=\"attachment_71232\" aria-describedby=\"caption-attachment-71232\" style=\"width: 530px\" class=\"wp-caption alignleft\"><a href=\"http:\/\/www.eltrabajo.cl\/portal\/adjudican-licitacion-para-estudio-de-creacion-de-la-region-aconcagua\/autoridades-pro-region-de-aconcagua\/\" rel=\"attachment wp-att-71232\"><img data-recalc-dims=\"1\" loading=\"lazy\" decoding=\"async\" class=\"size-full wp-image-71232\" src=\"https:\/\/i0.wp.com\/www.eltrabajo.cl\/portal\/wp-content\/uploads\/2016\/06\/autoridades-pro-Region-de-Aconcagua.jpg?resize=530%2C350\" alt=\"Autoridades y personeros de todos los sectores y colores pol\u00edticos se han manifestado a favor de la creaci\u00f3n de la Regi\u00f3n de Aconcagua.\" width=\"530\" height=\"350\" srcset=\"https:\/\/i0.wp.com\/eltrabajo.cl\/portal\/wp-content\/uploads\/2016\/06\/autoridades-pro-Region-de-Aconcagua.jpg?w=530&amp;ssl=1 530w, https:\/\/i0.wp.com\/eltrabajo.cl\/portal\/wp-content\/uploads\/2016\/06\/autoridades-pro-Region-de-Aconcagua.jpg?resize=200%2C132&amp;ssl=1 200w, https:\/\/i0.wp.com\/eltrabajo.cl\/portal\/wp-content\/uploads\/2016\/06\/autoridades-pro-Region-de-Aconcagua.jpg?resize=300%2C198&amp;ssl=1 300w, https:\/\/i0.wp.com\/eltrabajo.cl\/portal\/wp-content\/uploads\/2016\/06\/autoridades-pro-Region-de-Aconcagua.jpg?resize=227%2C150&amp;ssl=1 227w, https:\/\/i0.wp.com\/eltrabajo.cl\/portal\/wp-content\/uploads\/2016\/06\/autoridades-pro-Region-de-Aconcagua.jpg?resize=400%2C264&amp;ssl=1 400w\" sizes=\"auto, (max-width: 530px) 100vw, 530px\" \/><\/a><figcaption id=\"caption-attachment-71232\" class=\"wp-caption-text\">Autoridades y personeros de todos los sectores y colores pol\u00edticos se han manifestado a favor de la creaci\u00f3n de la Regi\u00f3n de Aconcagua.<\/figcaption><\/figure>\n","protected":false},"excerpt":{"rendered":"<p>Plazo de 180 d\u00edas corridos para que se entregue informe: La Subsecretar\u00eda de Desarrollo Regional y Administrativo, inform\u00f3 que ya se encuentra adjudicada la licitaci\u00f3n para que en un plazo m\u00e1ximo de&#8230;<\/p>\n","protected":false},"author":1,"featured_media":71232,"comment_status":"open","ping_status":"open","sticky":false,"template":"","format":"standard","meta":{"advanced_seo_description":"","jetpack_seo_html_title":"","jetpack_seo_noindex":false,"_jetpack_memberships_contains_paid_content":false,"footnotes":""},"categories":[1],"tags":[],"class_list":["post-71231","post","type-post","status-publish","format-standard","has-post-thumbnail","hentry","category-cronica"],"jetpack_featured_media_url":"https:\/\/i0.wp.com\/eltrabajo.cl\/portal\/wp-content\/uploads\/2016\/06\/autoridades-pro-Region-de-Aconcagua.jpg?fit=530%2C350&ssl=1","jetpack_sharing_enabled":true,"jetpack_likes_enabled":true,"jetpack-related-posts":[],"_links":{"self":[{"href":"https:\/\/eltrabajo.cl\/portal\/wp-json\/wp\/v2\/posts\/71231","targetHints":{"allow":["GET"]}}],"collection":[{"href":"https:\/\/eltrabajo.cl\/portal\/wp-json\/wp\/v2\/posts"}],"about":[{"href":"https:\/\/eltrabajo.cl\/portal\/wp-json\/wp\/v2\/types\/post"}],"author":[{"embeddable":true,"href":"https:\/\/eltrabajo.cl\/portal\/wp-json\/wp\/v2\/users\/1"}],"replies":[{"embeddable":true,"href":"https:\/\/eltrabajo.cl\/portal\/wp-json\/wp\/v2\/comments?post=71231"}],"version-history":[{"count":0,"href":"https:\/\/eltrabajo.cl\/portal\/wp-json\/wp\/v2\/posts\/71231\/revisions"}],"wp:featuredmedia":[{"embeddable":true,"href":"https:\/\/eltrabajo.cl\/portal\/wp-json\/wp\/v2\/media\/71232"}],"wp:attachment":[{"href":"https:\/\/eltrabajo.cl\/portal\/wp-json\/wp\/v2\/media?parent=71231"}],"wp:term":[{"taxonomy":"category","embeddable":true,"href":"https:\/\/eltrabajo.cl\/portal\/wp-json\/wp\/v2\/categories?post=71231"},{"taxonomy":"post_tag","embeddable":true,"href":"https:\/\/eltrabajo.cl\/portal\/wp-json\/wp\/v2\/tags?post=71231"}],"curies":[{"name":"wp","href":"https:\/\/api.w.org\/{rel}","templated":true}]}}