{"id":71242,"date":"2016-06-29T08:55:55","date_gmt":"2016-06-29T12:55:55","guid":{"rendered":"http:\/\/www.eltrabajo.cl\/portal\/?p=71242"},"modified":"2016-06-29T08:55:55","modified_gmt":"2016-06-29T12:55:55","slug":"antisociales-desvalijaron-oficina-del-ips-en-otro-robo-en-pleno-centro","status":"publish","type":"post","link":"https:\/\/eltrabajo.cl\/portal\/antisociales-desvalijaron-oficina-del-ips-en-otro-robo-en-pleno-centro\/","title":{"rendered":"Antisociales desvalijaron oficina del IPS en otro robo en pleno centro"},"content":{"rendered":"<ul>\n<li><strong>Se llevaron dos televisores LED de 48 pulgadas y dinero para gastos b\u00e1sicos:\u00a0Delincuentes escalaron por el frontis de la sucursal, ingresaron por el casino y tras desconectar el sistema de alarmas, procedieron a concretar el il\u00edcito.<\/strong><\/li>\n<\/ul>\n<figure id=\"attachment_71244\" aria-describedby=\"caption-attachment-71244\" style=\"width: 300px\" class=\"wp-caption alignleft\"><a href=\"http:\/\/www.eltrabajo.cl\/portal\/antisociales-desvalijaron-oficina-del-ips-en-otro-robo-en-pleno-centro\/isabel-salas-2\/\" rel=\"attachment wp-att-71244\"><img data-recalc-dims=\"1\" loading=\"lazy\" decoding=\"async\" class=\"size-medium wp-image-71244\" src=\"https:\/\/i0.wp.com\/www.eltrabajo.cl\/portal\/wp-content\/uploads\/2016\/06\/Isabel-Salas-300x198.jpg?resize=300%2C198\" alt=\"Jefa de Sucursal del IPS San Felipe, Isabel Salas.\" width=\"300\" height=\"198\" srcset=\"https:\/\/i0.wp.com\/eltrabajo.cl\/portal\/wp-content\/uploads\/2016\/06\/Isabel-Salas.jpg?resize=300%2C198&amp;ssl=1 300w, https:\/\/i0.wp.com\/eltrabajo.cl\/portal\/wp-content\/uploads\/2016\/06\/Isabel-Salas.jpg?resize=200%2C132&amp;ssl=1 200w, https:\/\/i0.wp.com\/eltrabajo.cl\/portal\/wp-content\/uploads\/2016\/06\/Isabel-Salas.jpg?resize=227%2C150&amp;ssl=1 227w, https:\/\/i0.wp.com\/eltrabajo.cl\/portal\/wp-content\/uploads\/2016\/06\/Isabel-Salas.jpg?resize=400%2C264&amp;ssl=1 400w, https:\/\/i0.wp.com\/eltrabajo.cl\/portal\/wp-content\/uploads\/2016\/06\/Isabel-Salas.jpg?w=530&amp;ssl=1 530w\" sizes=\"auto, (max-width: 300px) 100vw, 300px\" \/><\/a><figcaption id=\"caption-attachment-71244\" class=\"wp-caption-text\">Jefa de Sucursal del IPS San Felipe, Isabel Salas.<\/figcaption><\/figure>\n<p>Con total descaro y sin mostrar el m\u00e1s m\u00ednimo complejo de que sea un servicio p\u00fablico, ubicado justo frente a Plaza de Armas, el pasado s\u00e1bado delincuentes ingresaron a dependencias del Instituto de Previsi\u00f3n Social, IPS San Felipe, y sustrajeron dos televisores LED de 48 pulgadas y el dinero de la caja chica, robo avaluado en unos 800 mil pesos aproximadamente.<br \/>\nAs\u00ed lo dio a conocer la jefa de la sucursal de San Felipe del IPS, Isabel Salas, quien relat\u00f3 que \u201clamentablemente el s\u00e1bado en la ma\u00f1ana unos funcionarios se pudieron percatar que hab\u00edan algunos vidrios quebrados y algunas puertas laterales abiertas, se apersonaron y confirmaron que extra\u00f1os hab\u00edan ingresado a la sucursal\u201d, narr\u00f3.<br \/>\nDe acuerdo a lo manifestado por Salas, eventualmente el modus operandi de los sujetos, habr\u00eda sido el ingreso por el segundo piso tras escalar por el kiosco que est\u00e1 ubicado inmediatamente afuera de las dependencias, para luego ingresar por el sector del casino, desactivar las alarmas y proceder con el il\u00edcito.<br \/>\n\u201cVamos a tener que redoblar los sistemas de seguridad, vamos a tener que poner mayor protecci\u00f3n, vino Carabineros tambi\u00e9n, se portaron muy bien con nosotros, tambi\u00e9n trabajamos en un plan con m\u00e1s rondas, pero claro estamos en medio de un fin de semana largo, en pleno centro de la ciudad y aunque tomamos todas las medidas de seguridad vamos a tener que tomar m\u00e1s precauciones\u201d, asumi\u00f3 Salas.<br \/>\nSeg\u00fan la profesional, las p\u00e9rdidas se basan en el plano econ\u00f3mico y no existe informaci\u00f3n gubernamental comprometida estamos y manifest\u00f3 que \u201ces una lamentable noticia, pensando que el IPS es una instituci\u00f3n que trabaja hacia la comunidad, pero es importante se\u00f1alarle a la gente que estamos atendiendo de forma normal, como fue el s\u00e1bado, pudimos limpiar y ya operando con normalidad\u201d, subray\u00f3.<\/p>\n<figure id=\"attachment_71243\" aria-describedby=\"caption-attachment-71243\" style=\"width: 530px\" class=\"wp-caption alignleft\"><a href=\"http:\/\/www.eltrabajo.cl\/portal\/antisociales-desvalijaron-oficina-del-ips-en-otro-robo-en-pleno-centro\/ips\/\" rel=\"attachment wp-att-71243\"><img data-recalc-dims=\"1\" loading=\"lazy\" decoding=\"async\" class=\"size-full wp-image-71243\" src=\"https:\/\/i0.wp.com\/www.eltrabajo.cl\/portal\/wp-content\/uploads\/2016\/06\/IPS.jpg?resize=530%2C350\" alt=\"La Sucursal del IPS San Felipe, frente a la plaza de armas, flanqueada por dos c\u00e1maras de vigilancia que no vieron a los delincuentes cargando dos pantallas de 48 pulgadas.\" width=\"530\" height=\"350\" srcset=\"https:\/\/i0.wp.com\/eltrabajo.cl\/portal\/wp-content\/uploads\/2016\/06\/IPS.jpg?w=530&amp;ssl=1 530w, https:\/\/i0.wp.com\/eltrabajo.cl\/portal\/wp-content\/uploads\/2016\/06\/IPS.jpg?resize=200%2C132&amp;ssl=1 200w, https:\/\/i0.wp.com\/eltrabajo.cl\/portal\/wp-content\/uploads\/2016\/06\/IPS.jpg?resize=300%2C198&amp;ssl=1 300w, https:\/\/i0.wp.com\/eltrabajo.cl\/portal\/wp-content\/uploads\/2016\/06\/IPS.jpg?resize=227%2C150&amp;ssl=1 227w, https:\/\/i0.wp.com\/eltrabajo.cl\/portal\/wp-content\/uploads\/2016\/06\/IPS.jpg?resize=400%2C264&amp;ssl=1 400w\" sizes=\"auto, (max-width: 530px) 100vw, 530px\" \/><\/a><figcaption id=\"caption-attachment-71243\" class=\"wp-caption-text\">La Sucursal del IPS San Felipe, frente a la plaza de armas, flanqueada por dos c\u00e1maras de vigilancia que no vieron a los delincuentes cargando dos pantallas de 48 pulgadas.<\/figcaption><\/figure>\n","protected":false},"excerpt":{"rendered":"<p>Se llevaron dos televisores LED de 48 pulgadas y dinero para gastos b\u00e1sicos:\u00a0Delincuentes escalaron por el frontis de la sucursal, ingresaron por el casino y tras desconectar el sistema de alarmas, procedieron&#8230;<\/p>\n","protected":false},"author":1,"featured_media":71243,"comment_status":"open","ping_status":"open","sticky":false,"template":"","format":"standard","meta":{"advanced_seo_description":"","jetpack_seo_html_title":"","jetpack_seo_noindex":false,"_jetpack_memberships_contains_paid_content":false,"footnotes":""},"categories":[21],"tags":[],"class_list":["post-71242","post","type-post","status-publish","format-standard","has-post-thumbnail","hentry","category-policial"],"jetpack_featured_media_url":"https:\/\/i0.wp.com\/eltrabajo.cl\/portal\/wp-content\/uploads\/2016\/06\/IPS.jpg?fit=530%2C350&ssl=1","jetpack_sharing_enabled":true,"jetpack_likes_enabled":true,"jetpack-related-posts":[],"_links":{"self":[{"href":"https:\/\/eltrabajo.cl\/portal\/wp-json\/wp\/v2\/posts\/71242","targetHints":{"allow":["GET"]}}],"collection":[{"href":"https:\/\/eltrabajo.cl\/portal\/wp-json\/wp\/v2\/posts"}],"about":[{"href":"https:\/\/eltrabajo.cl\/portal\/wp-json\/wp\/v2\/types\/post"}],"author":[{"embeddable":true,"href":"https:\/\/eltrabajo.cl\/portal\/wp-json\/wp\/v2\/users\/1"}],"replies":[{"embeddable":true,"href":"https:\/\/eltrabajo.cl\/portal\/wp-json\/wp\/v2\/comments?post=71242"}],"version-history":[{"count":0,"href":"https:\/\/eltrabajo.cl\/portal\/wp-json\/wp\/v2\/posts\/71242\/revisions"}],"wp:featuredmedia":[{"embeddable":true,"href":"https:\/\/eltrabajo.cl\/portal\/wp-json\/wp\/v2\/media\/71243"}],"wp:attachment":[{"href":"https:\/\/eltrabajo.cl\/portal\/wp-json\/wp\/v2\/media?parent=71242"}],"wp:term":[{"taxonomy":"category","embeddable":true,"href":"https:\/\/eltrabajo.cl\/portal\/wp-json\/wp\/v2\/categories?post=71242"},{"taxonomy":"post_tag","embeddable":true,"href":"https:\/\/eltrabajo.cl\/portal\/wp-json\/wp\/v2\/tags?post=71242"}],"curies":[{"name":"wp","href":"https:\/\/api.w.org\/{rel}","templated":true}]}}