{"id":71569,"date":"2016-07-07T09:24:31","date_gmt":"2016-07-07T13:24:31","guid":{"rendered":"http:\/\/www.eltrabajo.cl\/portal\/?p=71569"},"modified":"2016-07-07T09:24:31","modified_gmt":"2016-07-07T13:24:31","slug":"duelo-de-titanes-del-futbol-este-sabado-en-el-estadio-municipal","status":"publish","type":"post","link":"https:\/\/eltrabajo.cl\/portal\/duelo-de-titanes-del-futbol-este-sabado-en-el-estadio-municipal\/","title":{"rendered":"Duelo de titanes del f\u00fatbol este s\u00e1bado en el Estadio Municipal"},"content":{"rendered":"<ul>\n<li><strong>Cuatro equipos se medir\u00e1n desde las 14:00 horas:<\/strong><\/li>\n<\/ul>\n<p>Un espectacular festival del f\u00fatbol, es el que se realizar\u00e1 el pr\u00f3ximo s\u00e1bado 9 a las 14:00 horas en el estadio municipal de San Felipe, cuando cuatro clubes amateur, se enfrenten para medir fuerza y destreza con la pelota. As\u00ed lo inform\u00f3 a Diario El Trabajo el presidente del Centro Futbol\u00edstico de San Felipe, Antonio \u2018Cocoa\u2019 Villarroel, quien inform\u00f3 tambi\u00e9n m\u00e1s detalles del evento.<\/p>\n<p><strong>CUATRO EQUIPOS<\/strong><br \/>\n\u00abEn nuestra agrupaci\u00f3n militan las leyendas vivientes del Un\u00ed, experimentados deportistas de la talla de Abelardo \u2018Chapir\u00f3n\u2019 Mu\u00f1oz; Hern\u00e1n Olmos y Heriberto \u2018El Bambi\u2019 Briones entre otros. La actividad se realiza para recaudar fondos para nuestra instituci\u00f3n, adem\u00e1s para pasar una agradable jornada. S\u00f3lo ser\u00e1n dos partidos, el preliminar con Deportivo Pedro Aguirre Cerda v\/s Selecci\u00f3n Vecinal, y el juego principal ser\u00e1 Palestino de todos los tiempos, de Oscar Fabi\u00e1n contra nosotros\u00bb, detall\u00f3 el \u2018Cocoa\u2019 Villarroel. Ya lo saben amigos lectores y fiebres del f\u00fatbol, la cita es para que el s\u00e1bado disfrutemos de esta gesta deportiva en el Municipal.<\/p>\n<figure id=\"attachment_71570\" aria-describedby=\"caption-attachment-71570\" style=\"width: 530px\" class=\"wp-caption alignleft\"><a href=\"http:\/\/www.eltrabajo.cl\/portal\/duelo-de-titanes-del-futbol-este-sabado-en-el-estadio-municipal\/antonio-cocoa-villarroel\/\" rel=\"attachment wp-att-71570\"><img data-recalc-dims=\"1\" loading=\"lazy\" decoding=\"async\" class=\"size-full wp-image-71570\" src=\"https:\/\/i0.wp.com\/www.eltrabajo.cl\/portal\/wp-content\/uploads\/2016\/07\/Antonio-Cocoa-Villarroel.jpg?resize=530%2C348\" alt=\"SIEMPRE EL COCOA.- Antonio \u2018Cocoa\u2019 Villarroel muestra a Diario El Trabajo la reciente copa ganada por sus muchachos en El Tambo.\" width=\"530\" height=\"348\" srcset=\"https:\/\/i0.wp.com\/eltrabajo.cl\/portal\/wp-content\/uploads\/2016\/07\/Antonio-Cocoa-Villarroel.jpg?w=530&amp;ssl=1 530w, https:\/\/i0.wp.com\/eltrabajo.cl\/portal\/wp-content\/uploads\/2016\/07\/Antonio-Cocoa-Villarroel.jpg?resize=200%2C131&amp;ssl=1 200w, https:\/\/i0.wp.com\/eltrabajo.cl\/portal\/wp-content\/uploads\/2016\/07\/Antonio-Cocoa-Villarroel.jpg?resize=300%2C197&amp;ssl=1 300w, https:\/\/i0.wp.com\/eltrabajo.cl\/portal\/wp-content\/uploads\/2016\/07\/Antonio-Cocoa-Villarroel.jpg?resize=228%2C150&amp;ssl=1 228w, https:\/\/i0.wp.com\/eltrabajo.cl\/portal\/wp-content\/uploads\/2016\/07\/Antonio-Cocoa-Villarroel.jpg?resize=400%2C263&amp;ssl=1 400w\" sizes=\"auto, (max-width: 530px) 100vw, 530px\" \/><\/a><figcaption id=\"caption-attachment-71570\" class=\"wp-caption-text\">SIEMPRE EL COCOA.- Antonio \u2018Cocoa\u2019 Villarroel muestra a Diario El Trabajo la reciente copa ganada por sus muchachos en El Tambo.<\/figcaption><\/figure>\n","protected":false},"excerpt":{"rendered":"<p>Cuatro equipos se medir\u00e1n desde las 14:00 horas: Un espectacular festival del f\u00fatbol, es el que se realizar\u00e1 el pr\u00f3ximo s\u00e1bado 9 a las 14:00 horas en el estadio municipal de San&#8230;<\/p>\n","protected":false},"author":1,"featured_media":71570,"comment_status":"open","ping_status":"open","sticky":false,"template":"","format":"standard","meta":{"advanced_seo_description":"","jetpack_seo_html_title":"","jetpack_seo_noindex":false,"_jetpack_memberships_contains_paid_content":false,"footnotes":""},"categories":[15],"tags":[],"class_list":["post-71569","post","type-post","status-publish","format-standard","has-post-thumbnail","hentry","category-comunidad"],"jetpack_featured_media_url":"https:\/\/i0.wp.com\/eltrabajo.cl\/portal\/wp-content\/uploads\/2016\/07\/Antonio-Cocoa-Villarroel.jpg?fit=530%2C348&ssl=1","jetpack_sharing_enabled":true,"jetpack_likes_enabled":true,"jetpack-related-posts":[],"_links":{"self":[{"href":"https:\/\/eltrabajo.cl\/portal\/wp-json\/wp\/v2\/posts\/71569","targetHints":{"allow":["GET"]}}],"collection":[{"href":"https:\/\/eltrabajo.cl\/portal\/wp-json\/wp\/v2\/posts"}],"about":[{"href":"https:\/\/eltrabajo.cl\/portal\/wp-json\/wp\/v2\/types\/post"}],"author":[{"embeddable":true,"href":"https:\/\/eltrabajo.cl\/portal\/wp-json\/wp\/v2\/users\/1"}],"replies":[{"embeddable":true,"href":"https:\/\/eltrabajo.cl\/portal\/wp-json\/wp\/v2\/comments?post=71569"}],"version-history":[{"count":0,"href":"https:\/\/eltrabajo.cl\/portal\/wp-json\/wp\/v2\/posts\/71569\/revisions"}],"wp:featuredmedia":[{"embeddable":true,"href":"https:\/\/eltrabajo.cl\/portal\/wp-json\/wp\/v2\/media\/71570"}],"wp:attachment":[{"href":"https:\/\/eltrabajo.cl\/portal\/wp-json\/wp\/v2\/media?parent=71569"}],"wp:term":[{"taxonomy":"category","embeddable":true,"href":"https:\/\/eltrabajo.cl\/portal\/wp-json\/wp\/v2\/categories?post=71569"},{"taxonomy":"post_tag","embeddable":true,"href":"https:\/\/eltrabajo.cl\/portal\/wp-json\/wp\/v2\/tags?post=71569"}],"curies":[{"name":"wp","href":"https:\/\/api.w.org\/{rel}","templated":true}]}}