{"id":71652,"date":"2016-07-11T10:18:34","date_gmt":"2016-07-11T14:18:34","guid":{"rendered":"http:\/\/www.eltrabajo.cl\/portal\/?p=71652"},"modified":"2016-07-11T10:18:34","modified_gmt":"2016-07-11T14:18:34","slug":"concejo-municipal-aprueba-propuestas-del-consejo-consultivo-de-infancia","status":"publish","type":"post","link":"https:\/\/eltrabajo.cl\/portal\/concejo-municipal-aprueba-propuestas-del-consejo-consultivo-de-infancia\/","title":{"rendered":"Concejo Municipal aprueba propuestas del Consejo Consultivo de Infancia"},"content":{"rendered":"<ul>\n<li><strong>Integrantes de este organismo representativo de la infancia y la adolescencia de la comuna sostuvieron la primera reuni\u00f3n del a\u00f1o con el Alcalde Patricio Freire y los concejales, quienes los felicitaron por la labor que est\u00e1n desarrollando.<\/strong><\/li>\n<\/ul>\n<p>Satisfechos se mostraron los integrantes del Consejo Consultivo de Infancia y Adolescencia de San Felipe, tras exponer ante el Concejo Municipal encabezado por el alcalde Patricio Freire, ocasi\u00f3n en la que adem\u00e1s de dar a conocer la labor que est\u00e1n desarrollando al alero de la Oficina de Protecci\u00f3n de Derechos, efectuaron una propuesta de actividades que esperan desarrollar durante este segundo semestre, la que fue aprobada en la oportunidad.<br \/>\nSeg\u00fan explic\u00f3 Fernando Alvarado, en esta primera presentaci\u00f3n del a\u00f1o ante el Concejo Municipal, se propusieron trabajar en una propuesta que considerara la integraci\u00f3n de los ni\u00f1os, ni\u00f1as, adolescentes y j\u00f3venes en el \u00e1mbito pol\u00edtico, de salud, cultura y deporte, comprendiendo que son inquietudes que todos tienen y respecto de las cuales desear\u00edan avanzar.<br \/>\n\u201cQueremos trabajar en torno a temas como la sexualidad, a la generaci\u00f3n del Concurso de Bandas que ya sabemos que se realizar\u00e1 pues la OPD trabaj\u00f3 con la oficina de la Juventud en ello; en el Proceso Constituyente, respecto del cual efectuamos un encuentro autoconvocado el 31 de mayo, ahora queremos participar en el cabildo provincial; nos interesa desarrollar actividades socio recreativas y tambi\u00e9n deportivas, para lo que contamos con el respaldo municipal para desarrollar junto al Departamento de Deportes en un encuentro de f\u00fatbol calle\u201d, se\u00f1al\u00f3 el estudiante.<br \/>\nAl t\u00e9rmino de la sesi\u00f3n, los integrantes del Consejo Consultivo expresaron su satisfacci\u00f3n por la favorable respuesta del alcalde y los concejales.<br \/>\n\u201cNosotros presentamos propuestas en el \u00e1mbito social, cultural y deportivo, las que aprobaron de inmediato. Tuvimos muchos elogios y la verdad es que nos vamos muy contentos de que hayan aceptado nuestros planteamientos y por eso nos vamos felices de contar con el apoyo de ellos, que nos limpian la visi\u00f3n que tenemos de que todos los pol\u00edticos solo buscan su beneficio\u201d, se\u00f1al\u00f3 Rafael Chaparro.<br \/>\n\u201cPresentamos una propuesta para realizar un debate con los candidatos a alcalde y a concejales, pues queremos conocer los planteamientos de ellos en torno a la infancia y a la adolescencia. Ellos aceptaron esa petici\u00f3n y nos interesa mucho, pues hay muchos de nosotros que en octubre podremos votar\u201d, se\u00f1al\u00f3 Mat\u00edas Chaparro.<br \/>\nBenjam\u00edn Esp\u00edndola, reconoci\u00f3 su emoci\u00f3n de tener la posibilidad de compartir con el concejo municipal y formular sus propuestas. \u201cPara nosotros esto es importante, al principio estaba muy nervioso, pero principalmente porque estas oportunidades no se dan en todas las comunas y me alegra mucho que en San Felipe esto ocurra. Ojal\u00e1 m\u00e1s ni\u00f1os y j\u00f3venes se sumen\u201d, se\u00f1al\u00f3 el consejero.<br \/>\nSeg\u00fan asever\u00f3 la coordinadora comunal de la OPD San Felipe, Francisca Hidalgo, esta instancia es muy valiosa pues ya se ha instalado en el programa anual de trabajo del Consejo Consultivo, que fue creado en 2012, orientado a generar una vinculaci\u00f3n con las autoridades de la comuna.<br \/>\n\u201cEsta es la primera presentaci\u00f3n del a\u00f1o y ellos quedaron muy conformes, pues ratificaron que esta instancia ya est\u00e1 instalada, nuestros ni\u00f1os tienen un bagaje en liderazgo, son activos en participaci\u00f3n, pero esta vez quedaron muy contentos, porque en esta ocasi\u00f3n fueron capaces de levantar propuestas y recibir un reconocimiento de las autoridades, por su seriedad de trabajo, por su liderazgo y por el inter\u00e9s de ser un aporte a la comunidad\u201d, se\u00f1al\u00f3 Francisca Hidalgo.<br \/>\nSeg\u00fan la profesional, en la ocasi\u00f3n se propuso la creaci\u00f3n de una comisi\u00f3n de infancia desde el Concejo Municipal, donde los integrantes del Consejo Consultivo se ofrecieron a prestar asesor\u00eda.<\/p>\n<figure id=\"attachment_71653\" aria-describedby=\"caption-attachment-71653\" style=\"width: 530px\" class=\"wp-caption alignnone\"><img data-recalc-dims=\"1\" loading=\"lazy\" decoding=\"async\" class=\"wp-image-71653 size-full\" src=\"https:\/\/i0.wp.com\/www.eltrabajo.cl\/portal\/wp-content\/uploads\/2016\/07\/Consejo-Consultivo-junto-al-Concejo-Municipal.jpg?resize=530%2C350\" alt=\"Integrantes de este organismo representativo de la infancia y la adolescencia de la comuna  sostuvieron la primera reuni\u00f3n del a\u00f1o con el Alcalde Patricio Freire y los concejales, quienes los felicitaron por la labor que est\u00e1n desarrollando.\" width=\"530\" height=\"350\" srcset=\"https:\/\/i0.wp.com\/eltrabajo.cl\/portal\/wp-content\/uploads\/2016\/07\/Consejo-Consultivo-junto-al-Concejo-Municipal.jpg?w=530&amp;ssl=1 530w, https:\/\/i0.wp.com\/eltrabajo.cl\/portal\/wp-content\/uploads\/2016\/07\/Consejo-Consultivo-junto-al-Concejo-Municipal.jpg?resize=200%2C132&amp;ssl=1 200w, https:\/\/i0.wp.com\/eltrabajo.cl\/portal\/wp-content\/uploads\/2016\/07\/Consejo-Consultivo-junto-al-Concejo-Municipal.jpg?resize=300%2C198&amp;ssl=1 300w, https:\/\/i0.wp.com\/eltrabajo.cl\/portal\/wp-content\/uploads\/2016\/07\/Consejo-Consultivo-junto-al-Concejo-Municipal.jpg?resize=227%2C150&amp;ssl=1 227w, https:\/\/i0.wp.com\/eltrabajo.cl\/portal\/wp-content\/uploads\/2016\/07\/Consejo-Consultivo-junto-al-Concejo-Municipal.jpg?resize=400%2C264&amp;ssl=1 400w\" sizes=\"auto, (max-width: 530px) 100vw, 530px\" \/><figcaption id=\"caption-attachment-71653\" class=\"wp-caption-text\">Integrantes de este organismo representativo de la infancia y la adolescencia de la comuna sostuvieron la primera reuni\u00f3n del a\u00f1o con el Alcalde Patricio Freire y los concejales, quienes los felicitaron por la labor que est\u00e1n desarrollando.<\/figcaption><\/figure>\n","protected":false},"excerpt":{"rendered":"<p>Integrantes de este organismo representativo de la infancia y la adolescencia de la comuna sostuvieron la primera reuni\u00f3n del a\u00f1o con el Alcalde Patricio Freire y los concejales, quienes los felicitaron por&#8230;<\/p>\n","protected":false},"author":482,"featured_media":71653,"comment_status":"open","ping_status":"open","sticky":false,"template":"","format":"standard","meta":{"advanced_seo_description":"","jetpack_seo_html_title":"","jetpack_seo_noindex":false,"_jetpack_memberships_contains_paid_content":false,"footnotes":""},"categories":[1],"tags":[],"class_list":["post-71652","post","type-post","status-publish","format-standard","has-post-thumbnail","hentry","category-cronica"],"jetpack_featured_media_url":"https:\/\/i0.wp.com\/eltrabajo.cl\/portal\/wp-content\/uploads\/2016\/07\/Consejo-Consultivo-junto-al-Concejo-Municipal.jpg?fit=530%2C350&ssl=1","jetpack_sharing_enabled":true,"jetpack_likes_enabled":true,"jetpack-related-posts":[],"_links":{"self":[{"href":"https:\/\/eltrabajo.cl\/portal\/wp-json\/wp\/v2\/posts\/71652","targetHints":{"allow":["GET"]}}],"collection":[{"href":"https:\/\/eltrabajo.cl\/portal\/wp-json\/wp\/v2\/posts"}],"about":[{"href":"https:\/\/eltrabajo.cl\/portal\/wp-json\/wp\/v2\/types\/post"}],"author":[{"embeddable":true,"href":"https:\/\/eltrabajo.cl\/portal\/wp-json\/wp\/v2\/users\/482"}],"replies":[{"embeddable":true,"href":"https:\/\/eltrabajo.cl\/portal\/wp-json\/wp\/v2\/comments?post=71652"}],"version-history":[{"count":0,"href":"https:\/\/eltrabajo.cl\/portal\/wp-json\/wp\/v2\/posts\/71652\/revisions"}],"wp:featuredmedia":[{"embeddable":true,"href":"https:\/\/eltrabajo.cl\/portal\/wp-json\/wp\/v2\/media\/71653"}],"wp:attachment":[{"href":"https:\/\/eltrabajo.cl\/portal\/wp-json\/wp\/v2\/media?parent=71652"}],"wp:term":[{"taxonomy":"category","embeddable":true,"href":"https:\/\/eltrabajo.cl\/portal\/wp-json\/wp\/v2\/categories?post=71652"},{"taxonomy":"post_tag","embeddable":true,"href":"https:\/\/eltrabajo.cl\/portal\/wp-json\/wp\/v2\/tags?post=71652"}],"curies":[{"name":"wp","href":"https:\/\/api.w.org\/{rel}","templated":true}]}}