{"id":71655,"date":"2016-07-11T10:22:31","date_gmt":"2016-07-11T14:22:31","guid":{"rendered":"http:\/\/www.eltrabajo.cl\/portal\/?p=71655"},"modified":"2016-07-11T10:23:05","modified_gmt":"2016-07-11T14:23:05","slug":"dos-heridos-y-cuantiosos-danos-deja-colision-entre-automovil-y-camioneta","status":"publish","type":"post","link":"https:\/\/eltrabajo.cl\/portal\/dos-heridos-y-cuantiosos-danos-deja-colision-entre-automovil-y-camioneta\/","title":{"rendered":"Dos heridos y cuantiosos da\u00f1os deja colisi\u00f3n entre autom\u00f3vil y camioneta"},"content":{"rendered":"<p><strong>LOS ANDES.<\/strong>&#8211; Dos personas resultaron heridas tras protagonizar una colisi\u00f3n la tarde de ayer domingo en avenida San Rafael, frente al Liceo Mixto, donde un autom\u00f3vil colision\u00f3 con una camioneta causando serios da\u00f1os.<br \/>\nEl hecho se registr\u00f3 alrededor de las 18:15 horas en la intersecci\u00f3n de San Rafael con el ingreso a la Villa Alborada, donde existe un sem\u00e1foro, colisionando violentamente un autom\u00f3vil Toyota Yaris, patente TP 84-32 que se dirig\u00eda de oriente a poniente, con una camioneta Volkswagen Amarok HL SV 73 que sal\u00eda de la caletera.<br \/>\nA consecuencia de la colisi\u00f3n el autom\u00f3vil qued\u00f3 con toda su parte delantera destruida y sus dos ocupantes atrapados en el interior, siendo necesaria la presencia de la Unidad de Rescate de la Primera Compa\u00f1\u00eda de Bomberos m\u00e1s el apoyo de unidades de la Segunda y Quinta Compa\u00f1\u00eda.<br \/>\nUna vez estabilizados los lesionados fueron derivados en ambulancia hasta el Servicio de Urgencia del Hospital San Juan de Dios.<br \/>\nEn tanto, el conductor de la camioneta salv\u00f3 con cortes menores en una de sus manos.<br \/>\nCarabineros adopt\u00f3 el procedimiento correspondiente a fin de establecer la din\u00e1mica del accidente y la responsabilidad de los conductores.<br \/>\nEste accidente gener\u00f3 una gran congesti\u00f3n en avenida San Rafael, debiendo ser desviados los veh\u00edculos por calles aleda\u00f1as.<\/p>\n<figure id=\"attachment_71656\" aria-describedby=\"caption-attachment-71656\" style=\"width: 530px\" class=\"wp-caption alignnone\"><img data-recalc-dims=\"1\" loading=\"lazy\" decoding=\"async\" class=\"wp-image-71656 size-full\" src=\"https:\/\/i0.wp.com\/www.eltrabajo.cl\/portal\/wp-content\/uploads\/2016\/07\/choque-semaforo-san-rafael1.jpg?resize=530%2C350\" alt=\"Los dos ocupantes de este autom\u00f3vil resultaron heridos debido a la violencia del impacto, debiendo ser rescatados por Bomberos.\" width=\"530\" height=\"350\" srcset=\"https:\/\/i0.wp.com\/eltrabajo.cl\/portal\/wp-content\/uploads\/2016\/07\/choque-semaforo-san-rafael1.jpg?w=530&amp;ssl=1 530w, https:\/\/i0.wp.com\/eltrabajo.cl\/portal\/wp-content\/uploads\/2016\/07\/choque-semaforo-san-rafael1.jpg?resize=200%2C132&amp;ssl=1 200w, https:\/\/i0.wp.com\/eltrabajo.cl\/portal\/wp-content\/uploads\/2016\/07\/choque-semaforo-san-rafael1.jpg?resize=300%2C198&amp;ssl=1 300w, https:\/\/i0.wp.com\/eltrabajo.cl\/portal\/wp-content\/uploads\/2016\/07\/choque-semaforo-san-rafael1.jpg?resize=227%2C150&amp;ssl=1 227w, https:\/\/i0.wp.com\/eltrabajo.cl\/portal\/wp-content\/uploads\/2016\/07\/choque-semaforo-san-rafael1.jpg?resize=400%2C264&amp;ssl=1 400w\" sizes=\"auto, (max-width: 530px) 100vw, 530px\" \/><figcaption id=\"caption-attachment-71656\" class=\"wp-caption-text\">Los dos ocupantes de este autom\u00f3vil resultaron heridos debido a la violencia del impacto, debiendo ser rescatados por Bomberos.<\/figcaption><\/figure>\n<p><img data-recalc-dims=\"1\" loading=\"lazy\" decoding=\"async\" class=\"alignnone wp-image-71657 size-full\" src=\"https:\/\/i0.wp.com\/www.eltrabajo.cl\/portal\/wp-content\/uploads\/2016\/07\/choque-semaforo-san-rafael.jpg?resize=530%2C349\" alt=\"Cuantiosos da\u00f1os sufri\u00f3 el autom\u00f3vil tal como se puede apreciar en la imagen.\" width=\"530\" height=\"349\" srcset=\"https:\/\/i0.wp.com\/eltrabajo.cl\/portal\/wp-content\/uploads\/2016\/07\/choque-semaforo-san-rafael.jpg?w=530&amp;ssl=1 530w, https:\/\/i0.wp.com\/eltrabajo.cl\/portal\/wp-content\/uploads\/2016\/07\/choque-semaforo-san-rafael.jpg?resize=200%2C132&amp;ssl=1 200w, https:\/\/i0.wp.com\/eltrabajo.cl\/portal\/wp-content\/uploads\/2016\/07\/choque-semaforo-san-rafael.jpg?resize=300%2C198&amp;ssl=1 300w, https:\/\/i0.wp.com\/eltrabajo.cl\/portal\/wp-content\/uploads\/2016\/07\/choque-semaforo-san-rafael.jpg?resize=228%2C150&amp;ssl=1 228w, https:\/\/i0.wp.com\/eltrabajo.cl\/portal\/wp-content\/uploads\/2016\/07\/choque-semaforo-san-rafael.jpg?resize=400%2C263&amp;ssl=1 400w\" sizes=\"auto, (max-width: 530px) 100vw, 530px\" \/><\/p>\n<p>Cuantiosos da\u00f1os sufri\u00f3 el autom\u00f3vil tal como se puede apreciar en la imagen.<\/p>\n","protected":false},"excerpt":{"rendered":"<p>LOS ANDES.&#8211; Dos personas resultaron heridas tras protagonizar una colisi\u00f3n la tarde de ayer domingo en avenida San Rafael, frente al Liceo Mixto, donde un autom\u00f3vil colision\u00f3 con una camioneta causando serios&#8230;<\/p>\n","protected":false},"author":482,"featured_media":71656,"comment_status":"open","ping_status":"open","sticky":false,"template":"","format":"standard","meta":{"advanced_seo_description":"","jetpack_seo_html_title":"","jetpack_seo_noindex":false,"_jetpack_memberships_contains_paid_content":false,"footnotes":""},"categories":[21],"tags":[],"class_list":["post-71655","post","type-post","status-publish","format-standard","has-post-thumbnail","hentry","category-policial"],"jetpack_featured_media_url":"https:\/\/i0.wp.com\/eltrabajo.cl\/portal\/wp-content\/uploads\/2016\/07\/choque-semaforo-san-rafael1.jpg?fit=530%2C350&ssl=1","jetpack_sharing_enabled":true,"jetpack_likes_enabled":true,"jetpack-related-posts":[],"_links":{"self":[{"href":"https:\/\/eltrabajo.cl\/portal\/wp-json\/wp\/v2\/posts\/71655","targetHints":{"allow":["GET"]}}],"collection":[{"href":"https:\/\/eltrabajo.cl\/portal\/wp-json\/wp\/v2\/posts"}],"about":[{"href":"https:\/\/eltrabajo.cl\/portal\/wp-json\/wp\/v2\/types\/post"}],"author":[{"embeddable":true,"href":"https:\/\/eltrabajo.cl\/portal\/wp-json\/wp\/v2\/users\/482"}],"replies":[{"embeddable":true,"href":"https:\/\/eltrabajo.cl\/portal\/wp-json\/wp\/v2\/comments?post=71655"}],"version-history":[{"count":0,"href":"https:\/\/eltrabajo.cl\/portal\/wp-json\/wp\/v2\/posts\/71655\/revisions"}],"wp:featuredmedia":[{"embeddable":true,"href":"https:\/\/eltrabajo.cl\/portal\/wp-json\/wp\/v2\/media\/71656"}],"wp:attachment":[{"href":"https:\/\/eltrabajo.cl\/portal\/wp-json\/wp\/v2\/media?parent=71655"}],"wp:term":[{"taxonomy":"category","embeddable":true,"href":"https:\/\/eltrabajo.cl\/portal\/wp-json\/wp\/v2\/categories?post=71655"},{"taxonomy":"post_tag","embeddable":true,"href":"https:\/\/eltrabajo.cl\/portal\/wp-json\/wp\/v2\/tags?post=71655"}],"curies":[{"name":"wp","href":"https:\/\/api.w.org\/{rel}","templated":true}]}}