{"id":71662,"date":"2016-07-11T10:29:27","date_gmt":"2016-07-11T14:29:27","guid":{"rendered":"http:\/\/www.eltrabajo.cl\/portal\/?p=71662"},"modified":"2016-07-11T10:29:27","modified_gmt":"2016-07-11T14:29:27","slug":"marcela-brito-laboratorio-recalcine-maneja-un-solo-precio-no-hace-diferenciacion-en-sus-productos","status":"publish","type":"post","link":"https:\/\/eltrabajo.cl\/portal\/marcela-brito-laboratorio-recalcine-maneja-un-solo-precio-no-hace-diferenciacion-en-sus-productos\/","title":{"rendered":"Marcela Brito: \u201cLaboratorio Recalcine maneja un solo precio, no hace diferenciaci\u00f3n en sus productos\u201d"},"content":{"rendered":"<figure id=\"attachment_71663\" aria-describedby=\"caption-attachment-71663\" style=\"width: 300px\" class=\"wp-caption alignleft\"><img data-recalc-dims=\"1\" loading=\"lazy\" decoding=\"async\" class=\"wp-image-71663 size-medium\" src=\"https:\/\/i0.wp.com\/www.eltrabajo.cl\/portal\/wp-content\/uploads\/2016\/07\/Marcela-Brito-300x198.jpg?resize=300%2C198\" alt=\"Marcela Brito, directora del Sistema de Salud Municipal de San Felipe.\" width=\"300\" height=\"198\" srcset=\"https:\/\/i0.wp.com\/eltrabajo.cl\/portal\/wp-content\/uploads\/2016\/07\/Marcela-Brito.jpg?resize=300%2C198&amp;ssl=1 300w, https:\/\/i0.wp.com\/eltrabajo.cl\/portal\/wp-content\/uploads\/2016\/07\/Marcela-Brito.jpg?resize=200%2C132&amp;ssl=1 200w, https:\/\/i0.wp.com\/eltrabajo.cl\/portal\/wp-content\/uploads\/2016\/07\/Marcela-Brito.jpg?resize=228%2C150&amp;ssl=1 228w, https:\/\/i0.wp.com\/eltrabajo.cl\/portal\/wp-content\/uploads\/2016\/07\/Marcela-Brito.jpg?resize=400%2C263&amp;ssl=1 400w, https:\/\/i0.wp.com\/eltrabajo.cl\/portal\/wp-content\/uploads\/2016\/07\/Marcela-Brito.jpg?w=530&amp;ssl=1 530w\" sizes=\"auto, (max-width: 300px) 100vw, 300px\" \/><figcaption id=\"caption-attachment-71663\" class=\"wp-caption-text\">Marcela Brito, directora del Sistema de Salud Municipal de San Felipe.<\/figcaption><\/figure>\n<ul>\n<li><strong>Directora de Salud Municipal de San Felipe, explic\u00f3 cu\u00e1l es la situaci\u00f3n que se est\u00e1 produciendo con el valor de algunos medicamentos, a qu\u00e9 se deben los tiempos de espera al momento de la adquisici\u00f3n y a la relaci\u00f3n con Cenabast.<\/strong><\/li>\n<\/ul>\n<p>La directora del Sistema de Salud Municipal de San Felipe, Marcela Brito, hizo frente a las cr\u00edticas que se\u00f1alaron durante la semana pasada, que la reci\u00e9n instaurada Farmacia Municipal, no estar\u00eda cumpliendo con su prop\u00f3sito y, los medicamentos que gestiona, tendr\u00edan un valor muy similar al que presentan en el sistema privado.<br \/>\nAl respecto, Brito reconoci\u00f3 que esta situaci\u00f3n se genera a partir de casos particulares, con recetas que prescriben medicamentos de un Laboratorio espec\u00edfico, ya que finalmente, los remedios que se consiguen a trav\u00e9s de la Cenabast, han significado un enorme alivio a los bolsillos de gran parte de los 500 inscritos con los que hoy cuenta la Farmacia Municipal.<br \/>\nLa enfermera, asumi\u00f3 que, si bien hay cosas que mejorar, se debiera valorar el hecho que el recinto lleva en funcionamiento reci\u00e9n 6 semanas y acot\u00f3 que \u201cpara m\u00ed las cr\u00edticas siempre son una oportunidad para mejorar, hay que rescatar lo mejor de ellas, porque si uno las toma en el sentido de que es destructivo, la verdad no avanzamos (\u2026) es verdad que en algunos casos se produce esto de la igualaci\u00f3n de valores entre la red privada y lo que ofrecemos como Municipalidad\u201d, asumi\u00f3.<br \/>\nDe acuerdo a lo manifestado por la profesional, los casos en que el beneficio no queda de manifiesto, son puntuales y est\u00e1n referidos a aqu\u00e9llos productos prescritos, no gen\u00e9ricos, por ejemplo del Laboratorio Recalcine, el cual, no realiza diferenciaci\u00f3n de precios, por lo que, el problema se le genera a todas las farmacias municipales y no s\u00f3lo a la de San Felipe<br \/>\nEn referencia a la accesibilidad y el stock de medicamentos que han encontrado en Cenabast, Brito afirm\u00f3 que \u201cestamos comprando en Cenabast, pero lo que pasa es que ellos no proveen todos los productos de los cuales nos han llegado requerimientos y es ah\u00ed donde se est\u00e1n haciendo gestiones a un nivel que escapa a nosotros, para mejorar ese canal de distribuci\u00f3n\u201d.<br \/>\nRespecto del tiempo que deben esperar los pacientes, para poder contar con sus medicamentos, la directora de Salud Municipal, asegur\u00f3 que al ser un recinto dependiente del sistema p\u00fablico, deben cumplir con un procedimiento de adquisici\u00f3n, mediante el respectivo proceso de licitaciones en el mercado p\u00fablico, puesto que, al preferir el convenio Marco, por compra directa, los precios ser\u00edan mucho m\u00e1s elevados.<br \/>\n\u201cTodo tiene un proceso administrativo que debemos cumplir (\u2026) en algunos productos nos demoramos 3 semanas, en otros una semana y algunos los tenemos en stock. Ahora, hay varios procesos de adquisici\u00f3n, licitaci\u00f3n en proceso de firma, y ah\u00ed la Qu\u00edmico ha hecho un an\u00e1lisis de los mayores requerimientos, entonces se va a aumentar el stock cr\u00edtico\u201d, sostuvo.<\/p>\n<p><strong>OPTIMISMO<\/strong><br \/>\nPese a esta problem\u00e1tica, Brito insisti\u00f3 en que estos casos puntuales no empa\u00f1an la enorme demanda que ha sido cubierta con la implementaci\u00f3n de este m\u00f3dulo.<br \/>\n\u201cHemos recibido usuarios que de verdad han podido evidenciar una diferencia sustantiva respecto de su bolsillo, en el acceso a su tratamiento. Estamos hablando de un 50% de pacientes con Glaucoma, donde la diferencia es muy importante, inclusive, m\u00e1s all\u00e1 de un 100%. Hemos tenido comunidades enteras de muchachos de situaci\u00f3n vulnerable, que tienen un tratamiento espec\u00edfico y el ahorro concreto cercano a los 200 mil pesos, les permitir\u00e1 acceder a una consulta m\u00e9dica adicional, por ejemplo\u201d, enfatiz\u00f3.<br \/>\nSeg\u00fan Brito, la realidad de la Farmacia Municipal de San Felipe, es que de los 500 usuarios inscritos, hay que calcular 2 prescripciones por cada uno y que a pesar de la molestia de algunos han debido negar el servicio a aqu\u00e9llas personas que no asisten con receta, pues la automedicaci\u00f3n, es un problema de salud p\u00fablica con el cual se est\u00e1 luchando a nivel nacional.<br \/>\nPor \u00faltimo, la personera record\u00f3 que el beneficio en gran medida va dirigido a los usuarios cr\u00f3nicos en general, cuyo apoyo, en casos particulares donde se evidencie vulnerabilidad econ\u00f3mica, podr\u00eda estar complementado con la gesti\u00f3n de un subsidio especial desde la Direcci\u00f3n de Desarrollo Comunitario, para la adquisici\u00f3n del medicamento.<\/p>\n<figure id=\"attachment_71664\" aria-describedby=\"caption-attachment-71664\" style=\"width: 530px\" class=\"wp-caption alignnone\"><img data-recalc-dims=\"1\" loading=\"lazy\" decoding=\"async\" class=\"wp-image-71664 size-full\" src=\"https:\/\/i0.wp.com\/www.eltrabajo.cl\/portal\/wp-content\/uploads\/2016\/07\/remedios.jpg?resize=530%2C349\" alt=\"El problema de los altos precios se dar\u00eda en los medicamentos de algunos laboratorios, no as\u00ed en los gen\u00e9ricos donde habr\u00eda un importante ahorro para los sanfelipe\u00f1os, asegur\u00f3 la Directora de Salud Municipal.\" width=\"530\" height=\"349\" srcset=\"https:\/\/i0.wp.com\/eltrabajo.cl\/portal\/wp-content\/uploads\/2016\/07\/remedios.jpg?w=530&amp;ssl=1 530w, https:\/\/i0.wp.com\/eltrabajo.cl\/portal\/wp-content\/uploads\/2016\/07\/remedios.jpg?resize=200%2C132&amp;ssl=1 200w, https:\/\/i0.wp.com\/eltrabajo.cl\/portal\/wp-content\/uploads\/2016\/07\/remedios.jpg?resize=300%2C198&amp;ssl=1 300w, https:\/\/i0.wp.com\/eltrabajo.cl\/portal\/wp-content\/uploads\/2016\/07\/remedios.jpg?resize=228%2C150&amp;ssl=1 228w, https:\/\/i0.wp.com\/eltrabajo.cl\/portal\/wp-content\/uploads\/2016\/07\/remedios.jpg?resize=400%2C263&amp;ssl=1 400w\" sizes=\"auto, (max-width: 530px) 100vw, 530px\" \/><figcaption id=\"caption-attachment-71664\" class=\"wp-caption-text\">El problema de los altos precios se dar\u00eda en los medicamentos de algunos laboratorios, no as\u00ed en los gen\u00e9ricos donde habr\u00eda un importante ahorro para los sanfelipe\u00f1os, asegur\u00f3 la Directora de Salud Municipal.<\/figcaption><\/figure>\n","protected":false},"excerpt":{"rendered":"<p>Directora de Salud Municipal de San Felipe, explic\u00f3 cu\u00e1l es la situaci\u00f3n que se est\u00e1 produciendo con el valor de algunos medicamentos, a qu\u00e9 se deben los tiempos de espera al momento&#8230;<\/p>\n","protected":false},"author":482,"featured_media":71663,"comment_status":"open","ping_status":"open","sticky":false,"template":"","format":"standard","meta":{"advanced_seo_description":"","jetpack_seo_html_title":"","jetpack_seo_noindex":false,"_jetpack_memberships_contains_paid_content":false,"footnotes":""},"categories":[1],"tags":[],"class_list":["post-71662","post","type-post","status-publish","format-standard","has-post-thumbnail","hentry","category-cronica"],"jetpack_featured_media_url":"https:\/\/i0.wp.com\/eltrabajo.cl\/portal\/wp-content\/uploads\/2016\/07\/Marcela-Brito.jpg?fit=530%2C349&ssl=1","jetpack_sharing_enabled":true,"jetpack_likes_enabled":true,"jetpack-related-posts":[],"_links":{"self":[{"href":"https:\/\/eltrabajo.cl\/portal\/wp-json\/wp\/v2\/posts\/71662","targetHints":{"allow":["GET"]}}],"collection":[{"href":"https:\/\/eltrabajo.cl\/portal\/wp-json\/wp\/v2\/posts"}],"about":[{"href":"https:\/\/eltrabajo.cl\/portal\/wp-json\/wp\/v2\/types\/post"}],"author":[{"embeddable":true,"href":"https:\/\/eltrabajo.cl\/portal\/wp-json\/wp\/v2\/users\/482"}],"replies":[{"embeddable":true,"href":"https:\/\/eltrabajo.cl\/portal\/wp-json\/wp\/v2\/comments?post=71662"}],"version-history":[{"count":0,"href":"https:\/\/eltrabajo.cl\/portal\/wp-json\/wp\/v2\/posts\/71662\/revisions"}],"wp:featuredmedia":[{"embeddable":true,"href":"https:\/\/eltrabajo.cl\/portal\/wp-json\/wp\/v2\/media\/71663"}],"wp:attachment":[{"href":"https:\/\/eltrabajo.cl\/portal\/wp-json\/wp\/v2\/media?parent=71662"}],"wp:term":[{"taxonomy":"category","embeddable":true,"href":"https:\/\/eltrabajo.cl\/portal\/wp-json\/wp\/v2\/categories?post=71662"},{"taxonomy":"post_tag","embeddable":true,"href":"https:\/\/eltrabajo.cl\/portal\/wp-json\/wp\/v2\/tags?post=71662"}],"curies":[{"name":"wp","href":"https:\/\/api.w.org\/{rel}","templated":true}]}}