{"id":71666,"date":"2016-07-11T10:35:14","date_gmt":"2016-07-11T14:35:14","guid":{"rendered":"http:\/\/www.eltrabajo.cl\/portal\/?p=71666"},"modified":"2016-07-11T10:35:14","modified_gmt":"2016-07-11T14:35:14","slug":"enormes-ratones-de-cola-larga-proliferan-en-pob-luis-guajardo-guerrero","status":"publish","type":"post","link":"https:\/\/eltrabajo.cl\/portal\/enormes-ratones-de-cola-larga-proliferan-en-pob-luis-guajardo-guerrero\/","title":{"rendered":"Enormes ratones de cola larga proliferan en Pob. Luis Guajardo Guerrero"},"content":{"rendered":"<p>Una aut\u00e9ntica plaga de posibles ratones colilarga, es la que se ha declarado en muchas casas de Poblaci\u00f3n Luis Guajardo Guerrero etapa1, compuesta por m\u00e1s de 160 viviendas y en donde desde hace m\u00e1s de tres semanas est\u00e1n apareciendo ratones de cola bastante larga, m\u00e1s grandes que el rat\u00f3n com\u00fan, lo que ha disparado las alertas entre los vecinos del lugar, ya que es muy com\u00fan hallarlos mordisqueando de todo en los patios y bodegas de la poblaci\u00f3n.<\/p>\n<p><strong>MUY PREOCUPADOS<\/strong><br \/>\nDiario El Trabajo visit\u00f3 esta poblaci\u00f3n para confirmar in situ la existencia de estos roedores. Fue don Juan Torrej\u00f3n, presidente de la junta vecinal de dicha poblaci\u00f3n, quien nos mostr\u00f3 algunos de estos roedores con cola larga, tras haberlos capturado y dado muerte: \u00abYa este problema se est\u00e1 volviendo insostenible, porque un rat\u00f3n pasa, quiz\u00e1 hasta dos, pero en los \u00faltimos tres d\u00edas ya hemos capturado a cuatro, y se nos han escapado otros pocos. Esto ya es una plaga y por eso estamos aprovechando la disposici\u00f3n de Diario El Trabajo, para poner en aviso a las autoridades de Salud, para que vengan cuanto antes y empiecen a intervenir a tiempo, pues \u00e9ste es el rat\u00f3n colilarga, muchas veces portador del virus del hanta\u00bb, coment\u00f3 el dirigente.<\/p>\n<p><strong>ESVAL RESPONDE<\/strong><br \/>\nSeg\u00fan explic\u00f3 Torrej\u00f3n, los vecinos suponen que la proliferaci\u00f3n de ratones se debe a que Esval y las autoridades encargadas del aseo y mantenimiento de las alcantarillas no las revisan desde hace mucho tiempo, es por ello que Diario El Trabajo habl\u00f3 con el gerente zonal de Esval, don Alejandro P\u00e9rez, quien explic\u00f3 que \u00absi bien hasta el momento no hemos tenido problemas con nuestro sistema de alcantarillado que indiquen relaci\u00f3n con la denuncia de roedores en el sector, entendemos la inquietud de los vecinos ante la situaci\u00f3n que hoy plantean. Por ello, ya tomamos contacto con los dirigentes de esta poblaci\u00f3n y con la Uni\u00f3n Comunal de Juntas de Vecinos. Nos reuniremos con ellos en los pr\u00f3ximos d\u00edas para atender su inquietud y ayudarles a descubrir qu\u00e9 otros factores externos podr\u00edan estar incidiendo en esta situaci\u00f3n.<br \/>\n\u00abCabe destacar que Esval desarrolla un Plan de Mantenimiento Preventivo de limpieza de colectores de aguas servidas con una inversi\u00f3n regional de m\u00e1s de $721 millones, y que s\u00f3lo en las provincias de San Felipe y Los Andes ya ha cumplido con la limpieza de 35 kil\u00f3metros de alcantarillado, proyectando alcanzar los 70 kil\u00f3metros intervenidos a fin de a\u00f1o en la zona. Finalmente, reiteramos el llamado a la comunidad a mantener limpias y despejadas las c\u00e1maras interiores y hacer un buen uso del sistema de recolecci\u00f3n de aguas servidas\u00bb, respondi\u00f3 P\u00e9rez.<\/p>\n<p><strong>LOS RIESGOS<\/strong><br \/>\nSi bien es cierto, que hasta el momento ninguna autoridad de salud se ha pronunciado en relaci\u00f3n a la aparici\u00f3n de estos roedores para confirmar si son o no ratones colilarga y que son un peligro, en Diario El Trabajo consideramos prudente recordar a nuestros lectores las pautas y cuidados a tener en cuenta ante la presencia de estos roedores, pues su existencia se relaciona a varias enfermedades humanas.<br \/>\nEl S\u00edndrome Cardiopulmonar por Hantavirus (SCPH) es una enfermedad que afecta al hombre y es producida por la infecci\u00f3n con Hantavirus. El virus es transmitido al hombre por el roedor silvestre Oligoryzomys Longicaudatus, com\u00fanmente llamado rat\u00f3n de cola larga.<br \/>\nLos primeros casos de Hantavirus en Chile se registraron en 1995, con letalidades iniciales de 60 a 80%. Este \u00edndice posteriormente ha ido disminuyendo hasta llegar al 30 al 40% en los \u00faltimos a\u00f1os.<\/p>\n<p><strong>\u00bfD\u00d3NDE VIVE EL HANTAVIRUS<\/strong><strong>?<\/strong><br \/>\nEl reservorio natural del Hantavirus es un roedor silvestre, denominado Oligoryzomys Longicaudatus (rat\u00f3n colilargo), cuyo h\u00e1bitat se extiende desde el extremo sur del Desierto de Atacama hasta el extremo austral de la XI Regi\u00f3n.<br \/>\nEste roedor vive en terrenos cuya superficie est\u00e1 cubierta en un 70% por malezas y arbustos; y en la cercan\u00eda de cursos o fuentes de agua.<br \/>\nLos estudios realizados han detectado seropositividad a Hantavirus en otras especies de roedores silvestres que coexisten con el reservorio, como Abrothrix olivaceous, Loxodontomys micropus y Abrothrix longipilis.<\/p>\n<p><strong>LOS S\u00cdNTOMAS<\/strong><br \/>\nLa sintomatolog\u00eda caracter\u00edstica de un paciente infectado con Hantavirus es similar a la gripe com\u00fan. El enfermo presenta inicialmente: Alza brusca de temperatura, mialgia, cefalea, malestar general, dolores abdominales y musculares, as\u00ed como n\u00e1useas y v\u00f3mitos. Posteriormente los s\u00edntomas se agudizan y se agrega dificultad para respirar, causada por acumulaci\u00f3n de l\u00edquido en los pulmones.<br \/>\n<strong>Roberto Gonz\u00e1lez Short<\/strong><\/p>\n<figure id=\"attachment_71667\" aria-describedby=\"caption-attachment-71667\" style=\"width: 530px\" class=\"wp-caption alignnone\"><img data-recalc-dims=\"1\" loading=\"lazy\" decoding=\"async\" class=\"wp-image-71667 size-full\" src=\"https:\/\/i0.wp.com\/www.eltrabajo.cl\/portal\/wp-content\/uploads\/2016\/07\/Ratones1.jpg?resize=530%2C349\" alt=\"RATONES DE COLA LARGA.- Don Juan Torrej\u00f3n y Manuel Cabrera muestran a Diario El Trabajo los enormes ratones de larga cola que en Poblaci\u00f3n Luis Guajardo Guerrero est\u00e1n apareciendo desde hace semanas, ahora ya los est\u00e1n capturando, situaci\u00f3n que dispara las alertas en relaci\u00f3n al Hantavirus en nuestra comuna. (Fotos Roberto Gonz\u00e1lez Short).\" width=\"530\" height=\"349\" srcset=\"https:\/\/i0.wp.com\/eltrabajo.cl\/portal\/wp-content\/uploads\/2016\/07\/Ratones1.jpg?w=530&amp;ssl=1 530w, https:\/\/i0.wp.com\/eltrabajo.cl\/portal\/wp-content\/uploads\/2016\/07\/Ratones1.jpg?resize=200%2C132&amp;ssl=1 200w, https:\/\/i0.wp.com\/eltrabajo.cl\/portal\/wp-content\/uploads\/2016\/07\/Ratones1.jpg?resize=300%2C198&amp;ssl=1 300w, https:\/\/i0.wp.com\/eltrabajo.cl\/portal\/wp-content\/uploads\/2016\/07\/Ratones1.jpg?resize=228%2C150&amp;ssl=1 228w, https:\/\/i0.wp.com\/eltrabajo.cl\/portal\/wp-content\/uploads\/2016\/07\/Ratones1.jpg?resize=400%2C263&amp;ssl=1 400w\" sizes=\"auto, (max-width: 530px) 100vw, 530px\" \/><figcaption id=\"caption-attachment-71667\" class=\"wp-caption-text\">RATONES DE COLA LARGA.- Don Juan Torrej\u00f3n y Manuel Cabrera muestran a Diario El Trabajo los enormes ratones de larga cola que en Poblaci\u00f3n Luis Guajardo Guerrero est\u00e1n apareciendo desde hace semanas, ahora ya los est\u00e1n capturando, situaci\u00f3n que dispara las alertas en relaci\u00f3n al Hantavirus en nuestra comuna. (Fotos Roberto Gonz\u00e1lez Short).<\/figcaption><\/figure>\n<p>&nbsp;<\/p>\n<figure id=\"attachment_71668\" aria-describedby=\"caption-attachment-71668\" style=\"width: 530px\" class=\"wp-caption alignnone\"><img data-recalc-dims=\"1\" loading=\"lazy\" decoding=\"async\" class=\"wp-image-71668 size-full\" src=\"https:\/\/i0.wp.com\/www.eltrabajo.cl\/portal\/wp-content\/uploads\/2016\/07\/contagio1.jpg?resize=530%2C350\" alt=\"ILUSTRACI\u00d3N.- Esta gr\u00e1fica explica c\u00f3mo se genera el contagio del Hantavirus.\" width=\"530\" height=\"350\" srcset=\"https:\/\/i0.wp.com\/eltrabajo.cl\/portal\/wp-content\/uploads\/2016\/07\/contagio1.jpg?w=530&amp;ssl=1 530w, https:\/\/i0.wp.com\/eltrabajo.cl\/portal\/wp-content\/uploads\/2016\/07\/contagio1.jpg?resize=200%2C132&amp;ssl=1 200w, https:\/\/i0.wp.com\/eltrabajo.cl\/portal\/wp-content\/uploads\/2016\/07\/contagio1.jpg?resize=300%2C198&amp;ssl=1 300w, https:\/\/i0.wp.com\/eltrabajo.cl\/portal\/wp-content\/uploads\/2016\/07\/contagio1.jpg?resize=227%2C150&amp;ssl=1 227w, https:\/\/i0.wp.com\/eltrabajo.cl\/portal\/wp-content\/uploads\/2016\/07\/contagio1.jpg?resize=400%2C264&amp;ssl=1 400w\" sizes=\"auto, (max-width: 530px) 100vw, 530px\" \/><figcaption id=\"caption-attachment-71668\" class=\"wp-caption-text\">ILUSTRACI\u00d3N.- Esta gr\u00e1fica explica c\u00f3mo se genera el contagio del Hantavirus.<\/figcaption><\/figure>\n<p>&nbsp;<\/p>\n<div class=\"mceTemp\"><\/div>\n<figure id=\"attachment_71669\" aria-describedby=\"caption-attachment-71669\" style=\"width: 300px\" class=\"wp-caption alignnone\"><img data-recalc-dims=\"1\" loading=\"lazy\" decoding=\"async\" class=\"wp-image-71669 size-medium\" src=\"https:\/\/i0.wp.com\/www.eltrabajo.cl\/portal\/wp-content\/uploads\/2016\/07\/Juan-Torrejon-300x198.jpg?resize=300%2C198\" alt=\"Juan Torrej\u00f3n, presidente de la junta vecinal de Poblaci\u00f3n Luis Guajardo Guerrero.\" width=\"300\" height=\"198\" srcset=\"https:\/\/i0.wp.com\/eltrabajo.cl\/portal\/wp-content\/uploads\/2016\/07\/Juan-Torrejon.jpg?resize=300%2C198&amp;ssl=1 300w, https:\/\/i0.wp.com\/eltrabajo.cl\/portal\/wp-content\/uploads\/2016\/07\/Juan-Torrejon.jpg?resize=200%2C132&amp;ssl=1 200w, https:\/\/i0.wp.com\/eltrabajo.cl\/portal\/wp-content\/uploads\/2016\/07\/Juan-Torrejon.jpg?resize=228%2C150&amp;ssl=1 228w, https:\/\/i0.wp.com\/eltrabajo.cl\/portal\/wp-content\/uploads\/2016\/07\/Juan-Torrejon.jpg?resize=400%2C263&amp;ssl=1 400w, https:\/\/i0.wp.com\/eltrabajo.cl\/portal\/wp-content\/uploads\/2016\/07\/Juan-Torrejon.jpg?w=530&amp;ssl=1 530w\" sizes=\"auto, (max-width: 300px) 100vw, 300px\" \/><figcaption id=\"caption-attachment-71669\" class=\"wp-caption-text\">Juan Torrej\u00f3n, presidente de la junta vecinal de Poblaci\u00f3n Luis Guajardo Guerrero.<\/figcaption><\/figure>\n","protected":false},"excerpt":{"rendered":"<p>Una aut\u00e9ntica plaga de posibles ratones colilarga, es la que se ha declarado en muchas casas de Poblaci\u00f3n Luis Guajardo Guerrero etapa1, compuesta por m\u00e1s de 160 viviendas y en donde desde&#8230;<\/p>\n","protected":false},"author":482,"featured_media":71667,"comment_status":"open","ping_status":"open","sticky":false,"template":"","format":"standard","meta":{"advanced_seo_description":"","jetpack_seo_html_title":"","jetpack_seo_noindex":false,"_jetpack_memberships_contains_paid_content":false,"footnotes":""},"categories":[15],"tags":[],"class_list":["post-71666","post","type-post","status-publish","format-standard","has-post-thumbnail","hentry","category-comunidad"],"jetpack_featured_media_url":"https:\/\/i0.wp.com\/eltrabajo.cl\/portal\/wp-content\/uploads\/2016\/07\/Ratones1.jpg?fit=530%2C349&ssl=1","jetpack_sharing_enabled":true,"jetpack_likes_enabled":true,"jetpack-related-posts":[],"_links":{"self":[{"href":"https:\/\/eltrabajo.cl\/portal\/wp-json\/wp\/v2\/posts\/71666","targetHints":{"allow":["GET"]}}],"collection":[{"href":"https:\/\/eltrabajo.cl\/portal\/wp-json\/wp\/v2\/posts"}],"about":[{"href":"https:\/\/eltrabajo.cl\/portal\/wp-json\/wp\/v2\/types\/post"}],"author":[{"embeddable":true,"href":"https:\/\/eltrabajo.cl\/portal\/wp-json\/wp\/v2\/users\/482"}],"replies":[{"embeddable":true,"href":"https:\/\/eltrabajo.cl\/portal\/wp-json\/wp\/v2\/comments?post=71666"}],"version-history":[{"count":0,"href":"https:\/\/eltrabajo.cl\/portal\/wp-json\/wp\/v2\/posts\/71666\/revisions"}],"wp:featuredmedia":[{"embeddable":true,"href":"https:\/\/eltrabajo.cl\/portal\/wp-json\/wp\/v2\/media\/71667"}],"wp:attachment":[{"href":"https:\/\/eltrabajo.cl\/portal\/wp-json\/wp\/v2\/media?parent=71666"}],"wp:term":[{"taxonomy":"category","embeddable":true,"href":"https:\/\/eltrabajo.cl\/portal\/wp-json\/wp\/v2\/categories?post=71666"},{"taxonomy":"post_tag","embeddable":true,"href":"https:\/\/eltrabajo.cl\/portal\/wp-json\/wp\/v2\/tags?post=71666"}],"curies":[{"name":"wp","href":"https:\/\/api.w.org\/{rel}","templated":true}]}}