{"id":71801,"date":"2016-07-15T10:02:49","date_gmt":"2016-07-15T14:02:49","guid":{"rendered":"http:\/\/www.eltrabajo.cl\/portal\/?p=71801"},"modified":"2016-07-15T10:02:49","modified_gmt":"2016-07-15T14:02:49","slug":"corte-de-apelaciones-rechazo-recurso-que-pretendia-anular-juicio-de-diego-vera-por-muerte-de-javier-munoz","status":"publish","type":"post","link":"https:\/\/eltrabajo.cl\/portal\/corte-de-apelaciones-rechazo-recurso-que-pretendia-anular-juicio-de-diego-vera-por-muerte-de-javier-munoz\/","title":{"rendered":"Corte de Apelaciones rechaz\u00f3 recurso que pretend\u00eda anular juicio de Diego Vera por muerte de Javier Mu\u00f1oz"},"content":{"rendered":"<figure id=\"attachment_71802\" aria-describedby=\"caption-attachment-71802\" style=\"width: 300px\" class=\"wp-caption alignleft\"><img data-recalc-dims=\"1\" loading=\"lazy\" decoding=\"async\" class=\"wp-image-71802 size-medium\" src=\"https:\/\/i0.wp.com\/www.eltrabajo.cl\/portal\/wp-content\/uploads\/2016\/07\/Diego-Vera-300x198.jpg?resize=300%2C198\" alt=\"Diego Vera Pizarro fue condenado a cinco a\u00f1os de c\u00e1rcel de manera efectiva y sin goce de beneficios.\" width=\"300\" height=\"198\" srcset=\"https:\/\/i0.wp.com\/eltrabajo.cl\/portal\/wp-content\/uploads\/2016\/07\/Diego-Vera.jpg?resize=300%2C198&amp;ssl=1 300w, https:\/\/i0.wp.com\/eltrabajo.cl\/portal\/wp-content\/uploads\/2016\/07\/Diego-Vera.jpg?resize=200%2C132&amp;ssl=1 200w, https:\/\/i0.wp.com\/eltrabajo.cl\/portal\/wp-content\/uploads\/2016\/07\/Diego-Vera.jpg?resize=227%2C150&amp;ssl=1 227w, https:\/\/i0.wp.com\/eltrabajo.cl\/portal\/wp-content\/uploads\/2016\/07\/Diego-Vera.jpg?resize=400%2C264&amp;ssl=1 400w, https:\/\/i0.wp.com\/eltrabajo.cl\/portal\/wp-content\/uploads\/2016\/07\/Diego-Vera.jpg?w=530&amp;ssl=1 530w\" sizes=\"auto, (max-width: 300px) 100vw, 300px\" \/><figcaption id=\"caption-attachment-71802\" class=\"wp-caption-text\">Diego Vera Pizarro fue condenado a cinco a\u00f1os de c\u00e1rcel de manera efectiva y sin goce de beneficios.<\/figcaption><\/figure>\n<p>Pese a que se hab\u00eda fijado fecha para hoy viernes, la Corte de Apelaciones de Valpara\u00edso adelant\u00f3 su fallo rechazando el recurso que pretend\u00eda anular el juicio que conden\u00f3 a Diego Vera Pizarro por el Tribunal Oral de San Felipe a cinco a\u00f1os de c\u00e1rcel efectiva por conducci\u00f3n en estado de ebriedad causando la muerte del relator deportivo, Javier Mu\u00f1oz Delgado.<br \/>\nTras revisar dicho recurso elevado por el abogado defensor del sentenciado, Tyrone Etchegaray, la Ilustr\u00edsima Corte revis\u00f3 el requerimiento de anulaci\u00f3n, sin embargo esta petici\u00f3n fue rechazada con un voto disidente, informando del fallo a trav\u00e9s del estado diario este mi\u00e9rcoles.<br \/>\nDe esta forma se reafirma la condena que se ajusta a derecho de cinco a\u00f1os de presidio tal como lo sentenci\u00f3 la terna de juezas del Tribunal Oral en Lo Penal de San Felipe que aplic\u00f3 el m\u00e1ximo que establece la vigente legislaci\u00f3n en nuestro pa\u00eds.<br \/>\nNo obstante, a\u00fan falta que esta misma Corte de Apelaciones se pronuncie sobre el recurso subsidiario que elev\u00f3 de igual forma la defensa que persigue que el sentenciado pueda cumplir la condena bajo la modalidad de libertad vigilada. Alegatos que deber\u00edan pronunciarse por los intervinientes dentro de los pr\u00f3ximos d\u00edas.<br \/>\n<strong>Pablo Salinas Sald\u00edas<\/strong><\/p>\n","protected":false},"excerpt":{"rendered":"<p>Pese a que se hab\u00eda fijado fecha para hoy viernes, la Corte de Apelaciones de Valpara\u00edso adelant\u00f3 su fallo rechazando el recurso que pretend\u00eda anular el juicio que conden\u00f3 a Diego Vera&#8230;<\/p>\n","protected":false},"author":482,"featured_media":71802,"comment_status":"open","ping_status":"open","sticky":false,"template":"","format":"standard","meta":{"advanced_seo_description":"","jetpack_seo_html_title":"","jetpack_seo_noindex":false,"_jetpack_memberships_contains_paid_content":false,"footnotes":""},"categories":[21],"tags":[],"class_list":["post-71801","post","type-post","status-publish","format-standard","has-post-thumbnail","hentry","category-policial"],"jetpack_featured_media_url":"https:\/\/i0.wp.com\/eltrabajo.cl\/portal\/wp-content\/uploads\/2016\/07\/Diego-Vera.jpg?fit=530%2C350&ssl=1","jetpack_sharing_enabled":true,"jetpack_likes_enabled":true,"jetpack-related-posts":[],"_links":{"self":[{"href":"https:\/\/eltrabajo.cl\/portal\/wp-json\/wp\/v2\/posts\/71801","targetHints":{"allow":["GET"]}}],"collection":[{"href":"https:\/\/eltrabajo.cl\/portal\/wp-json\/wp\/v2\/posts"}],"about":[{"href":"https:\/\/eltrabajo.cl\/portal\/wp-json\/wp\/v2\/types\/post"}],"author":[{"embeddable":true,"href":"https:\/\/eltrabajo.cl\/portal\/wp-json\/wp\/v2\/users\/482"}],"replies":[{"embeddable":true,"href":"https:\/\/eltrabajo.cl\/portal\/wp-json\/wp\/v2\/comments?post=71801"}],"version-history":[{"count":0,"href":"https:\/\/eltrabajo.cl\/portal\/wp-json\/wp\/v2\/posts\/71801\/revisions"}],"wp:featuredmedia":[{"embeddable":true,"href":"https:\/\/eltrabajo.cl\/portal\/wp-json\/wp\/v2\/media\/71802"}],"wp:attachment":[{"href":"https:\/\/eltrabajo.cl\/portal\/wp-json\/wp\/v2\/media?parent=71801"}],"wp:term":[{"taxonomy":"category","embeddable":true,"href":"https:\/\/eltrabajo.cl\/portal\/wp-json\/wp\/v2\/categories?post=71801"},{"taxonomy":"post_tag","embeddable":true,"href":"https:\/\/eltrabajo.cl\/portal\/wp-json\/wp\/v2\/tags?post=71801"}],"curies":[{"name":"wp","href":"https:\/\/api.w.org\/{rel}","templated":true}]}}