{"id":71805,"date":"2016-07-15T10:07:27","date_gmt":"2016-07-15T14:07:27","guid":{"rendered":"http:\/\/www.eltrabajo.cl\/portal\/?p=71805"},"modified":"2016-07-15T10:07:27","modified_gmt":"2016-07-15T14:07:27","slug":"certificaron-a-18-rinconadinas-en-curso-de-alfabetizacion-digital","status":"publish","type":"post","link":"https:\/\/eltrabajo.cl\/portal\/certificaron-a-18-rinconadinas-en-curso-de-alfabetizacion-digital\/","title":{"rendered":"Certificaron a 18 rinconadinas en curso de Alfabetizaci\u00f3n Digital"},"content":{"rendered":"<p><strong>LOS ANDES.<\/strong>&#8211; En dependencias del Instituto Profesional Libertador de Los Andes, se realiz\u00f3 la ceremonia de certificaci\u00f3n de 18 rinconadinas pertenecientes al programa Mujer Trabajadora y Jefa de Hogar, quienes realizaron un curso de Computaci\u00f3n B\u00e1sica impartido por el Ipla, estas rinconadinas pudieron acceder a este beneficio gratuito por intermedio de un convenio existente entre el Instituto Profesional Libertador de Los Andes y la municipalidad de Rinconada, a trav\u00e9s de su Departamento Social.<br \/>\nEsta es una importante iniciativa, puesto que entrega oportunidades de nivelaci\u00f3n en el \u00e1mbito de la alfabetizaci\u00f3n digital, habilidades que hoy en d\u00eda son trascendentales a la hora de buscar un trabajo, esta certificaci\u00f3n Ipla podr\u00e1 ser anexada a los antecedentes de estas rinconadinas, ampliando as\u00ed sus competencias.<br \/>\nJos\u00e9 Lazcano Lemus, rector del Ipla se mostr\u00f3 satisfecho por los resultados de esta actividad y afirm\u00f3 que \u00abel Instituto Profesional Libertador de Los Andes tiene este sello social y este curso les da a ellas las herramientas fundamentales para ir entendiendo la nueva era digital que muchos de sus hijos y nietos manejan, y de esta forma estar en contacto con el mundo, antiguamente no saber leer era no estar en contacto y comunicaci\u00f3n con el mundo, hoy en d\u00eda no contar con herramientas tecnol\u00f3gicas, computacionales y de Internet es no estar en contacto con el mundo, estas herramientas y conocimientos les permiten dignificarse como madres, mujeres y personas\u00bb.<br \/>\nB\u00e1rbara L\u00f3pez, asistente social encargada del programa \u2018Mujer Trabajadora y Jefa de Hogar\u2019 de la comuna de Rinconada, se refiri\u00f3 a esta iniciativa y dijo que \u00abesta fue una muy grata experiencia, fue una etapa importante para ellas, el manejo de las nuevas tecnolog\u00edas siempre es una brecha para las mujeres y la gente en general, estas oportunidades se agradecen y aportan al curriculum de ellas para que se puedan insertar en un trabajo y que adem\u00e1s puedan ense\u00f1arle a sus propios hijos y que pierdan el temor a saber manejar estas tecnolog\u00edas, con el Ipla vamos a gestionar otras actividades ya que ellos han tenido muy buena voluntad de estar con nosotros y recibirnos\u00bb.<br \/>\nJuana Mandujano, una de las alumnas de este curso coment\u00f3 la experiencia y expres\u00f3 que \u00abeste curso fue muy bueno porque uno aprende, yo soy de Mina Caracoles y paso sola, esto me sirve para entretenerme con las posibilidades que tiene el Internet y los computadores\u00bb, en tanto Paula Espejo, otra de las alumnas quien recibi\u00f3 su certificaci\u00f3n dijo sentirse feliz por esta oportunidad y asever\u00f3 que \u00abyo soy de Casuto, esto me parece bien porque es un conocimiento fundamental, es muy bueno que esto se difunda porque hay gente que no tiene la posibilidad de hacerlo, a m\u00ed en lo personal me sirvi\u00f3 en algunos aspectos que ten\u00eda retrasados, siempre hay cosas que uno puede ir aprendiendo y que sea gratuito es buen\u00edsimo porque es fundamental manejarse en la tecnolog\u00eda\u00bb.<br \/>\nDe esta manera, se ejecut\u00f3 este exitoso curso, que hoy entrega nuevas habilidades y competencias esta vez a 18 rinconadinas, quienes se vieron beneficiadas por esta iniciativa que busca acercar oportunidades a la comunidad.<\/p>\n<figure id=\"attachment_71806\" aria-describedby=\"caption-attachment-71806\" style=\"width: 530px\" class=\"wp-caption alignnone\"><img data-recalc-dims=\"1\" loading=\"lazy\" decoding=\"async\" class=\"wp-image-71806 size-full\" src=\"https:\/\/i0.wp.com\/www.eltrabajo.cl\/portal\/wp-content\/uploads\/2016\/07\/PROGRAMA-MUJER.jpg?resize=530%2C348\" alt=\"Se realiz\u00f3 la ceremonia de certificaci\u00f3n de 18 rinconadinas pertenecientes al programa \u2018Mujer Trabajadora y Jefa de Hogar\u2019, quienes realizaron un curso de Computaci\u00f3n B\u00e1sica impartido por el Ipla.\" width=\"530\" height=\"348\" srcset=\"https:\/\/i0.wp.com\/eltrabajo.cl\/portal\/wp-content\/uploads\/2016\/07\/PROGRAMA-MUJER.jpg?w=530&amp;ssl=1 530w, https:\/\/i0.wp.com\/eltrabajo.cl\/portal\/wp-content\/uploads\/2016\/07\/PROGRAMA-MUJER.jpg?resize=200%2C131&amp;ssl=1 200w, https:\/\/i0.wp.com\/eltrabajo.cl\/portal\/wp-content\/uploads\/2016\/07\/PROGRAMA-MUJER.jpg?resize=300%2C197&amp;ssl=1 300w, https:\/\/i0.wp.com\/eltrabajo.cl\/portal\/wp-content\/uploads\/2016\/07\/PROGRAMA-MUJER.jpg?resize=228%2C150&amp;ssl=1 228w, https:\/\/i0.wp.com\/eltrabajo.cl\/portal\/wp-content\/uploads\/2016\/07\/PROGRAMA-MUJER.jpg?resize=400%2C263&amp;ssl=1 400w\" sizes=\"auto, (max-width: 530px) 100vw, 530px\" \/><figcaption id=\"caption-attachment-71806\" class=\"wp-caption-text\">Se realiz\u00f3 la ceremonia de certificaci\u00f3n de 18 rinconadinas pertenecientes al programa \u2018Mujer Trabajadora y Jefa de Hogar\u2019, quienes realizaron un curso de Computaci\u00f3n B\u00e1sica impartido por el Ipla.<\/figcaption><\/figure>\n","protected":false},"excerpt":{"rendered":"<p>LOS ANDES.&#8211; En dependencias del Instituto Profesional Libertador de Los Andes, se realiz\u00f3 la ceremonia de certificaci\u00f3n de 18 rinconadinas pertenecientes al programa Mujer Trabajadora y Jefa de Hogar, quienes realizaron un&#8230;<\/p>\n","protected":false},"author":482,"featured_media":71806,"comment_status":"open","ping_status":"open","sticky":false,"template":"","format":"standard","meta":{"advanced_seo_description":"","jetpack_seo_html_title":"","jetpack_seo_noindex":false,"_jetpack_memberships_contains_paid_content":false,"footnotes":""},"categories":[1],"tags":[],"class_list":["post-71805","post","type-post","status-publish","format-standard","has-post-thumbnail","hentry","category-cronica"],"jetpack_featured_media_url":"https:\/\/i0.wp.com\/eltrabajo.cl\/portal\/wp-content\/uploads\/2016\/07\/PROGRAMA-MUJER.jpg?fit=530%2C348&ssl=1","jetpack_sharing_enabled":true,"jetpack_likes_enabled":true,"jetpack-related-posts":[],"_links":{"self":[{"href":"https:\/\/eltrabajo.cl\/portal\/wp-json\/wp\/v2\/posts\/71805","targetHints":{"allow":["GET"]}}],"collection":[{"href":"https:\/\/eltrabajo.cl\/portal\/wp-json\/wp\/v2\/posts"}],"about":[{"href":"https:\/\/eltrabajo.cl\/portal\/wp-json\/wp\/v2\/types\/post"}],"author":[{"embeddable":true,"href":"https:\/\/eltrabajo.cl\/portal\/wp-json\/wp\/v2\/users\/482"}],"replies":[{"embeddable":true,"href":"https:\/\/eltrabajo.cl\/portal\/wp-json\/wp\/v2\/comments?post=71805"}],"version-history":[{"count":0,"href":"https:\/\/eltrabajo.cl\/portal\/wp-json\/wp\/v2\/posts\/71805\/revisions"}],"wp:featuredmedia":[{"embeddable":true,"href":"https:\/\/eltrabajo.cl\/portal\/wp-json\/wp\/v2\/media\/71806"}],"wp:attachment":[{"href":"https:\/\/eltrabajo.cl\/portal\/wp-json\/wp\/v2\/media?parent=71805"}],"wp:term":[{"taxonomy":"category","embeddable":true,"href":"https:\/\/eltrabajo.cl\/portal\/wp-json\/wp\/v2\/categories?post=71805"},{"taxonomy":"post_tag","embeddable":true,"href":"https:\/\/eltrabajo.cl\/portal\/wp-json\/wp\/v2\/tags?post=71805"}],"curies":[{"name":"wp","href":"https:\/\/api.w.org\/{rel}","templated":true}]}}