{"id":71808,"date":"2016-07-15T10:09:26","date_gmt":"2016-07-15T14:09:26","guid":{"rendered":"http:\/\/www.eltrabajo.cl\/portal\/?p=71808"},"modified":"2016-07-15T10:09:26","modified_gmt":"2016-07-15T14:09:26","slug":"vuelven-a-licitar-proyecto-alcantarillado-curimon-san-rafael-tras-desistimiento-de-la-empresa-que-adjudico","status":"publish","type":"post","link":"https:\/\/eltrabajo.cl\/portal\/vuelven-a-licitar-proyecto-alcantarillado-curimon-san-rafael-tras-desistimiento-de-la-empresa-que-adjudico\/","title":{"rendered":"Vuelven a licitar proyecto \u2018Alcantarillado Curim\u00f3n\u2013San Rafael\u2019 tras desistimiento de la empresa que adjudic\u00f3"},"content":{"rendered":"<figure id=\"attachment_71809\" aria-describedby=\"caption-attachment-71809\" style=\"width: 300px\" class=\"wp-caption alignleft\"><img data-recalc-dims=\"1\" loading=\"lazy\" decoding=\"async\" class=\"wp-image-71809 size-medium\" src=\"https:\/\/i0.wp.com\/www.eltrabajo.cl\/portal\/wp-content\/uploads\/2016\/07\/patricio-gonzalez-300x198.jpg?resize=300%2C198\" alt=\"NUEVA LICITACI\u00d3N.- \u201c(\u2026) La hacemos porque esta semana, la empresa Lima que se hab\u00eda adjudicado la obra, anunci\u00f3 que desist\u00eda de su ejecuci\u00f3n\u201d, se\u00f1al\u00f3 Patricio Gonz\u00e1lez.\" width=\"300\" height=\"198\" srcset=\"https:\/\/i0.wp.com\/eltrabajo.cl\/portal\/wp-content\/uploads\/2016\/07\/patricio-gonzalez.jpg?resize=300%2C198&amp;ssl=1 300w, https:\/\/i0.wp.com\/eltrabajo.cl\/portal\/wp-content\/uploads\/2016\/07\/patricio-gonzalez.jpg?resize=200%2C132&amp;ssl=1 200w, https:\/\/i0.wp.com\/eltrabajo.cl\/portal\/wp-content\/uploads\/2016\/07\/patricio-gonzalez.jpg?resize=228%2C150&amp;ssl=1 228w, https:\/\/i0.wp.com\/eltrabajo.cl\/portal\/wp-content\/uploads\/2016\/07\/patricio-gonzalez.jpg?resize=400%2C263&amp;ssl=1 400w, https:\/\/i0.wp.com\/eltrabajo.cl\/portal\/wp-content\/uploads\/2016\/07\/patricio-gonzalez.jpg?w=530&amp;ssl=1 530w\" sizes=\"auto, (max-width: 300px) 100vw, 300px\" \/><figcaption id=\"caption-attachment-71809\" class=\"wp-caption-text\">NUEVA LICITACI\u00d3N.- \u201c(\u2026) La hacemos porque esta semana, la empresa Lima que se hab\u00eda adjudicado la obra, anunci\u00f3 que desist\u00eda de su ejecuci\u00f3n\u201d, se\u00f1al\u00f3 Patricio Gonz\u00e1lez.<\/figcaption><\/figure>\n<p>Luego que la empresa Lima, que se hab\u00eda adjudicado la ejecuci\u00f3n de la obra de construcci\u00f3n del alcantarillado Curim\u00f3n \u2013 San Rafael, desistiera cumplir con la realizaci\u00f3n de este anhelado proyecto, el municipio de San Felipe resolvi\u00f3 efectuar una nueva licitaci\u00f3n para lograr la materializaci\u00f3n de una vez por todas, de esta iniciativa.<br \/>\nAs\u00ed lo dio a conocer el administrador municipal Patricio Gonz\u00e1lez, quien se\u00f1al\u00f3 que en octubre del a\u00f1o pasado y tras asignarse los recursos por parte del Consejo Regional para desarrollar este proyecto, se inici\u00f3 el proceso de licitaci\u00f3n que fue declarado desierto al no haber oferentes. En un segundo llamado, se adjudic\u00f3 la iniciativa a la empresa Lima, que hace pocos d\u00edas inform\u00f3 que no est\u00e1 en condiciones de ejecutarla, por lo que no qued\u00f3 m\u00e1s alternativa que licitar por tercera vez.<br \/>\n\u201cCon fecha 12 de julio hicimos el llamado a licitaci\u00f3n de este proyecto de construcci\u00f3n de la red de alcantarillado Curim\u00f3n, por lo que el proceso se cierra el 12 de agosto. Es una licitaci\u00f3n superior a las 5 mil UTM, por eso tiene estas caracter\u00edsticas. La hacemos porque esta semana, la empresa Lima que se hab\u00eda adjudicado la obra, anunci\u00f3 que desist\u00eda de su ejecuci\u00f3n\u201d, se\u00f1al\u00f3 Patricio Gonz\u00e1lez.<br \/>\nRecord\u00f3, que esta es una situaci\u00f3n delicada, sobre todo considerando que las necesidades del sector se arrastran de hace muchos a\u00f1os, pero el proyecto reci\u00e9n se comienza a trabajar con toda seriedad durante la gesti\u00f3n del alcalde Patricio Freire.<br \/>\n\u201cEl proyecto en s\u00ed mismo no ten\u00eda RS, por tanto no hab\u00eda manera de obtener financiamiento el 2013 iniciamos la reevaluaci\u00f3n del proyecto de ingenier\u00eda, los permisos de Serviu, Vialidad, as\u00ed como Esval, permiti\u00e9ndonos obtener los recursos para concretarlo y hacer este proceso de licitaci\u00f3n\u201d, se\u00f1al\u00f3 Gonz\u00e1lez.<br \/>\nExplic\u00f3 que la idea es que una vez que se cumpla este proceso licitatorio, esperanzado de que existan varios oferentes, pueda iniciarse a fines de agosto o a principios de setiembre se pueda dar el vamos a las obras f\u00edsicas, por tanto tiempo esperadas por la comunidad de este sector de la comuna.<br \/>\nEl administrador municipal se\u00f1al\u00f3 que lamentablemente, temas ajenos a la gesti\u00f3n edilicia, han impedido ejecutar un proyecto que tiene financiamiento. Por lo tanto, se espera que tras cumplirse el proceso de licitaci\u00f3n, cuyo llamado y bases ya est\u00e1n disponibles en Mercado P\u00fablico, se comience a materializar esta iniciativa.<\/p>\n","protected":false},"excerpt":{"rendered":"<p>Luego que la empresa Lima, que se hab\u00eda adjudicado la ejecuci\u00f3n de la obra de construcci\u00f3n del alcantarillado Curim\u00f3n \u2013 San Rafael, desistiera cumplir con la realizaci\u00f3n de este anhelado proyecto, el&#8230;<\/p>\n","protected":false},"author":482,"featured_media":71809,"comment_status":"open","ping_status":"open","sticky":false,"template":"","format":"standard","meta":{"advanced_seo_description":"","jetpack_seo_html_title":"","jetpack_seo_noindex":false,"_jetpack_memberships_contains_paid_content":false,"footnotes":""},"categories":[15],"tags":[],"class_list":["post-71808","post","type-post","status-publish","format-standard","has-post-thumbnail","hentry","category-comunidad"],"jetpack_featured_media_url":"https:\/\/i0.wp.com\/eltrabajo.cl\/portal\/wp-content\/uploads\/2016\/07\/patricio-gonzalez.jpg?fit=530%2C349&ssl=1","jetpack_sharing_enabled":true,"jetpack_likes_enabled":true,"jetpack-related-posts":[],"_links":{"self":[{"href":"https:\/\/eltrabajo.cl\/portal\/wp-json\/wp\/v2\/posts\/71808","targetHints":{"allow":["GET"]}}],"collection":[{"href":"https:\/\/eltrabajo.cl\/portal\/wp-json\/wp\/v2\/posts"}],"about":[{"href":"https:\/\/eltrabajo.cl\/portal\/wp-json\/wp\/v2\/types\/post"}],"author":[{"embeddable":true,"href":"https:\/\/eltrabajo.cl\/portal\/wp-json\/wp\/v2\/users\/482"}],"replies":[{"embeddable":true,"href":"https:\/\/eltrabajo.cl\/portal\/wp-json\/wp\/v2\/comments?post=71808"}],"version-history":[{"count":0,"href":"https:\/\/eltrabajo.cl\/portal\/wp-json\/wp\/v2\/posts\/71808\/revisions"}],"wp:featuredmedia":[{"embeddable":true,"href":"https:\/\/eltrabajo.cl\/portal\/wp-json\/wp\/v2\/media\/71809"}],"wp:attachment":[{"href":"https:\/\/eltrabajo.cl\/portal\/wp-json\/wp\/v2\/media?parent=71808"}],"wp:term":[{"taxonomy":"category","embeddable":true,"href":"https:\/\/eltrabajo.cl\/portal\/wp-json\/wp\/v2\/categories?post=71808"},{"taxonomy":"post_tag","embeddable":true,"href":"https:\/\/eltrabajo.cl\/portal\/wp-json\/wp\/v2\/tags?post=71808"}],"curies":[{"name":"wp","href":"https:\/\/api.w.org\/{rel}","templated":true}]}}