{"id":71811,"date":"2016-07-15T10:16:46","date_gmt":"2016-07-15T14:16:46","guid":{"rendered":"http:\/\/www.eltrabajo.cl\/portal\/?p=71811"},"modified":"2016-07-15T10:16:46","modified_gmt":"2016-07-15T14:16:46","slug":"con-cuchilla-al-cuello-ladron-intimida-a-trabajadora-para-robarle-dinero-y-celulares","status":"publish","type":"post","link":"https:\/\/eltrabajo.cl\/portal\/con-cuchilla-al-cuello-ladron-intimida-a-trabajadora-para-robarle-dinero-y-celulares\/","title":{"rendered":"Con cuchilla al cuello ladr\u00f3n intimida a trabajadora para robarle dinero y celulares"},"content":{"rendered":"<ul>\n<li><strong>Tras una larga persecuci\u00f3n que se inici\u00f3 en calle Santo Domingo y que se extendi\u00f3 hasta la Villa Las Palmeras de San Felipe, se logr\u00f3 capturar al antisocial, el que finalmente, por disposici\u00f3n del Tribunal, qued\u00f3 en prisi\u00f3n preventiva. El acusado posee antecedentes policiales.<\/strong><\/li>\n<\/ul>\n<p>Una traum\u00e1tica y escalofriante situaci\u00f3n es la que vivi\u00f3 una trabajadora de 31 a\u00f1os de edad luego que un peligroso antisocial, violentamente con un cuchillo al cuello, la intimidara para robarle $15.000 en efectivos y dos tel\u00e9fonos celulares, para luego huir a bordo de una bicicleta desde la tienda \u2018Rustik\u2019 ubicada en calle Santo Domingo 99-B en la comuna de San Felipe.<br \/>\nLos hechos se fueron desencadenando cerca del mediod\u00eda de este mi\u00e9rcoles y seg\u00fan el relato de la v\u00edctima, aquel d\u00eda se encontraba en sus labores habituales en el local comercial, momentos en que ingres\u00f3 un hombre fingiendo ser un supuesto cliente, quien habr\u00eda consultado el precio de distintos muebles que se exhiben en la sala de ventas, siendo atendido por la trabajadora quien le confeccion\u00f3 una cotizaci\u00f3n ante sus consultas.<br \/>\nEl desconocido, tras abandonar el local, regres\u00f3 pero esta vez como delincuente, intimidando a la trabajadora a quien violentamente tom\u00f3 del pelo y con la otra mano puso una cortaplumas en su cuello. La mujer, temiendo por su vida, logr\u00f3 arrancar de los brazos del sujeto y esconderse al interior del ba\u00f1o del local.<br \/>\nLa v\u00edctima, bastante aterrada con lo que estaba ocurriendo, observ\u00f3 que el delincuente se apoder\u00f3 de $15.000 y dos tel\u00e9fonos celulares marca Sony Xperia avaluados en medio mill\u00f3n de pesos, huyendo a bordo de una bicicleta.<br \/>\nLa mujer al percatarse de la huida del delincuente, sali\u00f3 a pedir auxilio a la v\u00eda p\u00fablica encontr\u00e1ndose con un automovilista que la traslad\u00f3 inmediatamente en persecuci\u00f3n del ladr\u00f3n, que fue individualizado circulando por calle Toro Mazote esquina Uno Norte de San Felipe, lugar donde se intent\u00f3 reducir al antisocial produci\u00e9ndose un forcejeo entre los protagonistas de este hecho.<br \/>\nSin embargo el delincuente logr\u00f3 huir dejando parte de sus vestimentas y su bicicleta en el lugar para escapar corriendo en direcci\u00f3n a la Villa Las Palmeras. Al mismo tiempo Carabineros fue informado del delito para que concurriera al sitio del suceso, traslad\u00e1ndose en la patrulla hasta un sitio eriazo que colinda con ese conjunto habitacional, donde se encontraba oculto el delincuente.<\/p>\n<figure id=\"attachment_71815\" aria-describedby=\"caption-attachment-71815\" style=\"width: 300px\" class=\"wp-caption alignleft\"><img data-recalc-dims=\"1\" loading=\"lazy\" decoding=\"async\" class=\"wp-image-71815 size-medium\" src=\"https:\/\/i0.wp.com\/www.eltrabajo.cl\/portal\/wp-content\/uploads\/2016\/07\/JORGE-ESPINOZA-VILLARROEL-1-300x198.jpg?resize=300%2C198\" alt=\"Jorge Espinoza Villarroel: El imputado Jorge Espinoza Villarroel qued\u00f3 en prisi\u00f3n preventiva, acusado de cometer un robo con intimidaci\u00f3n en contra de una mujer de 31 a\u00f1os de edad.\" width=\"300\" height=\"198\" srcset=\"https:\/\/i0.wp.com\/eltrabajo.cl\/portal\/wp-content\/uploads\/2016\/07\/JORGE-ESPINOZA-VILLARROEL-1.jpg?resize=300%2C198&amp;ssl=1 300w, https:\/\/i0.wp.com\/eltrabajo.cl\/portal\/wp-content\/uploads\/2016\/07\/JORGE-ESPINOZA-VILLARROEL-1.jpg?resize=200%2C132&amp;ssl=1 200w, https:\/\/i0.wp.com\/eltrabajo.cl\/portal\/wp-content\/uploads\/2016\/07\/JORGE-ESPINOZA-VILLARROEL-1.jpg?resize=227%2C150&amp;ssl=1 227w, https:\/\/i0.wp.com\/eltrabajo.cl\/portal\/wp-content\/uploads\/2016\/07\/JORGE-ESPINOZA-VILLARROEL-1.jpg?resize=400%2C264&amp;ssl=1 400w, https:\/\/i0.wp.com\/eltrabajo.cl\/portal\/wp-content\/uploads\/2016\/07\/JORGE-ESPINOZA-VILLARROEL-1.jpg?w=530&amp;ssl=1 530w\" sizes=\"auto, (max-width: 300px) 100vw, 300px\" \/><figcaption id=\"caption-attachment-71815\" class=\"wp-caption-text\">Jorge Espinoza Villarroel: El imputado Jorge Espinoza Villarroel qued\u00f3 en prisi\u00f3n preventiva, acusado de cometer un robo con intimidaci\u00f3n en contra de una mujer de 31 a\u00f1os de edad.<\/figcaption><\/figure>\n<p><strong>Capturado por Carabineros<\/strong><br \/>\nEn segundos la polic\u00eda uniformada logr\u00f3 reducir al antisocial que imped\u00eda con todas sus fuerzas ser esposado, siendo reconocido finalmente por la v\u00edctima como el autor del delito, logrando recuperar entre los genitales del antisocial parte del dinero sustra\u00eddo y los dos tel\u00e9fonos celulares que fueron devueltos a la mujer afectada.<br \/>\nEl imputado identificado como Jorge \u00c1lvaro Espinoza Villarroel, de 28 a\u00f1os de edad, quien adem\u00e1s de contar con un amplio prontuario delictivo, manten\u00eda una orden de detenci\u00f3n pendiente por el delito de usurpaci\u00f3n de nombre emanada por el Juzgado de Garant\u00eda de Valpara\u00edso.<br \/>\nAl mediod\u00eda de ayer jueves la detenci\u00f3n de Jorge Espinoza fue controlada en Tribunales, instancia en que la Fiscal\u00eda lo formaliz\u00f3 por el delito de robo con intimidaci\u00f3n, requiriendo la cautelar de prisi\u00f3n preventiva por representar un peligro para la seguridad de la sociedad, a lo que el tribunal accedi\u00f3, fijando un plazo de investigaci\u00f3n de 45 d\u00edas para llegar a juicio.<br \/>\nDiario El Trabajo intent\u00f3 recoger el testimonio en primera persona de la afectada, traslad\u00e1ndose hasta el local comercial donde se iniciaron los hechos, sin embargo durante las instancias, \u00e9ste se encontraba cerrado.<br \/>\n<strong>Pablo Salinas Sald\u00edas<\/strong><\/p>\n<figure id=\"attachment_71814\" aria-describedby=\"caption-attachment-71814\" style=\"width: 530px\" class=\"wp-caption alignnone\"><img data-recalc-dims=\"1\" loading=\"lazy\" decoding=\"async\" class=\"wp-image-71814 size-full\" src=\"https:\/\/i0.wp.com\/www.eltrabajo.cl\/portal\/wp-content\/uploads\/2016\/07\/RUSTIK-1.jpg?resize=530%2C349\" alt=\"El local de muebles \u2018Rustik\u2019 se encuentra en calle Santo Domingo 99-B en la comuna de San Felipe.\" width=\"530\" height=\"349\" srcset=\"https:\/\/i0.wp.com\/eltrabajo.cl\/portal\/wp-content\/uploads\/2016\/07\/RUSTIK-1.jpg?w=530&amp;ssl=1 530w, https:\/\/i0.wp.com\/eltrabajo.cl\/portal\/wp-content\/uploads\/2016\/07\/RUSTIK-1.jpg?resize=200%2C132&amp;ssl=1 200w, https:\/\/i0.wp.com\/eltrabajo.cl\/portal\/wp-content\/uploads\/2016\/07\/RUSTIK-1.jpg?resize=300%2C198&amp;ssl=1 300w, https:\/\/i0.wp.com\/eltrabajo.cl\/portal\/wp-content\/uploads\/2016\/07\/RUSTIK-1.jpg?resize=228%2C150&amp;ssl=1 228w, https:\/\/i0.wp.com\/eltrabajo.cl\/portal\/wp-content\/uploads\/2016\/07\/RUSTIK-1.jpg?resize=400%2C263&amp;ssl=1 400w\" sizes=\"auto, (max-width: 530px) 100vw, 530px\" \/><figcaption id=\"caption-attachment-71814\" class=\"wp-caption-text\">El local de muebles \u2018Rustik\u2019 se encuentra en calle Santo Domingo 99-B en la comuna de San Felipe.<\/figcaption><\/figure>\n","protected":false},"excerpt":{"rendered":"<p>Tras una larga persecuci\u00f3n que se inici\u00f3 en calle Santo Domingo y que se extendi\u00f3 hasta la Villa Las Palmeras de San Felipe, se logr\u00f3 capturar al antisocial, el que finalmente, por&#8230;<\/p>\n","protected":false},"author":482,"featured_media":71815,"comment_status":"open","ping_status":"open","sticky":false,"template":"","format":"standard","meta":{"advanced_seo_description":"","jetpack_seo_html_title":"","jetpack_seo_noindex":false,"_jetpack_memberships_contains_paid_content":false,"footnotes":""},"categories":[21],"tags":[],"class_list":["post-71811","post","type-post","status-publish","format-standard","has-post-thumbnail","hentry","category-policial"],"jetpack_featured_media_url":"https:\/\/i0.wp.com\/eltrabajo.cl\/portal\/wp-content\/uploads\/2016\/07\/JORGE-ESPINOZA-VILLARROEL-1.jpg?fit=530%2C350&ssl=1","jetpack_sharing_enabled":true,"jetpack_likes_enabled":true,"jetpack-related-posts":[],"_links":{"self":[{"href":"https:\/\/eltrabajo.cl\/portal\/wp-json\/wp\/v2\/posts\/71811","targetHints":{"allow":["GET"]}}],"collection":[{"href":"https:\/\/eltrabajo.cl\/portal\/wp-json\/wp\/v2\/posts"}],"about":[{"href":"https:\/\/eltrabajo.cl\/portal\/wp-json\/wp\/v2\/types\/post"}],"author":[{"embeddable":true,"href":"https:\/\/eltrabajo.cl\/portal\/wp-json\/wp\/v2\/users\/482"}],"replies":[{"embeddable":true,"href":"https:\/\/eltrabajo.cl\/portal\/wp-json\/wp\/v2\/comments?post=71811"}],"version-history":[{"count":0,"href":"https:\/\/eltrabajo.cl\/portal\/wp-json\/wp\/v2\/posts\/71811\/revisions"}],"wp:featuredmedia":[{"embeddable":true,"href":"https:\/\/eltrabajo.cl\/portal\/wp-json\/wp\/v2\/media\/71815"}],"wp:attachment":[{"href":"https:\/\/eltrabajo.cl\/portal\/wp-json\/wp\/v2\/media?parent=71811"}],"wp:term":[{"taxonomy":"category","embeddable":true,"href":"https:\/\/eltrabajo.cl\/portal\/wp-json\/wp\/v2\/categories?post=71811"},{"taxonomy":"post_tag","embeddable":true,"href":"https:\/\/eltrabajo.cl\/portal\/wp-json\/wp\/v2\/tags?post=71811"}],"curies":[{"name":"wp","href":"https:\/\/api.w.org\/{rel}","templated":true}]}}