{"id":71817,"date":"2016-07-15T10:20:01","date_gmt":"2016-07-15T14:20:01","guid":{"rendered":"http:\/\/www.eltrabajo.cl\/portal\/?p=71817"},"modified":"2016-07-15T10:20:01","modified_gmt":"2016-07-15T14:20:01","slug":"realizan-taller-de-circo-teatro-en-carcel-de-san-felipe","status":"publish","type":"post","link":"https:\/\/eltrabajo.cl\/portal\/realizan-taller-de-circo-teatro-en-carcel-de-san-felipe\/","title":{"rendered":"Realizan taller de circo-teatro en c\u00e1rcel de San Felipe"},"content":{"rendered":"<ul>\n<li><strong>Profesor apunta a presentar la obra \u2018A la Deriva\u2019 en distintos escenarios del Valle del Aconcagua.<\/strong><\/li>\n<\/ul>\n<p>Durante a\u00f1os Mauricio Fern\u00e1ndez, m\u00e1s conocido como el Mimo Jahuel, se ha dedicado a sacar sonrisas y entretener a los habitantes de las comunas del Aconcagua. Talleres, escuelas y muchas otras iniciativas hablan de la gran labor de este personaje que ahora decidi\u00f3 entregar su arte a quienes se encuentran privados de libertad.<br \/>\nMauricio llega todos los martes hasta el Centro de Cumplimiento Penitenciario (CCP) de San Felipe para realizar durante dos horas, el taller de circo-teatro en el que un grupo de 14 reclusos se encuentra preparando la obra \u2018A la Deriva\u2019, donde se muestran las situaciones que pueden llevar a una persona a cometer un delito y que incluye una performance de m\u00e1scaras, mimos, teatro f\u00edsico y zancos.<br \/>\nEl artista esc\u00e9nico comenta que esta iniciativa \u201cest\u00e1 enfocada en entregar a ellos t\u00e9cnicas de teatro que puedan ser usadas en el momento de su reinserci\u00f3n, refi\u00e9rase a lenguaje corporal, autocontrol y principalmente el lenguaje hablado\u201d.<br \/>\nFernando Alam, uno de los integrantes del taller, califica esta oportunidad como \u201cmuy buena. Aprendimos cosas nuevas. Surgimos como internos y como personas y lo compartimos con nuestras familias cuando vienen a las visitas. No hay solo cosas malas en la vida, tambi\u00e9n podemos hacer cosas buenas y surgir como personas. Nos ayuda harto a todos los internos que estamos en el grupo\u201d.<\/p>\n<figure id=\"attachment_71818\" aria-describedby=\"caption-attachment-71818\" style=\"width: 300px\" class=\"wp-caption alignleft\"><img data-recalc-dims=\"1\" loading=\"lazy\" decoding=\"async\" class=\"wp-image-71818 size-medium\" src=\"https:\/\/i0.wp.com\/www.eltrabajo.cl\/portal\/wp-content\/uploads\/2016\/07\/TALLER-2-300x198.jpg?resize=300%2C198\" alt=\"Durante a\u00f1os Mauricio Fern\u00e1ndez (derecha), m\u00e1s conocido como el Mimo Jahuel, se ha dedicado a sacar sonrisas y entretener a los habitantes de las comunas del Aconcagua.\" width=\"300\" height=\"198\" srcset=\"https:\/\/i0.wp.com\/eltrabajo.cl\/portal\/wp-content\/uploads\/2016\/07\/TALLER-2.jpg?resize=300%2C198&amp;ssl=1 300w, https:\/\/i0.wp.com\/eltrabajo.cl\/portal\/wp-content\/uploads\/2016\/07\/TALLER-2.jpg?resize=200%2C132&amp;ssl=1 200w, https:\/\/i0.wp.com\/eltrabajo.cl\/portal\/wp-content\/uploads\/2016\/07\/TALLER-2.jpg?resize=227%2C150&amp;ssl=1 227w, https:\/\/i0.wp.com\/eltrabajo.cl\/portal\/wp-content\/uploads\/2016\/07\/TALLER-2.jpg?resize=400%2C264&amp;ssl=1 400w, https:\/\/i0.wp.com\/eltrabajo.cl\/portal\/wp-content\/uploads\/2016\/07\/TALLER-2.jpg?w=530&amp;ssl=1 530w\" sizes=\"auto, (max-width: 300px) 100vw, 300px\" \/><figcaption id=\"caption-attachment-71818\" class=\"wp-caption-text\">Durante a\u00f1os Mauricio Fern\u00e1ndez (derecha), m\u00e1s conocido como el Mimo Jahuel, se ha dedicado a sacar sonrisas y entretener a los habitantes de las comunas del Aconcagua.<\/figcaption><\/figure>\n<p><strong>REINSERCI\u00d3N<\/strong><br \/>\nIniciativas de este tipo van en el camino correcto para lograr la reinserci\u00f3n de quienes hoy est\u00e1n privados de libertad, as\u00ed lo afirma el director regional (s) de Gendarmer\u00eda, teniente coronel Antonio Ibarra.<br \/>\n\u201cLas actividades art\u00edsticas y culturales, sumadas a las educacionales y laborales, tienen por objetivo avanzar en la reinserci\u00f3n social de la poblaci\u00f3n penal. Estamos convencidos de que entregando nuevas herramientas podr\u00e1n integrarse de manera positiva a la fuerza laboral del pa\u00eds y, de esta manera, contribuimos a la seguridad p\u00fablica\u201d.<br \/>\nEl fundador de la compa\u00f1\u00eda de teatro La Frontera destaca que la intenci\u00f3n es lograr que la obra pueda llevarse a otras unidades penales de la regi\u00f3n e incluso mostrarla en algunos escenarios del Valle del Aconcagua.<\/p>\n<figure id=\"attachment_71819\" aria-describedby=\"caption-attachment-71819\" style=\"width: 530px\" class=\"wp-caption alignnone\"><img data-recalc-dims=\"1\" loading=\"lazy\" decoding=\"async\" class=\"wp-image-71819 size-full\" src=\"https:\/\/i0.wp.com\/www.eltrabajo.cl\/portal\/wp-content\/uploads\/2016\/07\/TALLER-1.jpg?resize=530%2C349\" alt=\"Estas iniciativas art\u00edsticas, van en el camino correcto para lograr la reinserci\u00f3n de quienes hoy est\u00e1n privados de libertad, aseguran desde Gendarmer\u00eda.\" width=\"530\" height=\"349\" srcset=\"https:\/\/i0.wp.com\/eltrabajo.cl\/portal\/wp-content\/uploads\/2016\/07\/TALLER-1.jpg?w=530&amp;ssl=1 530w, https:\/\/i0.wp.com\/eltrabajo.cl\/portal\/wp-content\/uploads\/2016\/07\/TALLER-1.jpg?resize=200%2C132&amp;ssl=1 200w, https:\/\/i0.wp.com\/eltrabajo.cl\/portal\/wp-content\/uploads\/2016\/07\/TALLER-1.jpg?resize=300%2C198&amp;ssl=1 300w, https:\/\/i0.wp.com\/eltrabajo.cl\/portal\/wp-content\/uploads\/2016\/07\/TALLER-1.jpg?resize=228%2C150&amp;ssl=1 228w, https:\/\/i0.wp.com\/eltrabajo.cl\/portal\/wp-content\/uploads\/2016\/07\/TALLER-1.jpg?resize=400%2C263&amp;ssl=1 400w\" sizes=\"auto, (max-width: 530px) 100vw, 530px\" \/><figcaption id=\"caption-attachment-71819\" class=\"wp-caption-text\">Estas iniciativas art\u00edsticas, van en el camino correcto para lograr la reinserci\u00f3n de quienes hoy est\u00e1n privados de libertad, aseguran desde Gendarmer\u00eda.<\/figcaption><\/figure>\n","protected":false},"excerpt":{"rendered":"<p>Profesor apunta a presentar la obra \u2018A la Deriva\u2019 en distintos escenarios del Valle del Aconcagua. Durante a\u00f1os Mauricio Fern\u00e1ndez, m\u00e1s conocido como el Mimo Jahuel, se ha dedicado a sacar sonrisas&#8230;<\/p>\n","protected":false},"author":482,"featured_media":71819,"comment_status":"open","ping_status":"open","sticky":false,"template":"","format":"standard","meta":{"advanced_seo_description":"","jetpack_seo_html_title":"","jetpack_seo_noindex":false,"_jetpack_memberships_contains_paid_content":false,"footnotes":""},"categories":[15],"tags":[],"class_list":["post-71817","post","type-post","status-publish","format-standard","has-post-thumbnail","hentry","category-comunidad"],"jetpack_featured_media_url":"https:\/\/i0.wp.com\/eltrabajo.cl\/portal\/wp-content\/uploads\/2016\/07\/TALLER-1.jpg?fit=530%2C349&ssl=1","jetpack_sharing_enabled":true,"jetpack_likes_enabled":true,"jetpack-related-posts":[],"_links":{"self":[{"href":"https:\/\/eltrabajo.cl\/portal\/wp-json\/wp\/v2\/posts\/71817","targetHints":{"allow":["GET"]}}],"collection":[{"href":"https:\/\/eltrabajo.cl\/portal\/wp-json\/wp\/v2\/posts"}],"about":[{"href":"https:\/\/eltrabajo.cl\/portal\/wp-json\/wp\/v2\/types\/post"}],"author":[{"embeddable":true,"href":"https:\/\/eltrabajo.cl\/portal\/wp-json\/wp\/v2\/users\/482"}],"replies":[{"embeddable":true,"href":"https:\/\/eltrabajo.cl\/portal\/wp-json\/wp\/v2\/comments?post=71817"}],"version-history":[{"count":0,"href":"https:\/\/eltrabajo.cl\/portal\/wp-json\/wp\/v2\/posts\/71817\/revisions"}],"wp:featuredmedia":[{"embeddable":true,"href":"https:\/\/eltrabajo.cl\/portal\/wp-json\/wp\/v2\/media\/71819"}],"wp:attachment":[{"href":"https:\/\/eltrabajo.cl\/portal\/wp-json\/wp\/v2\/media?parent=71817"}],"wp:term":[{"taxonomy":"category","embeddable":true,"href":"https:\/\/eltrabajo.cl\/portal\/wp-json\/wp\/v2\/categories?post=71817"},{"taxonomy":"post_tag","embeddable":true,"href":"https:\/\/eltrabajo.cl\/portal\/wp-json\/wp\/v2\/tags?post=71817"}],"curies":[{"name":"wp","href":"https:\/\/api.w.org\/{rel}","templated":true}]}}