{"id":71821,"date":"2016-07-15T10:25:51","date_gmt":"2016-07-15T14:25:51","guid":{"rendered":"http:\/\/www.eltrabajo.cl\/portal\/?p=71821"},"modified":"2016-07-15T10:25:51","modified_gmt":"2016-07-15T14:25:51","slug":"sondajes-mineros-provocan-altos-niveles-de-contaminacion-en-aguas-del-rio-rocin","status":"publish","type":"post","link":"https:\/\/eltrabajo.cl\/portal\/sondajes-mineros-provocan-altos-niveles-de-contaminacion-en-aguas-del-rio-rocin\/","title":{"rendered":"Sondajes mineros provocan altos niveles de contaminaci\u00f3n en aguas del R\u00edo Roc\u00edn"},"content":{"rendered":"<ul>\n<li><strong>Se detectaron materiales pesados como aluminio, cobre, manganeso y fierro, con cifras que est\u00e1 40 veces por sobre lo que permite la norma Chilena 1.333 de calidad de riego.<\/strong><\/li>\n<\/ul>\n<p>La empresa Soletanche Bachy Chile SpA, contratista del embalse Chacrillas, a trav\u00e9s de un estudio realizado por la compa\u00f1\u00eda Hidrolab, detect\u00f3 que actividades cupr\u00edferas que se realizan aguas arriba del embalse, est\u00e1n generando un fuerte impacto en el Rio Roc\u00edn, en cuyas aguas se detectaron niveles de metales pesados (aluminio, cobre, manganeso y fierro), 40 veces m\u00e1s altos que lo permitido por la normativa chilena de Calidad de Riego.<br \/>\nEl informe que lleva por nombre An\u00e1lisis de resultados obtenidos en monitoreos trimestrales de aguas superficiales, aguas arriba y aguas abajo del Embalse Chacrillas, contiene los registros trimestrales que la empresa Soletanche Bachy, realiza desde octubre de 2015 con la finalidad de asegurar y demostrar que sus actividades no afectan la calidad del agua del R\u00edo Roc\u00edn.<br \/>\nDicho estudio fue entregado en mayo pasado al ente fiscalizador, que en este caso resulta ser la Direcci\u00f3n de Obras Hidr\u00e1ulicas, DOH, organismo dependiente del Ministerio de Obras P\u00fablicas, MOP, y que seg\u00fan denuncian los representantes de la Coordinadora #PutaendoResiste, no ha cumplido en absoluto con la labor que le corresponde.<br \/>\nAntes este escenario, es que esta organizaci\u00f3n socio-ambiental, est\u00e1 convocando para hoy a las 19 horas en las afueras de la Iglesia San Antonio de Putaendo, a una asamblea p\u00fablica informativa, para dar a conocer esta grave situaci\u00f3n y los pasos a seguir en busca de preservar intacta la comunidad patrimonio.<\/p>\n<figure id=\"attachment_71825\" aria-describedby=\"caption-attachment-71825\" style=\"width: 300px\" class=\"wp-caption alignleft\"><img data-recalc-dims=\"1\" loading=\"lazy\" decoding=\"async\" class=\"wp-image-71825 size-medium\" src=\"https:\/\/i0.wp.com\/www.eltrabajo.cl\/portal\/wp-content\/uploads\/2016\/07\/JESUS-CASTILLO-300x197.jpg?resize=300%2C197\" alt=\"Jes\u00fas Castillo Vocero de #PutaendoResiste, dio a conocer informe que evidencia altos niveles de contaminaci\u00f3n en las aguas del R\u00edo Roc\u00edn.\" width=\"300\" height=\"197\" srcset=\"https:\/\/i0.wp.com\/eltrabajo.cl\/portal\/wp-content\/uploads\/2016\/07\/JESUS-CASTILLO.jpg?resize=300%2C197&amp;ssl=1 300w, https:\/\/i0.wp.com\/eltrabajo.cl\/portal\/wp-content\/uploads\/2016\/07\/JESUS-CASTILLO.jpg?resize=200%2C131&amp;ssl=1 200w, https:\/\/i0.wp.com\/eltrabajo.cl\/portal\/wp-content\/uploads\/2016\/07\/JESUS-CASTILLO.jpg?resize=228%2C150&amp;ssl=1 228w, https:\/\/i0.wp.com\/eltrabajo.cl\/portal\/wp-content\/uploads\/2016\/07\/JESUS-CASTILLO.jpg?resize=400%2C263&amp;ssl=1 400w, https:\/\/i0.wp.com\/eltrabajo.cl\/portal\/wp-content\/uploads\/2016\/07\/JESUS-CASTILLO.jpg?w=530&amp;ssl=1 530w\" sizes=\"auto, (max-width: 300px) 100vw, 300px\" \/><figcaption id=\"caption-attachment-71825\" class=\"wp-caption-text\">Jes\u00fas Castillo Vocero de #PutaendoResiste, dio a conocer informe que evidencia altos niveles de contaminaci\u00f3n en las aguas del R\u00edo Roc\u00edn.<\/figcaption><\/figure>\n<p>La Coordinaci\u00f3n #PutaendoResiste, es una instancia que congrega a agrupaciones medioambientales, sociales y pol\u00edticas, as\u00ed como tambi\u00e9n particulares, que se han levantado para luchar contra la Gran Miner\u00eda, que pretende instalarse en el sector cordillerano de la comuna de Putaendo. Jes\u00fas Castillo, vocero de esta organizaci\u00f3n, sostuvo que este tipo de estudios no hace m\u00e1s que confirmar, la destrucci\u00f3n que provoca la actividad minera a gran escala.<br \/>\n\u00abEste documento viene a reafirmar algo que el pueblo de Putaendo ya sabe hace rato, y que es que la minera viene contaminando hace rato y que si se instala de forma definitiva va a destruir toda forma de vida en nuestra comuna\u00bb, expres\u00f3 Castillo.<br \/>\nSeg\u00fan el vocero, la norma indica que, en el caso del aluminio (uno de los metales pesados detectados), la ley permite 0.5 mil\u00edgramos (mg) del mineral por cada litro de agua, y el estudio muestra que existen 40 mg, por cada litro de agua obtenida desde el afluente.<br \/>\nRespecto de las acciones que han tomado como organizaci\u00f3n para poner evidencia de esta situaci\u00f3n a las autoridades competentes, Castillo afirm\u00f3 que el pasado mi\u00e9rcoles se dirigieron al MOP, a entregar el estudio junto con una carta explicando la molestia de los putaendinos, ante la impavidez que han mostrado las autoridades.<br \/>\nEn este punto, el activista a\u00f1adi\u00f3 que \u00abtanto la DOH, como la DGA (Direcci\u00f3n General de Aguas), saben de este informe, porque tiene el timbre de la DOH y hasta el momento no han tomado cartas en el asunto\u00bb, asever\u00f3.<br \/>\nH\u00e9ctor Fuentealba, miembro de #PutaendoResiste, mostr\u00f3 su molestia con las autoridades, pues considera un atropello, el hecho de que las instituciones encargadas de fiscalizar y velar por la salud de la poblaci\u00f3n no act\u00faen en contra de este tipo de hechos, decretando que \u00abeste informe fue entregado hace mucho tiempo a las instituciones pertinentes y ellos han hecho caso omiso y le han bajado el perfil a este tema\u00bb, expuso.<br \/>\nEn relaci\u00f3n a la participaci\u00f3n que han tenido y la preocupaci\u00f3n mostrada por el alcalde de la comuna Guillermo Reyes y su Concejo Municipal, Fuentealba detall\u00f3 que \u00abla autoridad comunal nos tiene muy preocupados, porque partimos en un momento trabajando juntos, creamos una mesa municipal, la cual, no dio resultados, por lo que nos vimos obligados a armar una mesa comunal social, para darle un impulso a esto y tratar de reeducar a la comunidad\u00bb, relat\u00f3.<br \/>\nDe acuerdo a lo manifestado por este dirigente \u00abel estado se hace el sordo con el fin de lucrar, existe un manejo sucio desde el punto de vista pol\u00edtico, desde el Gobierno, donde se tiene a las comunidades con los o\u00eddos tapados y la vista vendada frente a los problemas que nos afectan\u00bb, sentenci\u00f3.<\/p>\n<figure id=\"attachment_71824\" aria-describedby=\"caption-attachment-71824\" style=\"width: 300px\" class=\"wp-caption alignleft\"><img data-recalc-dims=\"1\" loading=\"lazy\" decoding=\"async\" class=\"wp-image-71824 size-medium\" src=\"https:\/\/i0.wp.com\/www.eltrabajo.cl\/portal\/wp-content\/uploads\/2016\/07\/HECTOR-FUENTEALBA-300x197.jpg?resize=300%2C197\" alt=\"H\u00e9ctor Fuentealba, miembro de la agrupaci\u00f3n ambientalista #PutaendoResiste.\" width=\"300\" height=\"197\" srcset=\"https:\/\/i0.wp.com\/eltrabajo.cl\/portal\/wp-content\/uploads\/2016\/07\/HECTOR-FUENTEALBA.jpg?resize=300%2C197&amp;ssl=1 300w, https:\/\/i0.wp.com\/eltrabajo.cl\/portal\/wp-content\/uploads\/2016\/07\/HECTOR-FUENTEALBA.jpg?resize=200%2C131&amp;ssl=1 200w, https:\/\/i0.wp.com\/eltrabajo.cl\/portal\/wp-content\/uploads\/2016\/07\/HECTOR-FUENTEALBA.jpg?resize=228%2C150&amp;ssl=1 228w, https:\/\/i0.wp.com\/eltrabajo.cl\/portal\/wp-content\/uploads\/2016\/07\/HECTOR-FUENTEALBA.jpg?resize=400%2C263&amp;ssl=1 400w, https:\/\/i0.wp.com\/eltrabajo.cl\/portal\/wp-content\/uploads\/2016\/07\/HECTOR-FUENTEALBA.jpg?w=530&amp;ssl=1 530w\" sizes=\"auto, (max-width: 300px) 100vw, 300px\" \/><figcaption id=\"caption-attachment-71824\" class=\"wp-caption-text\">H\u00e9ctor Fuentealba, miembro de la agrupaci\u00f3n ambientalista #PutaendoResiste.<\/figcaption><\/figure>\n<p>Seg\u00fan Fuentealba, la alarma se fundamenta en que si ya existen altos niveles de contaminaci\u00f3n de las aguas superficiales, cuando reci\u00e9n se est\u00e1n llevando a cabo faenas de sondajes, prospecci\u00f3n y estudios, la proyecci\u00f3n ambiental para el momento que comience a efectuarse la explotaci\u00f3n minera ser\u00eda devastadora, no s\u00f3lo para Putaendo, sino tambi\u00e9n, para el resto de las comunidades que est\u00e1n aguas abajo del Valle de Aconcagua.<br \/>\nOtras de la interrogantes que se han generado en esta agrupaci\u00f3n es, si finalmente, el Embalse Chacrillas funcionar\u00e1 como acumulador de agua para el riego, o ser\u00e1 un relave de desechos y material t\u00f3xico derivado de la actividad cupr\u00edfera, situaci\u00f3n que de acuerdo con las declaraciones del miembro de #Putaendo Resiste, tampoco ha sido aclarada por la autoridad.<br \/>\n\u00abEl Gobierno construye un embalse a 22 Km. del PP (SIC) de la mina, entonces va a servir como acumulador de todos los sedimentos que hay ah\u00ed. Si tiene una vida de 25 o 30 a\u00f1os, con los dragados y los movimientos de tierra, se transformar\u00e1 en un tranque de contaminaci\u00f3n eterna para el Valle de Putaendo\u00bb, insisti\u00f3 Fuentealba.<br \/>\nEn este contexto, es que esta agrupaci\u00f3n considera que la \u00fanica herramienta que les queda para poder evitar que la Gran Miner\u00eda arrase con la flora y fauna del sector, es la fuerza que pueda mostrar la propia comunidad para demostrar que Putaendo no se debe tocar.<\/p>\n<figure id=\"attachment_71822\" aria-describedby=\"caption-attachment-71822\" style=\"width: 530px\" class=\"wp-caption alignnone\"><img data-recalc-dims=\"1\" loading=\"lazy\" decoding=\"async\" class=\"wp-image-71822 size-full\" src=\"https:\/\/i0.wp.com\/www.eltrabajo.cl\/portal\/wp-content\/uploads\/2016\/07\/CONVOCACION-PUTAENDO-RESISTE.jpg?resize=530%2C350\" alt=\"Coordinaci\u00f3n #PutaendoResiste, convoc\u00f3 para hoy a asamblea p\u00fablica a las 19 horas en las afueras de la Iglesia de Putaendo.\" width=\"530\" height=\"350\" srcset=\"https:\/\/i0.wp.com\/eltrabajo.cl\/portal\/wp-content\/uploads\/2016\/07\/CONVOCACION-PUTAENDO-RESISTE.jpg?w=530&amp;ssl=1 530w, https:\/\/i0.wp.com\/eltrabajo.cl\/portal\/wp-content\/uploads\/2016\/07\/CONVOCACION-PUTAENDO-RESISTE.jpg?resize=200%2C132&amp;ssl=1 200w, https:\/\/i0.wp.com\/eltrabajo.cl\/portal\/wp-content\/uploads\/2016\/07\/CONVOCACION-PUTAENDO-RESISTE.jpg?resize=300%2C198&amp;ssl=1 300w, https:\/\/i0.wp.com\/eltrabajo.cl\/portal\/wp-content\/uploads\/2016\/07\/CONVOCACION-PUTAENDO-RESISTE.jpg?resize=227%2C150&amp;ssl=1 227w, https:\/\/i0.wp.com\/eltrabajo.cl\/portal\/wp-content\/uploads\/2016\/07\/CONVOCACION-PUTAENDO-RESISTE.jpg?resize=400%2C264&amp;ssl=1 400w\" sizes=\"auto, (max-width: 530px) 100vw, 530px\" \/><figcaption id=\"caption-attachment-71822\" class=\"wp-caption-text\">Coordinaci\u00f3n #PutaendoResiste, convoc\u00f3 para hoy a asamblea p\u00fablica a las 19 horas en las afueras de la Iglesia de Putaendo.<\/figcaption><\/figure>\n<p>&nbsp;<\/p>\n<figure id=\"attachment_71823\" aria-describedby=\"caption-attachment-71823\" style=\"width: 530px\" class=\"wp-caption alignnone\"><img data-recalc-dims=\"1\" loading=\"lazy\" decoding=\"async\" class=\"wp-image-71823 size-full\" src=\"https:\/\/i0.wp.com\/www.eltrabajo.cl\/portal\/wp-content\/uploads\/2016\/07\/TABLA-CONCENTRACIONES.jpg?resize=530%2C350\" alt=\"Tabla de concentraciones de monitoreos realizados por Hidrolab.\" width=\"530\" height=\"350\" srcset=\"https:\/\/i0.wp.com\/eltrabajo.cl\/portal\/wp-content\/uploads\/2016\/07\/TABLA-CONCENTRACIONES.jpg?w=530&amp;ssl=1 530w, https:\/\/i0.wp.com\/eltrabajo.cl\/portal\/wp-content\/uploads\/2016\/07\/TABLA-CONCENTRACIONES.jpg?resize=200%2C132&amp;ssl=1 200w, https:\/\/i0.wp.com\/eltrabajo.cl\/portal\/wp-content\/uploads\/2016\/07\/TABLA-CONCENTRACIONES.jpg?resize=300%2C198&amp;ssl=1 300w, https:\/\/i0.wp.com\/eltrabajo.cl\/portal\/wp-content\/uploads\/2016\/07\/TABLA-CONCENTRACIONES.jpg?resize=227%2C150&amp;ssl=1 227w, https:\/\/i0.wp.com\/eltrabajo.cl\/portal\/wp-content\/uploads\/2016\/07\/TABLA-CONCENTRACIONES.jpg?resize=400%2C264&amp;ssl=1 400w\" sizes=\"auto, (max-width: 530px) 100vw, 530px\" \/><figcaption id=\"caption-attachment-71823\" class=\"wp-caption-text\">Tabla de concentraciones de monitoreos realizados por Hidrolab.<\/figcaption><\/figure>\n","protected":false},"excerpt":{"rendered":"<p>Se detectaron materiales pesados como aluminio, cobre, manganeso y fierro, con cifras que est\u00e1 40 veces por sobre lo que permite la norma Chilena 1.333 de calidad de riego. La empresa Soletanche&#8230;<\/p>\n","protected":false},"author":482,"featured_media":71822,"comment_status":"open","ping_status":"open","sticky":false,"template":"","format":"standard","meta":{"advanced_seo_description":"","jetpack_seo_html_title":"","jetpack_seo_noindex":false,"_jetpack_memberships_contains_paid_content":false,"footnotes":""},"categories":[15],"tags":[],"class_list":["post-71821","post","type-post","status-publish","format-standard","has-post-thumbnail","hentry","category-comunidad"],"jetpack_featured_media_url":"https:\/\/i0.wp.com\/eltrabajo.cl\/portal\/wp-content\/uploads\/2016\/07\/CONVOCACION-PUTAENDO-RESISTE.jpg?fit=530%2C350&ssl=1","jetpack_sharing_enabled":true,"jetpack_likes_enabled":true,"jetpack-related-posts":[],"_links":{"self":[{"href":"https:\/\/eltrabajo.cl\/portal\/wp-json\/wp\/v2\/posts\/71821","targetHints":{"allow":["GET"]}}],"collection":[{"href":"https:\/\/eltrabajo.cl\/portal\/wp-json\/wp\/v2\/posts"}],"about":[{"href":"https:\/\/eltrabajo.cl\/portal\/wp-json\/wp\/v2\/types\/post"}],"author":[{"embeddable":true,"href":"https:\/\/eltrabajo.cl\/portal\/wp-json\/wp\/v2\/users\/482"}],"replies":[{"embeddable":true,"href":"https:\/\/eltrabajo.cl\/portal\/wp-json\/wp\/v2\/comments?post=71821"}],"version-history":[{"count":0,"href":"https:\/\/eltrabajo.cl\/portal\/wp-json\/wp\/v2\/posts\/71821\/revisions"}],"wp:featuredmedia":[{"embeddable":true,"href":"https:\/\/eltrabajo.cl\/portal\/wp-json\/wp\/v2\/media\/71822"}],"wp:attachment":[{"href":"https:\/\/eltrabajo.cl\/portal\/wp-json\/wp\/v2\/media?parent=71821"}],"wp:term":[{"taxonomy":"category","embeddable":true,"href":"https:\/\/eltrabajo.cl\/portal\/wp-json\/wp\/v2\/categories?post=71821"},{"taxonomy":"post_tag","embeddable":true,"href":"https:\/\/eltrabajo.cl\/portal\/wp-json\/wp\/v2\/tags?post=71821"}],"curies":[{"name":"wp","href":"https:\/\/api.w.org\/{rel}","templated":true}]}}