{"id":71827,"date":"2016-07-15T10:28:58","date_gmt":"2016-07-15T14:28:58","guid":{"rendered":"http:\/\/www.eltrabajo.cl\/portal\/?p=71827"},"modified":"2016-07-15T10:28:58","modified_gmt":"2016-07-15T14:28:58","slug":"vecina-de-52-anos-muere-tras-fulminante-meningitis-w-135","status":"publish","type":"post","link":"https:\/\/eltrabajo.cl\/portal\/vecina-de-52-anos-muere-tras-fulminante-meningitis-w-135\/","title":{"rendered":"Vecina de 52 a\u00f1os muere tras fulminante meningitis W-135"},"content":{"rendered":"<p>De manera fr\u00eda y cruel; cuando nadie la esperaba y sin previo aviso para nadie, as\u00ed lleg\u00f3 la muerte la tarde de este mi\u00e9rcoles al seno de una familia de Villa Las Acacias de San Felipe, muriendo tras esta amarga \u2018visita\u2019 la querida vecina Violeta Riquelme Vivar, de 52 a\u00f1os, quien la noche del martes se sent\u00eda con fiebre, amaneciendo ya con alta temperatura, por lo que decidi\u00f3 ir a Urgencias del Hospital San Camilo, lleg\u00f3 al centro hospitalario faltando pocos minutos para las 9:00 horas, lo que nunca imagin\u00f3 do\u00f1a Violeta, es que dos horas despu\u00e9s estar\u00eda en la UCI, pues su salud se desplomaba en ca\u00edda libre hacia la oscuridad de la misma muerte.<\/p>\n<p><strong>PIDEN INVESTIGAR<\/strong><br \/>\nSus hijos, sobrinos y nietos, ni tampoco su esposo y vecinos pod\u00edan dar cr\u00e9dito a lo que los m\u00e9dicos les informaron a las 16:30 horas, do\u00f1a Violeta hab\u00eda fallecido a causa de meningitis W-135, el m\u00e1s agresivo de los males de este tipo.<br \/>\n\u00abEl tema es que ella entr\u00f3 caminando con malestares a Urgencias del San Camilo, pero la espera fue de 40 minutos aproximadamente en Urgencias, hasta que la pasaron, no detectaron nada ni siquiera cuando falleci\u00f3, s\u00f3lo supuestos y especulaciones. Me gustar\u00eda que ustedes investigaran este caso con quienes corresponda. De m\u00e1s est\u00e1 decir, que no es com\u00fan que una persona fallezca de esa manera tan repentina por meningitis ac\u00e1 en la zona, por lo tanto, hay que averiguar si hay alg\u00fan brote y quiz\u00e1s puede haber m\u00e1s gente igual y no lo saben, las autoridades no pueden callarse\u00bb, coment\u00f3 a Diario El Trabajo un familiar de la hoy fallecida, quien solicit\u00f3 no revelar su nombre.<\/p>\n<p><strong>HSC RESPONDE<\/strong><br \/>\nNuestro medio solicit\u00f3 respuestas al Hospital San Camilo para conocer las condiciones de la muerte de do\u00f1a Violeta, a lo que el centro hospitalario respondi\u00f3 a nuestras consultas de la siguiente manera:<br \/>\nSiendo las 8:54 de la ma\u00f1ana del d\u00eda mi\u00e9rcoles 13 de julio ingres\u00f3 una paciente de 52 a\u00f1os, quien consulta por debilidad general y fiebre desde la noche anterior, presentando a su ingreso un r\u00e1pido deterioro de su cuadro, siendo necesaria incluso reanimaci\u00f3n, luego de lo cual, se le realizaron ex\u00e1menes de todo tipo y dentro de la misma ma\u00f1ana, la paciente fue ingresada a la UCI, en donde se le realiz\u00f3 todo el tratamiento de rigor para este tipo de casos que se aplica en todos los establecimientos p\u00fablicos y privados, en el cual el personal m\u00e9dico tiene una dilatada experiencia.<br \/>\nLamentablemente, se hicieron todos los esfuerzos m\u00e9dicos posibles, pero el cuadro de meningitis que ella present\u00f3 es fulminante y letal en la mayor\u00eda de los casos, por lo que se decret\u00f3 el fallecimiento de la paciente pasadas las 16:00 horas. Cabe destacar que los ex\u00e1menes de laboratorio confirmaron el diagn\u00f3stico de meningitis W-135, tras lo cual se activaron de inmediato todos los procedimientos para el bloqueo epidemiol\u00f3gico, tanto en el hospital como en la Seremi de Salud, entregando el tratamiento profil\u00e1ctico a todos los contactos de la paciente seg\u00fan indica la normativa.<br \/>\nAsimismo, la informaci\u00f3n respecto de la gravedad del cuadro y las razones del r\u00e1pido fallecimiento fueron explicadas a la familia dentro de la Unidad de Cuidados Intensivos, sin embargo, el Hospital San Camilo entendiendo lo dif\u00edcil que resulta asumir un diagn\u00f3stico tan severo, mantiene las puertas abiertas a la familia para realizar una nueva reuni\u00f3n explicativa de manera de entregarle la tranquilidad de que efectivamente se hicieron todos los esfuerzos m\u00e9dicos posibles, tal como lo demuestra la ficha cl\u00ednica tanto de Urgencias como de la UCI.<br \/>\nSer\u00e1n ahora las autoridades de salud las que revisen a todas las personas que al menos durante las \u00faltimas 24 horas de vida hayan tenido contacto cercano con do\u00f1a Violeta. Quienes laboramos en Diario El Trabajo ofrecemos tambi\u00e9n nuestras condolencias y Sincero P\u00e9same por esta lamentable muerte.<br \/>\n<strong>Roberto Gonz\u00e1lez Short<\/strong><\/p>\n<figure id=\"attachment_71828\" aria-describedby=\"caption-attachment-71828\" style=\"width: 530px\" class=\"wp-caption alignnone\"><img data-recalc-dims=\"1\" loading=\"lazy\" decoding=\"async\" class=\"wp-image-71828 size-full\" src=\"https:\/\/i0.wp.com\/www.eltrabajo.cl\/portal\/wp-content\/uploads\/2016\/07\/Cuadro33.jpg?resize=530%2C350\" alt=\"MUCHA ATENCI\u00d3N.- Estos son los s\u00edntomas de esta mortal enfermedad, que ya durante el a\u00f1o 2016 ha matado a m\u00e1s de tres personas. Las personas hipertensas y con diabetes, son m\u00e1s propensas a sufrirla.\" width=\"530\" height=\"350\" srcset=\"https:\/\/i0.wp.com\/eltrabajo.cl\/portal\/wp-content\/uploads\/2016\/07\/Cuadro33.jpg?w=530&amp;ssl=1 530w, https:\/\/i0.wp.com\/eltrabajo.cl\/portal\/wp-content\/uploads\/2016\/07\/Cuadro33.jpg?resize=200%2C132&amp;ssl=1 200w, https:\/\/i0.wp.com\/eltrabajo.cl\/portal\/wp-content\/uploads\/2016\/07\/Cuadro33.jpg?resize=300%2C198&amp;ssl=1 300w, https:\/\/i0.wp.com\/eltrabajo.cl\/portal\/wp-content\/uploads\/2016\/07\/Cuadro33.jpg?resize=227%2C150&amp;ssl=1 227w, https:\/\/i0.wp.com\/eltrabajo.cl\/portal\/wp-content\/uploads\/2016\/07\/Cuadro33.jpg?resize=400%2C264&amp;ssl=1 400w\" sizes=\"auto, (max-width: 530px) 100vw, 530px\" \/><figcaption id=\"caption-attachment-71828\" class=\"wp-caption-text\">MUCHA ATENCI\u00d3N.- Estos son los s\u00edntomas de esta mortal enfermedad, que ya durante el a\u00f1o 2016 ha matado a m\u00e1s de tres personas. Las personas hipertensas y con diabetes, son m\u00e1s propensas a sufrirla.<\/figcaption><\/figure>\n","protected":false},"excerpt":{"rendered":"<p>De manera fr\u00eda y cruel; cuando nadie la esperaba y sin previo aviso para nadie, as\u00ed lleg\u00f3 la muerte la tarde de este mi\u00e9rcoles al seno de una familia de Villa Las&#8230;<\/p>\n","protected":false},"author":482,"featured_media":71828,"comment_status":"open","ping_status":"open","sticky":false,"template":"","format":"standard","meta":{"advanced_seo_description":"","jetpack_seo_html_title":"","jetpack_seo_noindex":false,"_jetpack_memberships_contains_paid_content":false,"footnotes":""},"categories":[21],"tags":[],"class_list":["post-71827","post","type-post","status-publish","format-standard","has-post-thumbnail","hentry","category-policial"],"jetpack_featured_media_url":"https:\/\/i0.wp.com\/eltrabajo.cl\/portal\/wp-content\/uploads\/2016\/07\/Cuadro33.jpg?fit=530%2C350&ssl=1","jetpack_sharing_enabled":true,"jetpack_likes_enabled":true,"jetpack-related-posts":[],"_links":{"self":[{"href":"https:\/\/eltrabajo.cl\/portal\/wp-json\/wp\/v2\/posts\/71827","targetHints":{"allow":["GET"]}}],"collection":[{"href":"https:\/\/eltrabajo.cl\/portal\/wp-json\/wp\/v2\/posts"}],"about":[{"href":"https:\/\/eltrabajo.cl\/portal\/wp-json\/wp\/v2\/types\/post"}],"author":[{"embeddable":true,"href":"https:\/\/eltrabajo.cl\/portal\/wp-json\/wp\/v2\/users\/482"}],"replies":[{"embeddable":true,"href":"https:\/\/eltrabajo.cl\/portal\/wp-json\/wp\/v2\/comments?post=71827"}],"version-history":[{"count":0,"href":"https:\/\/eltrabajo.cl\/portal\/wp-json\/wp\/v2\/posts\/71827\/revisions"}],"wp:featuredmedia":[{"embeddable":true,"href":"https:\/\/eltrabajo.cl\/portal\/wp-json\/wp\/v2\/media\/71828"}],"wp:attachment":[{"href":"https:\/\/eltrabajo.cl\/portal\/wp-json\/wp\/v2\/media?parent=71827"}],"wp:term":[{"taxonomy":"category","embeddable":true,"href":"https:\/\/eltrabajo.cl\/portal\/wp-json\/wp\/v2\/categories?post=71827"},{"taxonomy":"post_tag","embeddable":true,"href":"https:\/\/eltrabajo.cl\/portal\/wp-json\/wp\/v2\/tags?post=71827"}],"curies":[{"name":"wp","href":"https:\/\/api.w.org\/{rel}","templated":true}]}}