{"id":71973,"date":"2016-07-21T09:52:40","date_gmt":"2016-07-21T13:52:40","guid":{"rendered":"http:\/\/www.eltrabajo.cl\/portal\/?p=71973"},"modified":"2016-07-21T09:52:40","modified_gmt":"2016-07-21T13:52:40","slug":"alcalde-freire-y-sensei-victor-caballero-afinan-detalles-para-torneos-de-karate","status":"publish","type":"post","link":"https:\/\/eltrabajo.cl\/portal\/alcalde-freire-y-sensei-victor-caballero-afinan-detalles-para-torneos-de-karate\/","title":{"rendered":"Alcalde Freire y Sensei V\u00edctor Caballero afinan detalles para torneos de karate"},"content":{"rendered":"<p>Hay que reconocerlo. Son a\u00f1os y d\u00e9cadas las que el experimentado karateka y ahora instructor de Artes Marciales sanfelipe\u00f1o, el Sensei V\u00edctor Caballero Astudillo tiene de trabajar sin descanso, a\u00fan en contra de recomendaciones m\u00e9dicas de guardar reposo.<br \/>\nTal es la trayectoria acumulada de don V\u00edctor, que con el paso de los a\u00f1os el municipio sanfelipe\u00f1o, as\u00ed como decenas de instituciones deportivas del pa\u00eds, siguen depositando en sus capacidades muchos proyectos en beneficio de las nuevas generaciones que ven en este deporte la gran oportunidad de escalar en esta competitiva diciplina del deporte de contacto.<br \/>\nEstas cualidades quedaron patentadas la tarde de ayer mi\u00e9rcoles en la propia oficina del alcalde Patricio Freire, cuando el edil recibi\u00f3 a toda una comitiva de ni\u00f1os y j\u00f3venes karatekas de los talleres municipales de karate que desarrolla don V\u00edctor en El Algarrobal desde hace mucho tiempo.<br \/>\nCaballero y Freire hablaron de todos los detalles que se est\u00e1n atendiendo para el pr\u00f3ximo Torneo San Felipe El Real, que se desarrollar\u00e1 simult\u00e1neamente con la I Copa Diario El Trabajo, que se realizar\u00e1n en el gimnasio polit\u00e9cnico el domingo 7 de agosto desde las 10:30 horas.<\/p>\n<p><strong>PEQUE\u00d1AS ESTRELLAS<\/strong><br \/>\nEntre las m\u00e1s prometedoras promesas deportivas de la comitiva que el alcalde atendi\u00f3, figura la peque\u00f1ita Fernandita Tapia y Edison Reyes, quienes vienen desde hace semanas arrollando con todos los premios disputables a su paso.<br \/>\nEl alcalde Patricio Freire por su parte, rescat\u00f3 el esfuerzo de don V\u00edctor y del Departamento Municipal de Deportes, as\u00ed como a los j\u00f3venes deportistas de la comuna, quienes siempre est\u00e1n en explosivas competencias durante todo el a\u00f1o.<br \/>\n<strong>Roberto Gonz\u00e1lez Short<\/strong><\/p>\n<figure id=\"attachment_71974\" aria-describedby=\"caption-attachment-71974\" style=\"width: 530px\" class=\"wp-caption alignnone\"><img data-recalc-dims=\"1\" loading=\"lazy\" decoding=\"async\" class=\"wp-image-71974 size-full\" src=\"https:\/\/i0.wp.com\/www.eltrabajo.cl\/portal\/wp-content\/uploads\/2016\/07\/Karatekas33.jpg?resize=530%2C349\" alt=\"HARTO RESPALDO.- Ayer mi\u00e9rcoles en la propia oficina del alcalde Patricio Freire, el edil recibi\u00f3 a toda una comitiva de ni\u00f1os y j\u00f3venes karatekas de los talleres municipales de karate que desarrolla V\u00edctor Caballero en El Algarrobal.\" width=\"530\" height=\"349\" srcset=\"https:\/\/i0.wp.com\/eltrabajo.cl\/portal\/wp-content\/uploads\/2016\/07\/Karatekas33.jpg?w=530&amp;ssl=1 530w, https:\/\/i0.wp.com\/eltrabajo.cl\/portal\/wp-content\/uploads\/2016\/07\/Karatekas33.jpg?resize=200%2C132&amp;ssl=1 200w, https:\/\/i0.wp.com\/eltrabajo.cl\/portal\/wp-content\/uploads\/2016\/07\/Karatekas33.jpg?resize=300%2C198&amp;ssl=1 300w, https:\/\/i0.wp.com\/eltrabajo.cl\/portal\/wp-content\/uploads\/2016\/07\/Karatekas33.jpg?resize=228%2C150&amp;ssl=1 228w, https:\/\/i0.wp.com\/eltrabajo.cl\/portal\/wp-content\/uploads\/2016\/07\/Karatekas33.jpg?resize=400%2C263&amp;ssl=1 400w\" sizes=\"auto, (max-width: 530px) 100vw, 530px\" \/><figcaption id=\"caption-attachment-71974\" class=\"wp-caption-text\">HARTO RESPALDO.- Ayer mi\u00e9rcoles en la propia oficina del alcalde Patricio Freire, el edil recibi\u00f3 a toda una comitiva de ni\u00f1os y j\u00f3venes karatekas de los talleres municipales de karate que desarrolla V\u00edctor Caballero en El Algarrobal.<\/figcaption><\/figure>\n<figure id=\"attachment_71975\" aria-describedby=\"caption-attachment-71975\" style=\"width: 530px\" class=\"wp-caption alignnone\"><img data-recalc-dims=\"1\" loading=\"lazy\" decoding=\"async\" class=\"wp-image-71975 size-full\" src=\"https:\/\/i0.wp.com\/www.eltrabajo.cl\/portal\/wp-content\/uploads\/2016\/07\/Grupal1-3.jpg?resize=530%2C350\" alt=\"TODOS GANADORES.- Durante todo el a\u00f1o estos chicos est\u00e1n compitiendo en m\u00faltiples campeonatos de karate.\" width=\"530\" height=\"350\" srcset=\"https:\/\/i0.wp.com\/eltrabajo.cl\/portal\/wp-content\/uploads\/2016\/07\/Grupal1-3.jpg?w=530&amp;ssl=1 530w, https:\/\/i0.wp.com\/eltrabajo.cl\/portal\/wp-content\/uploads\/2016\/07\/Grupal1-3.jpg?resize=200%2C132&amp;ssl=1 200w, https:\/\/i0.wp.com\/eltrabajo.cl\/portal\/wp-content\/uploads\/2016\/07\/Grupal1-3.jpg?resize=300%2C198&amp;ssl=1 300w, https:\/\/i0.wp.com\/eltrabajo.cl\/portal\/wp-content\/uploads\/2016\/07\/Grupal1-3.jpg?resize=227%2C150&amp;ssl=1 227w, https:\/\/i0.wp.com\/eltrabajo.cl\/portal\/wp-content\/uploads\/2016\/07\/Grupal1-3.jpg?resize=400%2C264&amp;ssl=1 400w\" sizes=\"auto, (max-width: 530px) 100vw, 530px\" \/><figcaption id=\"caption-attachment-71975\" class=\"wp-caption-text\">TODOS GANADORES.- Durante todo el a\u00f1o estos chicos est\u00e1n compitiendo en m\u00faltiples campeonatos de karate.<\/figcaption><\/figure>\n","protected":false},"excerpt":{"rendered":"<p>Hay que reconocerlo. Son a\u00f1os y d\u00e9cadas las que el experimentado karateka y ahora instructor de Artes Marciales sanfelipe\u00f1o, el Sensei V\u00edctor Caballero Astudillo tiene de trabajar sin descanso, a\u00fan en contra&#8230;<\/p>\n","protected":false},"author":482,"featured_media":71974,"comment_status":"open","ping_status":"open","sticky":false,"template":"","format":"standard","meta":{"advanced_seo_description":"","jetpack_seo_html_title":"","jetpack_seo_noindex":false,"_jetpack_memberships_contains_paid_content":false,"footnotes":""},"categories":[1],"tags":[],"class_list":["post-71973","post","type-post","status-publish","format-standard","has-post-thumbnail","hentry","category-cronica"],"jetpack_featured_media_url":"https:\/\/i0.wp.com\/eltrabajo.cl\/portal\/wp-content\/uploads\/2016\/07\/Karatekas33.jpg?fit=530%2C349&ssl=1","jetpack_sharing_enabled":true,"jetpack_likes_enabled":true,"jetpack-related-posts":[],"_links":{"self":[{"href":"https:\/\/eltrabajo.cl\/portal\/wp-json\/wp\/v2\/posts\/71973","targetHints":{"allow":["GET"]}}],"collection":[{"href":"https:\/\/eltrabajo.cl\/portal\/wp-json\/wp\/v2\/posts"}],"about":[{"href":"https:\/\/eltrabajo.cl\/portal\/wp-json\/wp\/v2\/types\/post"}],"author":[{"embeddable":true,"href":"https:\/\/eltrabajo.cl\/portal\/wp-json\/wp\/v2\/users\/482"}],"replies":[{"embeddable":true,"href":"https:\/\/eltrabajo.cl\/portal\/wp-json\/wp\/v2\/comments?post=71973"}],"version-history":[{"count":0,"href":"https:\/\/eltrabajo.cl\/portal\/wp-json\/wp\/v2\/posts\/71973\/revisions"}],"wp:featuredmedia":[{"embeddable":true,"href":"https:\/\/eltrabajo.cl\/portal\/wp-json\/wp\/v2\/media\/71974"}],"wp:attachment":[{"href":"https:\/\/eltrabajo.cl\/portal\/wp-json\/wp\/v2\/media?parent=71973"}],"wp:term":[{"taxonomy":"category","embeddable":true,"href":"https:\/\/eltrabajo.cl\/portal\/wp-json\/wp\/v2\/categories?post=71973"},{"taxonomy":"post_tag","embeddable":true,"href":"https:\/\/eltrabajo.cl\/portal\/wp-json\/wp\/v2\/tags?post=71973"}],"curies":[{"name":"wp","href":"https:\/\/api.w.org\/{rel}","templated":true}]}}