{"id":71984,"date":"2016-07-21T09:58:47","date_gmt":"2016-07-21T13:58:47","guid":{"rendered":"http:\/\/www.eltrabajo.cl\/portal\/?p=71984"},"modified":"2016-07-21T09:58:47","modified_gmt":"2016-07-21T13:58:47","slug":"exitoso-encuentro-entre-agrupaciones-de-personas-en-situacion-de-discapacidad-y-empresarios","status":"publish","type":"post","link":"https:\/\/eltrabajo.cl\/portal\/exitoso-encuentro-entre-agrupaciones-de-personas-en-situacion-de-discapacidad-y-empresarios\/","title":{"rendered":"Exitoso encuentro entre agrupaciones de personas en situaci\u00f3n de discapacidad y empresarios"},"content":{"rendered":"<p>Con una importante cantidad de empresarios y miembros de agrupaciones de personas en situaci\u00f3n de discapacidad de San Felipe, se desarroll\u00f3 este mi\u00e9rcoles el Primer Encuentro Empresarial como Estrategia de Desarrollo Local Inclusivo.<br \/>\nLa actividad fue desarrollada por la Municipalidad de San Felipe, a trav\u00e9s de la Oficina de la Discapacidad y ten\u00eda como objetivo sensibilizar al empresariado del Valle de Aconcagua para contratar en sus empresas personas en situaci\u00f3n de discapacidad.<br \/>\nSeg\u00fan destac\u00f3 Jorge Jara, alcalde (s), realizar este tipo de iniciativas da cuenta del compromiso que tiene la Municipalidad de San Felipe con el tema de inclusi\u00f3n.<br \/>\n\u201cLa Municipalidad de San Felipe es un ejemplo, porque es la \u00fanica que tiene una oficina preocupada de la discapacidad en la regi\u00f3n y se ha hecho cargo del acercamiento entre el mundo de las personas en situaci\u00f3n de discapacidad y las empresas, porque la idea no es tener una mirada paternalista del tema, sino propositiva, de construir juntos el camino a la inclusi\u00f3n para que estas personas tengan igualdad de derechos\u201d, dijo el jefe comunal (s).<br \/>\nY en ese sentido destac\u00f3 el compromiso del municipio por continuar trabajando en esta misma senda, \u201cy que as\u00ed estas buenas pr\u00e1cticas se puedan multiplicar y sean adquiridas por otras instituciones y municipios, porque de esa manera hacemos realidad el tema de la inclusi\u00f3n social\u201d, sostuvo.<br \/>\nMiguel Ulla es coordinador nacional proyecto Agora Chile y particip\u00f3 tambi\u00e9n en el encuentro, destacando el trabajo que se realiza al interior del municipio sanfelipe\u00f1o en inclusi\u00f3n.<br \/>\n\u201cEl mundo de la discapacidad debe saber que existen posibilidades reales cuando obtenemos experiencias como la Municipalidad de San Felipe y su Oficina de la Discapacidad, porque, aunque parezca una paradoja, las personas con discapacidad visual pueden ver un futuro mejor, las personas con sordera pueden escuchar que hay posibilidades reales de ser integrados a la sociedad, entonces la discapacidad sabe hoy d\u00eda que aqu\u00ed hay un basti\u00f3n que se llama Municipio de San Felipe\u201d.<br \/>\nPara el mundo empresarial, esta actividad fue una instancia de encuentro con las personas en situaci\u00f3n de discapacidad, destacando Onofre Quiroga, due\u00f1o de Ferreter\u00eda Oriente el trabajo impulsado desde el municipio de San Felipe.<br \/>\n\u201cFelicitar al alcalde y a la Municipalidad porque fueron los pioneros. Desde el lanzamiento cada vez ha ido tomando m\u00e1s volumen y la gente se ha ido integrando m\u00e1s. Veo que tienen profesionales para ayudar, lo que es importante porque en algunos casos de personas con capacidades diferentes es muy dif\u00edcil salir arriba, pero como empresario no he tenido ning\u00fan problema con los ni\u00f1os que tenemos durante 10 a\u00f1os, dos d\u00edas a la semana ni\u00f1os de la Escuela Especial y nos han dado excelentes resultados, son personas que cumplen a cabalidad las tareas que se les encomiendan\u201d.<br \/>\nAunque Quiroga reconoce que existe cierto temor en algunos empresarios por contratar personas con discapacidad, su llamado es a trabajar con estas agrupaciones, \u201cporque son personas que son \u00fatiles a la sociedad y a la empresa son un aporte importante\u201d, recalc\u00f3 el empresario sanfelipe\u00f1o.<\/p>\n<figure id=\"attachment_71985\" aria-describedby=\"caption-attachment-71985\" style=\"width: 530px\" class=\"wp-caption alignleft\"><img data-recalc-dims=\"1\" loading=\"lazy\" decoding=\"async\" class=\"wp-image-71985 size-full\" src=\"https:\/\/i0.wp.com\/www.eltrabajo.cl\/portal\/wp-content\/uploads\/2016\/07\/encuentro-empresarial.jpg?resize=530%2C350\" alt=\"Con una importante cantidad de empresarios y miembros de agrupaciones de personas en situaci\u00f3n de discapacidad de San Felipe, se desarroll\u00f3 este mi\u00e9rcoles el Primer Encuentro Empresarial como Estrategia de Desarrollo Local Inclusivo.\" width=\"530\" height=\"350\" srcset=\"https:\/\/i0.wp.com\/eltrabajo.cl\/portal\/wp-content\/uploads\/2016\/07\/encuentro-empresarial.jpg?w=530&amp;ssl=1 530w, https:\/\/i0.wp.com\/eltrabajo.cl\/portal\/wp-content\/uploads\/2016\/07\/encuentro-empresarial.jpg?resize=200%2C132&amp;ssl=1 200w, https:\/\/i0.wp.com\/eltrabajo.cl\/portal\/wp-content\/uploads\/2016\/07\/encuentro-empresarial.jpg?resize=300%2C198&amp;ssl=1 300w, https:\/\/i0.wp.com\/eltrabajo.cl\/portal\/wp-content\/uploads\/2016\/07\/encuentro-empresarial.jpg?resize=227%2C150&amp;ssl=1 227w, https:\/\/i0.wp.com\/eltrabajo.cl\/portal\/wp-content\/uploads\/2016\/07\/encuentro-empresarial.jpg?resize=400%2C264&amp;ssl=1 400w\" sizes=\"auto, (max-width: 530px) 100vw, 530px\" \/><figcaption id=\"caption-attachment-71985\" class=\"wp-caption-text\">Con una importante cantidad de empresarios y miembros de agrupaciones de personas en situaci\u00f3n de discapacidad de San Felipe, se desarroll\u00f3 este mi\u00e9rcoles el Primer Encuentro Empresarial como Estrategia de Desarrollo Local Inclusivo.<\/figcaption><\/figure>\n","protected":false},"excerpt":{"rendered":"<p>Con una importante cantidad de empresarios y miembros de agrupaciones de personas en situaci\u00f3n de discapacidad de San Felipe, se desarroll\u00f3 este mi\u00e9rcoles el Primer Encuentro Empresarial como Estrategia de Desarrollo Local&#8230;<\/p>\n","protected":false},"author":482,"featured_media":71985,"comment_status":"open","ping_status":"open","sticky":false,"template":"","format":"standard","meta":{"advanced_seo_description":"","jetpack_seo_html_title":"","jetpack_seo_noindex":false,"_jetpack_memberships_contains_paid_content":false,"footnotes":""},"categories":[1],"tags":[],"class_list":["post-71984","post","type-post","status-publish","format-standard","has-post-thumbnail","hentry","category-cronica"],"jetpack_featured_media_url":"https:\/\/i0.wp.com\/eltrabajo.cl\/portal\/wp-content\/uploads\/2016\/07\/encuentro-empresarial.jpg?fit=530%2C350&ssl=1","jetpack_sharing_enabled":true,"jetpack_likes_enabled":true,"jetpack-related-posts":[],"_links":{"self":[{"href":"https:\/\/eltrabajo.cl\/portal\/wp-json\/wp\/v2\/posts\/71984","targetHints":{"allow":["GET"]}}],"collection":[{"href":"https:\/\/eltrabajo.cl\/portal\/wp-json\/wp\/v2\/posts"}],"about":[{"href":"https:\/\/eltrabajo.cl\/portal\/wp-json\/wp\/v2\/types\/post"}],"author":[{"embeddable":true,"href":"https:\/\/eltrabajo.cl\/portal\/wp-json\/wp\/v2\/users\/482"}],"replies":[{"embeddable":true,"href":"https:\/\/eltrabajo.cl\/portal\/wp-json\/wp\/v2\/comments?post=71984"}],"version-history":[{"count":0,"href":"https:\/\/eltrabajo.cl\/portal\/wp-json\/wp\/v2\/posts\/71984\/revisions"}],"wp:featuredmedia":[{"embeddable":true,"href":"https:\/\/eltrabajo.cl\/portal\/wp-json\/wp\/v2\/media\/71985"}],"wp:attachment":[{"href":"https:\/\/eltrabajo.cl\/portal\/wp-json\/wp\/v2\/media?parent=71984"}],"wp:term":[{"taxonomy":"category","embeddable":true,"href":"https:\/\/eltrabajo.cl\/portal\/wp-json\/wp\/v2\/categories?post=71984"},{"taxonomy":"post_tag","embeddable":true,"href":"https:\/\/eltrabajo.cl\/portal\/wp-json\/wp\/v2\/tags?post=71984"}],"curies":[{"name":"wp","href":"https:\/\/api.w.org\/{rel}","templated":true}]}}