{"id":71987,"date":"2016-07-21T10:02:57","date_gmt":"2016-07-21T14:02:57","guid":{"rendered":"http:\/\/www.eltrabajo.cl\/portal\/?p=71987"},"modified":"2016-07-21T10:02:57","modified_gmt":"2016-07-21T14:02:57","slug":"desaparecieron-roedores-que-generaron-alarma-en-vecinos-de-poblacion-luis-gajardo-guerrero","status":"publish","type":"post","link":"https:\/\/eltrabajo.cl\/portal\/desaparecieron-roedores-que-generaron-alarma-en-vecinos-de-poblacion-luis-gajardo-guerrero\/","title":{"rendered":"Desaparecieron roedores que generaron alarma en vecinos de Poblaci\u00f3n Luis Gajardo Guerrero"},"content":{"rendered":"<figure id=\"attachment_71989\" aria-describedby=\"caption-attachment-71989\" style=\"width: 200px\" class=\"wp-caption alignleft\"><img data-recalc-dims=\"1\" loading=\"lazy\" decoding=\"async\" class=\"wp-image-71989 size-thumbnail\" src=\"https:\/\/i0.wp.com\/www.eltrabajo.cl\/portal\/wp-content\/uploads\/2016\/07\/JUAN-TORREJON-200x131.jpg?resize=200%2C131\" alt=\"Juan Torrej\u00f3n Tapia, presidente de la Junta de Vecinos Luis Gajardo Guerrero I.\" width=\"200\" height=\"131\" srcset=\"https:\/\/i0.wp.com\/eltrabajo.cl\/portal\/wp-content\/uploads\/2016\/07\/JUAN-TORREJON.jpg?resize=200%2C131&amp;ssl=1 200w, https:\/\/i0.wp.com\/eltrabajo.cl\/portal\/wp-content\/uploads\/2016\/07\/JUAN-TORREJON.jpg?resize=300%2C197&amp;ssl=1 300w, https:\/\/i0.wp.com\/eltrabajo.cl\/portal\/wp-content\/uploads\/2016\/07\/JUAN-TORREJON.jpg?resize=228%2C150&amp;ssl=1 228w, https:\/\/i0.wp.com\/eltrabajo.cl\/portal\/wp-content\/uploads\/2016\/07\/JUAN-TORREJON.jpg?resize=400%2C263&amp;ssl=1 400w, https:\/\/i0.wp.com\/eltrabajo.cl\/portal\/wp-content\/uploads\/2016\/07\/JUAN-TORREJON.jpg?w=530&amp;ssl=1 530w\" sizes=\"auto, (max-width: 200px) 100vw, 200px\" \/><figcaption id=\"caption-attachment-71989\" class=\"wp-caption-text\">Juan Torrej\u00f3n Tapia, presidente de la Junta de Vecinos Luis Gajardo Guerrero I.<\/figcaption><\/figure>\n<ul>\n<li><strong>Dirigente vecinal agradeci\u00f3 el r\u00e1pido actuar de la sanitaria, a la vez, que conmin\u00f3 a \u00e9sta, para que realice de forma peri\u00f3dica la mantenci\u00f3n correspondiente a la red de evacuaci\u00f3n de aguas servidas.<\/strong><\/li>\n<\/ul>\n<p>Mucho m\u00e1s tranquilo se mostr\u00f3 el presidente de la Junta de Vecinos de la Poblaci\u00f3n Luis Gajardo Guerrero I, Juan Torrej\u00f3n Tapia, al informar que la empresa sanitaria Esval, est\u00e1 llevando a cabo un impecable trabajo de limpieza y mantenci\u00f3n de la red de alcantarillado que evac\u00faa las aguas servidas, no s\u00f3lo de la Villa que preside, sino que, de todo el sector aleda\u00f1o, que incluye a las Poblaciones Sargento Aldea y Manso Velasco.<br \/>\nEsta acci\u00f3n de la sanitaria, surge tras la denuncia que se hiciera p\u00fablica a trav\u00e9s de la edici\u00f3n del pasado 11 de julio de Diario El Trabajo, en donde el dirigente, manifestaba que en las \u00faltimas semanas, hab\u00edan comenzado a aparecer en los patios de las casas, ratones de un tama\u00f1o considerable, y supuestamente de cola larga, lo que gener\u00f3 un estado de alarma inmediata, por el riesgo sanitario que implica la presencia de estos mam\u00edferos para los vecinos del sector.<br \/>\nSeg\u00fan plante\u00f3 Torrej\u00f3n \u201ccuando es uno, t\u00fa lo tomas como casual, pero cuando son m\u00e1s, hay que empezar a actuar porque se puede tratar de alguna plaga. Ah\u00ed nos dimos cuenta que esto se deb\u00eda a que los alcantarillados no tienen la mantenci\u00f3n que les corresponde, de hecho en nuestro sector hace mucho tiempo que no se realizaba, por eso lo hicimos p\u00fablico, para que las autoridades y los entes fiscalizadores, pudieran entrar en contacto con nosotros\u201d, record\u00f3.<br \/>\nLuego de haber hecho p\u00fablica la preocupante situaci\u00f3n higi\u00e9nica que se viv\u00eda en Luis Gajardo, el dirigente agradeci\u00f3 la pronta respuesta e inmediata preocupaci\u00f3n que mostraron las autoridades, argumentando que \u201ctuvimos una respuesta r\u00e1pida de Esval, afortunadamente se trat\u00f3 de un hecho aislado, pero siempre es mejor prevenir que estar lamentando consecuencias a futuro, por eso, mi eterno agradecimiento a la empresa porque se est\u00e1n beneficiando otros vecinos, gracias a la denuncia que nosotros realizamos\u201d, enfatiz\u00f3.<br \/>\nPor \u00faltimo, Torrej\u00f3n asegur\u00f3 que, afortunadamente, la comunidad no sufri\u00f3 ning\u00fan tipo de infecci\u00f3n a causa de los roedores encontrados y que desde que se iniciaron los trabajos de limpieza de alcantarillado, hace poco m\u00e1s de una semana, los vecinos no han vuelto encontrar estos espec\u00edmenes en los patios de sus viviendas.<\/p>\n<figure id=\"attachment_71988\" aria-describedby=\"caption-attachment-71988\" style=\"width: 530px\" class=\"wp-caption alignnone\"><img data-recalc-dims=\"1\" loading=\"lazy\" decoding=\"async\" class=\"wp-image-71988 size-full\" src=\"https:\/\/i0.wp.com\/www.eltrabajo.cl\/portal\/wp-content\/uploads\/2016\/07\/ESVAL-INICIA-LIMPIEZA.jpg?resize=530%2C349\" alt=\"Esval realiza operativo de limpieza de alcantarillados en Luis Gajardo, Manso de Velasco y Sargento Aldea.\" width=\"530\" height=\"349\" srcset=\"https:\/\/i0.wp.com\/eltrabajo.cl\/portal\/wp-content\/uploads\/2016\/07\/ESVAL-INICIA-LIMPIEZA.jpg?w=530&amp;ssl=1 530w, https:\/\/i0.wp.com\/eltrabajo.cl\/portal\/wp-content\/uploads\/2016\/07\/ESVAL-INICIA-LIMPIEZA.jpg?resize=200%2C132&amp;ssl=1 200w, https:\/\/i0.wp.com\/eltrabajo.cl\/portal\/wp-content\/uploads\/2016\/07\/ESVAL-INICIA-LIMPIEZA.jpg?resize=300%2C198&amp;ssl=1 300w, https:\/\/i0.wp.com\/eltrabajo.cl\/portal\/wp-content\/uploads\/2016\/07\/ESVAL-INICIA-LIMPIEZA.jpg?resize=228%2C150&amp;ssl=1 228w, https:\/\/i0.wp.com\/eltrabajo.cl\/portal\/wp-content\/uploads\/2016\/07\/ESVAL-INICIA-LIMPIEZA.jpg?resize=400%2C263&amp;ssl=1 400w\" sizes=\"auto, (max-width: 530px) 100vw, 530px\" \/><figcaption id=\"caption-attachment-71988\" class=\"wp-caption-text\">Esval realiza operativo de limpieza de alcantarillados en Luis Gajardo, Manso de Velasco y Sargento Aldea.<\/figcaption><\/figure>\n","protected":false},"excerpt":{"rendered":"<p>Dirigente vecinal agradeci\u00f3 el r\u00e1pido actuar de la sanitaria, a la vez, que conmin\u00f3 a \u00e9sta, para que realice de forma peri\u00f3dica la mantenci\u00f3n correspondiente a la red de evacuaci\u00f3n de aguas&#8230;<\/p>\n","protected":false},"author":482,"featured_media":71989,"comment_status":"open","ping_status":"open","sticky":false,"template":"","format":"standard","meta":{"advanced_seo_description":"","jetpack_seo_html_title":"","jetpack_seo_noindex":false,"_jetpack_memberships_contains_paid_content":false,"footnotes":""},"categories":[1],"tags":[],"class_list":["post-71987","post","type-post","status-publish","format-standard","has-post-thumbnail","hentry","category-cronica"],"jetpack_featured_media_url":"https:\/\/i0.wp.com\/eltrabajo.cl\/portal\/wp-content\/uploads\/2016\/07\/JUAN-TORREJON.jpg?fit=530%2C348&ssl=1","jetpack_sharing_enabled":true,"jetpack_likes_enabled":true,"jetpack-related-posts":[],"_links":{"self":[{"href":"https:\/\/eltrabajo.cl\/portal\/wp-json\/wp\/v2\/posts\/71987","targetHints":{"allow":["GET"]}}],"collection":[{"href":"https:\/\/eltrabajo.cl\/portal\/wp-json\/wp\/v2\/posts"}],"about":[{"href":"https:\/\/eltrabajo.cl\/portal\/wp-json\/wp\/v2\/types\/post"}],"author":[{"embeddable":true,"href":"https:\/\/eltrabajo.cl\/portal\/wp-json\/wp\/v2\/users\/482"}],"replies":[{"embeddable":true,"href":"https:\/\/eltrabajo.cl\/portal\/wp-json\/wp\/v2\/comments?post=71987"}],"version-history":[{"count":0,"href":"https:\/\/eltrabajo.cl\/portal\/wp-json\/wp\/v2\/posts\/71987\/revisions"}],"wp:featuredmedia":[{"embeddable":true,"href":"https:\/\/eltrabajo.cl\/portal\/wp-json\/wp\/v2\/media\/71989"}],"wp:attachment":[{"href":"https:\/\/eltrabajo.cl\/portal\/wp-json\/wp\/v2\/media?parent=71987"}],"wp:term":[{"taxonomy":"category","embeddable":true,"href":"https:\/\/eltrabajo.cl\/portal\/wp-json\/wp\/v2\/categories?post=71987"},{"taxonomy":"post_tag","embeddable":true,"href":"https:\/\/eltrabajo.cl\/portal\/wp-json\/wp\/v2\/tags?post=71987"}],"curies":[{"name":"wp","href":"https:\/\/api.w.org\/{rel}","templated":true}]}}