{"id":71992,"date":"2016-07-21T10:09:13","date_gmt":"2016-07-21T14:09:13","guid":{"rendered":"http:\/\/www.eltrabajo.cl\/portal\/?p=71992"},"modified":"2016-07-21T10:09:13","modified_gmt":"2016-07-21T14:09:13","slug":"dramatica-y-tierna-historia-de-perrita-atropellada-movilizo-a-vecinos","status":"publish","type":"post","link":"https:\/\/eltrabajo.cl\/portal\/dramatica-y-tierna-historia-de-perrita-atropellada-movilizo-a-vecinos\/","title":{"rendered":"Dram\u00e1tica y tierna historia de perrita atropellada moviliz\u00f3 a vecinos"},"content":{"rendered":"<p>Un verdadero drama de rescate animal, es el que se ha vivido esta semana en las redes sociales por Internet, a causa de un cruel conductor de auto, quien luego de atropellar a una perrita de cuatro meses de edad, en el sector de sem\u00e1foros de Calle Tocornal, situaci\u00f3n en la que perrita qued\u00f3 media muerta y en completo abandono en media calle.<\/p>\n<p><strong>EST\u00c1 EN ADOPCI\u00d3N<\/strong><br \/>\nDiario Habl\u00f3 con la coprotagonista de este drama urbano y social, la se\u00f1ora Susana Far\u00edas, vecina de Condominio San Felipe N\u00ba1, muy cercano al lugar de los hechos.<br \/>\n<strong>&#8211; \u00bfC\u00f3mo ocurri\u00f3 el accidente que dej\u00f3 a esta perrita tan mal?<\/strong><br \/>\n<strong>&#8211;<\/strong> \u00abYo iba al supermercado, vi cuando este auto golpe\u00f3 fuertemente a la perrita, el golpe fue muy fuerte, el animalito qued\u00f3 en el pavimento, no se mov\u00eda, supuse dolorosamente que ya estaba muerta, por lo que continu\u00e9 mi camino, antes de irme, vi que un caballero tom\u00f3 a la perrita y la puso en la berma, segu\u00eda sin presentar signos de vida.<br \/>\n<strong>&#8211; \u00bfY qu\u00e9 pas\u00f3 entonces con el animal?<\/strong><br \/>\n<strong>&#8211;<\/strong> Mientras yo hice mis diligencias en el supermercado, la gente busc\u00f3 cartulinas para hacer carteles, escribieron frases solicitando que alguien auxiliara a la perrita, otra persona le puso una manta encima, anochec\u00eda y hac\u00eda mucho fr\u00edo, pero nadie se la llev\u00f3.<br \/>\n<strong>&#8211; \u00bfY usted c\u00f3mo se involucr\u00f3 con este rescate?<\/strong><br \/>\n<strong>&#8211;<\/strong> Bueno, cuando yo ven\u00eda de regreso me encontr\u00e9 con la perrita con la manta, y cerca de ella los carteles. Pude acercarme lentamente y me agach\u00e9, ella, la perrita, mov\u00eda los ojos, supe entonces que viv\u00eda y que a\u00fan se pod\u00eda hacer algo, otro caballero se acerc\u00f3 y la levantamos, decidimos llevarla a una cl\u00ednica para que la atendieran y posiblemente le salvaran su vida.<br \/>\n<strong>&#8211; \u00bfC\u00f3mo pagaron los gastos m\u00e9dicos de la perrita?<\/strong><br \/>\n<strong>&#8211;<\/strong> Una vez en la cl\u00ednica veterinaria, s\u00f3lo quedaba hacer dos cosas, esperar su recuperaci\u00f3n por los tres d\u00edas que dur\u00f3, y tambi\u00e9n colectar dinero para pagar al veterinario, nos pusimos en eso a trav\u00e9s de Facebook, pronto empezaron a salir ideas, cuando subimos las fotos de la perrita, a quien llamamos \u2018Mily\u2019.<br \/>\n<strong>&#8211; \u00bfCu\u00e1l ideas fue la que mejores resultados les dej\u00f3?<\/strong><br \/>\n<strong>&#8211;<\/strong> La idea que desarrollamos fue vender juguetes y art\u00edculos personales m\u00edos y de mis hijos, sus juguetes y hasta unos bolsos que ten\u00eda guardados, la idea era colectar \u2018lukas\u2019 para pagar los servicios veterinarios. Otras personas me donaron ropa de beb\u00e9 y juguetes tambi\u00e9n, al final pudimos pagar la deuda y ahora \u2018Mily\u2019 est\u00e1 en nuestra casa.<br \/>\n<strong>&#8211; Ahora que \u2018Mily\u2019 est\u00e1 mejorando, \u00bfqu\u00e9 pasar\u00e1 con esta perrita?<\/strong><br \/>\n<strong>&#8211;<\/strong> Yo lo que estoy solicitando es que alguien adopte a esta perrita, pues pronto crecer\u00e1 y no la podemos tener en casa, es un apartamento muy chico para tenerla, deseo tambi\u00e9n agradecer a todos quienes apoyaron en este rescate animalista, fue una excelente campa\u00f1a.<br \/>\nLos interesados en adoptar a \u2018Mily\u2019 pueden llamar hoy mismo al 942800263.<br \/>\n<strong>Roberto Gonz\u00e1lez Short<\/strong><br \/>\n<strong>rgonzalez@eltrabajo.cl<\/strong><\/p>\n<figure id=\"attachment_71993\" aria-describedby=\"caption-attachment-71993\" style=\"width: 530px\" class=\"wp-caption alignnone\"><img data-recalc-dims=\"1\" loading=\"lazy\" decoding=\"async\" class=\"wp-image-71993 size-full\" src=\"https:\/\/i0.wp.com\/www.eltrabajo.cl\/portal\/wp-content\/uploads\/2016\/07\/Drama1.jpg?resize=530%2C348\" alt=\"ANGUSTIANTE DRAMA.- As\u00ed qued\u00f3 inicialmente la perrita tras ser atropellada por un auto, a la espera de alguien que la rescatara.\" width=\"530\" height=\"348\" srcset=\"https:\/\/i0.wp.com\/eltrabajo.cl\/portal\/wp-content\/uploads\/2016\/07\/Drama1.jpg?w=530&amp;ssl=1 530w, https:\/\/i0.wp.com\/eltrabajo.cl\/portal\/wp-content\/uploads\/2016\/07\/Drama1.jpg?resize=200%2C131&amp;ssl=1 200w, https:\/\/i0.wp.com\/eltrabajo.cl\/portal\/wp-content\/uploads\/2016\/07\/Drama1.jpg?resize=300%2C197&amp;ssl=1 300w, https:\/\/i0.wp.com\/eltrabajo.cl\/portal\/wp-content\/uploads\/2016\/07\/Drama1.jpg?resize=228%2C150&amp;ssl=1 228w, https:\/\/i0.wp.com\/eltrabajo.cl\/portal\/wp-content\/uploads\/2016\/07\/Drama1.jpg?resize=400%2C263&amp;ssl=1 400w\" sizes=\"auto, (max-width: 530px) 100vw, 530px\" \/><figcaption id=\"caption-attachment-71993\" class=\"wp-caption-text\">ANGUSTIANTE DRAMA.- As\u00ed qued\u00f3 inicialmente la perrita tras ser atropellada por un auto, a la espera de alguien que la rescatara.<\/figcaption><\/figure>\n<figure id=\"attachment_71994\" aria-describedby=\"caption-attachment-71994\" style=\"width: 530px\" class=\"wp-caption alignleft\"><img data-recalc-dims=\"1\" loading=\"lazy\" decoding=\"async\" class=\"wp-image-71994 size-full\" src=\"https:\/\/i0.wp.com\/www.eltrabajo.cl\/portal\/wp-content\/uploads\/2016\/07\/Drama3.jpg?resize=530%2C348\" alt=\"RESCATADA.- Ya en la cl\u00ednica, la perrita fue atendida, result\u00f3 con costillitas quebradas y hematomas internos, y sangrado.\" width=\"530\" height=\"348\" srcset=\"https:\/\/i0.wp.com\/eltrabajo.cl\/portal\/wp-content\/uploads\/2016\/07\/Drama3.jpg?w=530&amp;ssl=1 530w, https:\/\/i0.wp.com\/eltrabajo.cl\/portal\/wp-content\/uploads\/2016\/07\/Drama3.jpg?resize=200%2C131&amp;ssl=1 200w, https:\/\/i0.wp.com\/eltrabajo.cl\/portal\/wp-content\/uploads\/2016\/07\/Drama3.jpg?resize=300%2C197&amp;ssl=1 300w, https:\/\/i0.wp.com\/eltrabajo.cl\/portal\/wp-content\/uploads\/2016\/07\/Drama3.jpg?resize=228%2C150&amp;ssl=1 228w, https:\/\/i0.wp.com\/eltrabajo.cl\/portal\/wp-content\/uploads\/2016\/07\/Drama3.jpg?resize=400%2C263&amp;ssl=1 400w\" sizes=\"auto, (max-width: 530px) 100vw, 530px\" \/><figcaption id=\"caption-attachment-71994\" class=\"wp-caption-text\">RESCATADA.- Ya en la cl\u00ednica, la perrita fue atendida, result\u00f3 con costillitas quebradas y hematomas internos, y sangrado.<\/figcaption><\/figure>\n<figure id=\"attachment_71995\" aria-describedby=\"caption-attachment-71995\" style=\"width: 530px\" class=\"wp-caption alignleft\"><img data-recalc-dims=\"1\" loading=\"lazy\" decoding=\"async\" class=\"wp-image-71995 size-full\" src=\"https:\/\/i0.wp.com\/www.eltrabajo.cl\/portal\/wp-content\/uploads\/2016\/07\/Drama4.jpg?resize=530%2C348\" alt=\"HERO\u00cdNA LOCAL.- Do\u00f1a Susana Far\u00edas es la sanfelipe\u00f1a a quien por sus acciones y las de sus hijos y dem\u00e1s colaboradores, hoy destacamos como hero\u00edna local.\" width=\"530\" height=\"348\" srcset=\"https:\/\/i0.wp.com\/eltrabajo.cl\/portal\/wp-content\/uploads\/2016\/07\/Drama4.jpg?w=530&amp;ssl=1 530w, https:\/\/i0.wp.com\/eltrabajo.cl\/portal\/wp-content\/uploads\/2016\/07\/Drama4.jpg?resize=200%2C131&amp;ssl=1 200w, https:\/\/i0.wp.com\/eltrabajo.cl\/portal\/wp-content\/uploads\/2016\/07\/Drama4.jpg?resize=300%2C197&amp;ssl=1 300w, https:\/\/i0.wp.com\/eltrabajo.cl\/portal\/wp-content\/uploads\/2016\/07\/Drama4.jpg?resize=228%2C150&amp;ssl=1 228w, https:\/\/i0.wp.com\/eltrabajo.cl\/portal\/wp-content\/uploads\/2016\/07\/Drama4.jpg?resize=400%2C263&amp;ssl=1 400w\" sizes=\"auto, (max-width: 530px) 100vw, 530px\" \/><figcaption id=\"caption-attachment-71995\" class=\"wp-caption-text\">HERO\u00cdNA LOCAL.- Do\u00f1a Susana Far\u00edas es la sanfelipe\u00f1a a quien por sus acciones y las de sus hijos y dem\u00e1s colaboradores, hoy destacamos como hero\u00edna local.<\/figcaption><\/figure>\n<figure id=\"attachment_71996\" aria-describedby=\"caption-attachment-71996\" style=\"width: 530px\" class=\"wp-caption alignleft\"><img data-recalc-dims=\"1\" loading=\"lazy\" decoding=\"async\" class=\"wp-image-71996 size-full\" src=\"https:\/\/i0.wp.com\/www.eltrabajo.cl\/portal\/wp-content\/uploads\/2016\/07\/Juguetes1.jpg?resize=530%2C349\" alt=\"TODOS POR \u2018MILY\u2019.- Los hijos de Susana tambi\u00e9n participaron en esta campa\u00f1a, pues se desprendieron de sus juguetes para que se vendieran y la perrita fuera atendida adecuadamente.\" width=\"530\" height=\"349\" srcset=\"https:\/\/i0.wp.com\/eltrabajo.cl\/portal\/wp-content\/uploads\/2016\/07\/Juguetes1.jpg?w=530&amp;ssl=1 530w, https:\/\/i0.wp.com\/eltrabajo.cl\/portal\/wp-content\/uploads\/2016\/07\/Juguetes1.jpg?resize=200%2C132&amp;ssl=1 200w, https:\/\/i0.wp.com\/eltrabajo.cl\/portal\/wp-content\/uploads\/2016\/07\/Juguetes1.jpg?resize=300%2C198&amp;ssl=1 300w, https:\/\/i0.wp.com\/eltrabajo.cl\/portal\/wp-content\/uploads\/2016\/07\/Juguetes1.jpg?resize=228%2C150&amp;ssl=1 228w, https:\/\/i0.wp.com\/eltrabajo.cl\/portal\/wp-content\/uploads\/2016\/07\/Juguetes1.jpg?resize=400%2C263&amp;ssl=1 400w\" sizes=\"auto, (max-width: 530px) 100vw, 530px\" \/><figcaption id=\"caption-attachment-71996\" class=\"wp-caption-text\">TODOS POR \u2018MILY\u2019.- Los hijos de Susana tambi\u00e9n participaron en esta campa\u00f1a, pues se desprendieron de sus juguetes para que se vendieran y la perrita fuera atendida adecuadamente.<\/figcaption><\/figure>\n","protected":false},"excerpt":{"rendered":"<p>Un verdadero drama de rescate animal, es el que se ha vivido esta semana en las redes sociales por Internet, a causa de un cruel conductor de auto, quien luego de atropellar&#8230;<\/p>\n","protected":false},"author":482,"featured_media":71993,"comment_status":"open","ping_status":"open","sticky":false,"template":"","format":"standard","meta":{"advanced_seo_description":"","jetpack_seo_html_title":"","jetpack_seo_noindex":false,"_jetpack_memberships_contains_paid_content":false,"footnotes":""},"categories":[15],"tags":[],"class_list":["post-71992","post","type-post","status-publish","format-standard","has-post-thumbnail","hentry","category-comunidad"],"jetpack_featured_media_url":"https:\/\/i0.wp.com\/eltrabajo.cl\/portal\/wp-content\/uploads\/2016\/07\/Drama1.jpg?fit=530%2C348&ssl=1","jetpack_sharing_enabled":true,"jetpack_likes_enabled":true,"jetpack-related-posts":[],"_links":{"self":[{"href":"https:\/\/eltrabajo.cl\/portal\/wp-json\/wp\/v2\/posts\/71992","targetHints":{"allow":["GET"]}}],"collection":[{"href":"https:\/\/eltrabajo.cl\/portal\/wp-json\/wp\/v2\/posts"}],"about":[{"href":"https:\/\/eltrabajo.cl\/portal\/wp-json\/wp\/v2\/types\/post"}],"author":[{"embeddable":true,"href":"https:\/\/eltrabajo.cl\/portal\/wp-json\/wp\/v2\/users\/482"}],"replies":[{"embeddable":true,"href":"https:\/\/eltrabajo.cl\/portal\/wp-json\/wp\/v2\/comments?post=71992"}],"version-history":[{"count":0,"href":"https:\/\/eltrabajo.cl\/portal\/wp-json\/wp\/v2\/posts\/71992\/revisions"}],"wp:featuredmedia":[{"embeddable":true,"href":"https:\/\/eltrabajo.cl\/portal\/wp-json\/wp\/v2\/media\/71993"}],"wp:attachment":[{"href":"https:\/\/eltrabajo.cl\/portal\/wp-json\/wp\/v2\/media?parent=71992"}],"wp:term":[{"taxonomy":"category","embeddable":true,"href":"https:\/\/eltrabajo.cl\/portal\/wp-json\/wp\/v2\/categories?post=71992"},{"taxonomy":"post_tag","embeddable":true,"href":"https:\/\/eltrabajo.cl\/portal\/wp-json\/wp\/v2\/tags?post=71992"}],"curies":[{"name":"wp","href":"https:\/\/api.w.org\/{rel}","templated":true}]}}