{"id":72001,"date":"2016-07-21T10:20:47","date_gmt":"2016-07-21T14:20:47","guid":{"rendered":"http:\/\/www.eltrabajo.cl\/portal\/?p=72001"},"modified":"2016-07-21T10:20:47","modified_gmt":"2016-07-21T14:20:47","slug":"adultos-mayores-deben-esperar-casi-3-horas-para-cobrar-su-jubilacion-en-servipag-san-felipe","status":"publish","type":"post","link":"https:\/\/eltrabajo.cl\/portal\/adultos-mayores-deben-esperar-casi-3-horas-para-cobrar-su-jubilacion-en-servipag-san-felipe\/","title":{"rendered":"Adultos mayores deben esperar casi 3 horas para cobrar su jubilaci\u00f3n en Servipag San Felipe"},"content":{"rendered":"<ul>\n<li><strong>Usuarios de la tercera edad se quejan de la lentitud del sistema y adem\u00e1s de la inexistencia de una persona que resguarde la integridad de las personas y el respeto por el orden de llegada.<\/strong><\/li>\n<\/ul>\n<p>Como si no fuera suficiente tener que tratar de subsistir con pensiones miserables, las personas de la tercera edad adem\u00e1s deben soportar el p\u00e9simo servicio y la falta de seguridad que ofrece el actual mecanismo de pago de jubilaciones, pues los d\u00edas 20 y 21 de cada mes, se ha hecho recurrente ver desde muy temprano largas filas de adultos mayores en las afueras de las distintas oficinas de Servipag en San Felipe.<br \/>\nLa empresa encargada de los pagos de jubilaciones, no dispone de guardias que resguarden la integridad de los abuelitos o al menos, de una persona que supervise el respeto al orden de llegada a la fila. De Carabineros, ni hablar. Al menos ayer, durante el momento de mayor aglomeraci\u00f3n, no se vio contingente policial circundando los centros de pago, hecho que transforma a estas personas en eventuales v\u00edctimas de la delincuencia.<br \/>\nLa molestia de los usuarios, usuarias y familiares es generalizada, personas como la se\u00f1ora Guillermina Garrido, vecina de la Calle Brasil de Putaendo, quien tuvo que esperar alrededor de 3 horas para poder cobrar su jubilaci\u00f3n, puesto que en su comuna le aseguraron que no realizaban este tipo de prestaciones.<br \/>\n\u201cSal\u00ed a las 7 de la ma\u00f1ana de Putaendo y los pies ya no me dan m\u00e1s de fr\u00edo, lo peor es que nadie dice nada, no nos dan una explicaci\u00f3n, hay una caja atendiendo nom\u00e1s, la cosa es acumular gente en la calle con el fr\u00edo que hace, a la edad que tiene uno, tenemos que pasar por esto, es indigno\u201d, describi\u00f3 la se\u00f1ora Guillermina, aludiendo la baja sensaci\u00f3n t\u00e9rmica vivida antes de las 9 de la ma\u00f1ana.<br \/>\nLa se\u00f1ora Mar\u00eda Montenegro, vecina de San Felipe, tambi\u00e9n hizo referencia al nefasto mecanismo que se ha dispuesto para pagar las pensiones de las personas jubiladas. Ayer, mientras esperaba el pago de su padre de 83 a\u00f1os, le toc\u00f3 presenciar situaciones que \u2013seg\u00fan dijo- le tocaron el alma.<br \/>\n\u201cComo chilena, me da mucha pena y verg\u00fcenza que a un adulto mayor que dio su vida trabajando, lo denigren de esta forma. Tener que espera por horas, parados a todo el fr\u00edo, sin un asiento y sin ning\u00fan tipo de protecci\u00f3n. D\u00f3nde est\u00e1 la preocupaci\u00f3n por el adulto mayor\u201d, expres\u00f3 Montenegro.<br \/>\nLa vecina propone que para el pago se busque un local donde la gente pueda esperar sentada y se otorguen n\u00fameros para poder asegurar el respeto por aquellas personas que llegan m\u00e1s temprano en busca de su dinero. \u201cAc\u00e1 corren un riesgo tremendo, hay gente diab\u00e9tica, personas hipertensas, con bastones ortop\u00e9dicos, nosotros vamos a ser viejos tambi\u00e9n, por eso me da pena y lo digo con rabia. Cu\u00e1nta gente tiene que venir sola y corre el riesgo que la asalten o de caerse. Por favor, como ciudadana pido que las autoridades hagan algo por estas personas\u201d, expres\u00f3.<br \/>\nSeg\u00fan el testimonio de la se\u00f1ora Alejandra, quien acompa\u00f1a mensualmente a su pap\u00e1 a recibir el pago de su jubilaci\u00f3n, otra de las dificultades a la que se enfrentan \u2018los abuelitos\u2019, es que personas sin escr\u00fapulos que llegan a utilizar otros servicios de Servipag, no respetan el orden de llegada y pasan por alto la conformaci\u00f3n de la fila, pues seg\u00fan detall\u00f3 \u201cac\u00e1 todos los meses es un caos, se mete gente de 40 \u00f3 50 a\u00f1os, que no respeta la fila, diciendo que van apurados y no respetan a los adultos mayores, nadie controla eso, aqu\u00ed se necesita un guardia que se preocupe de la gente adulta, adem\u00e1s habilitan una sola caja, cuando se necesitan al menos 3 para que la gente pueda acceder a su pago m\u00e1s r\u00e1pido\u201d, concluy\u00f3.<\/p>\n<figure id=\"attachment_72002\" aria-describedby=\"caption-attachment-72002\" style=\"width: 530px\" class=\"wp-caption alignnone\"><img data-recalc-dims=\"1\" loading=\"lazy\" decoding=\"async\" class=\"wp-image-72002 size-full\" src=\"https:\/\/i0.wp.com\/www.eltrabajo.cl\/portal\/wp-content\/uploads\/2016\/07\/AGLOMERACIONES-03.jpg?resize=530%2C349\" alt=\"Soportando el fr\u00edo matinal y sin siquiera un asiento donde poder esperar dignamente, por el pago de su pensi\u00f3n, que adem\u00e1s, ya es bastante escu\u00e1lida.\" width=\"530\" height=\"349\" srcset=\"https:\/\/i0.wp.com\/eltrabajo.cl\/portal\/wp-content\/uploads\/2016\/07\/AGLOMERACIONES-03.jpg?w=530&amp;ssl=1 530w, https:\/\/i0.wp.com\/eltrabajo.cl\/portal\/wp-content\/uploads\/2016\/07\/AGLOMERACIONES-03.jpg?resize=200%2C132&amp;ssl=1 200w, https:\/\/i0.wp.com\/eltrabajo.cl\/portal\/wp-content\/uploads\/2016\/07\/AGLOMERACIONES-03.jpg?resize=300%2C198&amp;ssl=1 300w, https:\/\/i0.wp.com\/eltrabajo.cl\/portal\/wp-content\/uploads\/2016\/07\/AGLOMERACIONES-03.jpg?resize=228%2C150&amp;ssl=1 228w, https:\/\/i0.wp.com\/eltrabajo.cl\/portal\/wp-content\/uploads\/2016\/07\/AGLOMERACIONES-03.jpg?resize=400%2C263&amp;ssl=1 400w\" sizes=\"auto, (max-width: 530px) 100vw, 530px\" \/><figcaption id=\"caption-attachment-72002\" class=\"wp-caption-text\">Soportando el fr\u00edo matinal y sin siquiera un asiento donde poder esperar dignamente, por el pago de su pensi\u00f3n, que adem\u00e1s, ya es bastante escu\u00e1lida.<\/figcaption><\/figure>\n<figure id=\"attachment_72003\" aria-describedby=\"caption-attachment-72003\" style=\"width: 530px\" class=\"wp-caption alignnone\"><img data-recalc-dims=\"1\" loading=\"lazy\" decoding=\"async\" class=\"wp-image-72003 size-full\" src=\"https:\/\/i0.wp.com\/www.eltrabajo.cl\/portal\/wp-content\/uploads\/2016\/07\/AGLOMERACIONES-04.jpg?resize=530%2C350\" alt=\"Se ha hecho recurrente ver desde muy temprano largas filas de adultos mayores en las afueras de las distintas oficinas de Servipag en San Felipe.\" width=\"530\" height=\"350\" srcset=\"https:\/\/i0.wp.com\/eltrabajo.cl\/portal\/wp-content\/uploads\/2016\/07\/AGLOMERACIONES-04.jpg?w=530&amp;ssl=1 530w, https:\/\/i0.wp.com\/eltrabajo.cl\/portal\/wp-content\/uploads\/2016\/07\/AGLOMERACIONES-04.jpg?resize=200%2C132&amp;ssl=1 200w, https:\/\/i0.wp.com\/eltrabajo.cl\/portal\/wp-content\/uploads\/2016\/07\/AGLOMERACIONES-04.jpg?resize=300%2C198&amp;ssl=1 300w, https:\/\/i0.wp.com\/eltrabajo.cl\/portal\/wp-content\/uploads\/2016\/07\/AGLOMERACIONES-04.jpg?resize=227%2C150&amp;ssl=1 227w, https:\/\/i0.wp.com\/eltrabajo.cl\/portal\/wp-content\/uploads\/2016\/07\/AGLOMERACIONES-04.jpg?resize=400%2C264&amp;ssl=1 400w\" sizes=\"auto, (max-width: 530px) 100vw, 530px\" \/><figcaption id=\"caption-attachment-72003\" class=\"wp-caption-text\">Se ha hecho recurrente ver desde muy temprano largas filas de adultos mayores en las afueras de las distintas oficinas de Servipag en San Felipe.<\/figcaption><\/figure>\n<figure id=\"attachment_72004\" aria-describedby=\"caption-attachment-72004\" style=\"width: 530px\" class=\"wp-caption alignnone\"><img data-recalc-dims=\"1\" loading=\"lazy\" decoding=\"async\" class=\"wp-image-72004 size-full\" src=\"https:\/\/i0.wp.com\/www.eltrabajo.cl\/portal\/wp-content\/uploads\/2016\/07\/AGLOMERACIONES-05.jpg?resize=530%2C348\" alt=\"A PESAR DE TODO RE\u00cdMOS.- Muy afligidos se encontraban estos adultos mayores, tras la larga espera que les toca sortear cada vez que les corresponde retiro de  su pensi\u00f3n, pero a\u00fan as\u00ed, y a pesar de las grandes adversidades que les toca pasar a muchos de nuestros abuelitos, siempre queda energ\u00eda para esbozar una bella sonrisa.\" width=\"530\" height=\"348\" srcset=\"https:\/\/i0.wp.com\/eltrabajo.cl\/portal\/wp-content\/uploads\/2016\/07\/AGLOMERACIONES-05.jpg?w=530&amp;ssl=1 530w, https:\/\/i0.wp.com\/eltrabajo.cl\/portal\/wp-content\/uploads\/2016\/07\/AGLOMERACIONES-05.jpg?resize=200%2C131&amp;ssl=1 200w, https:\/\/i0.wp.com\/eltrabajo.cl\/portal\/wp-content\/uploads\/2016\/07\/AGLOMERACIONES-05.jpg?resize=300%2C197&amp;ssl=1 300w, https:\/\/i0.wp.com\/eltrabajo.cl\/portal\/wp-content\/uploads\/2016\/07\/AGLOMERACIONES-05.jpg?resize=228%2C150&amp;ssl=1 228w, https:\/\/i0.wp.com\/eltrabajo.cl\/portal\/wp-content\/uploads\/2016\/07\/AGLOMERACIONES-05.jpg?resize=400%2C263&amp;ssl=1 400w\" sizes=\"auto, (max-width: 530px) 100vw, 530px\" \/><figcaption id=\"caption-attachment-72004\" class=\"wp-caption-text\">A PESAR DE TODO RE\u00cdMOS.- Muy afligidos se encontraban estos adultos mayores, tras la larga espera que les toca sortear cada vez que les corresponde retiro de su pensi\u00f3n, pero a\u00fan as\u00ed, y a pesar de las grandes adversidades que les toca pasar a muchos de nuestros abuelitos, siempre queda energ\u00eda para esbozar una bella sonrisa.<\/figcaption><\/figure>\n<figure id=\"attachment_72005\" aria-describedby=\"caption-attachment-72005\" style=\"width: 530px\" class=\"wp-caption alignnone\"><img data-recalc-dims=\"1\" loading=\"lazy\" decoding=\"async\" class=\"wp-image-72005 size-full\" src=\"https:\/\/i0.wp.com\/www.eltrabajo.cl\/portal\/wp-content\/uploads\/2016\/07\/AGLOMERACIONES02.jpg?resize=530%2C350\" alt=\"Aglomeraci\u00f3n de adultos mayores en Servipag ubicado al interior de Santa Isabel de Yungay.\" width=\"530\" height=\"350\" srcset=\"https:\/\/i0.wp.com\/eltrabajo.cl\/portal\/wp-content\/uploads\/2016\/07\/AGLOMERACIONES02.jpg?w=530&amp;ssl=1 530w, https:\/\/i0.wp.com\/eltrabajo.cl\/portal\/wp-content\/uploads\/2016\/07\/AGLOMERACIONES02.jpg?resize=200%2C132&amp;ssl=1 200w, https:\/\/i0.wp.com\/eltrabajo.cl\/portal\/wp-content\/uploads\/2016\/07\/AGLOMERACIONES02.jpg?resize=300%2C198&amp;ssl=1 300w, https:\/\/i0.wp.com\/eltrabajo.cl\/portal\/wp-content\/uploads\/2016\/07\/AGLOMERACIONES02.jpg?resize=227%2C150&amp;ssl=1 227w, https:\/\/i0.wp.com\/eltrabajo.cl\/portal\/wp-content\/uploads\/2016\/07\/AGLOMERACIONES02.jpg?resize=400%2C264&amp;ssl=1 400w\" sizes=\"auto, (max-width: 530px) 100vw, 530px\" \/><figcaption id=\"caption-attachment-72005\" class=\"wp-caption-text\">Aglomeraci\u00f3n de adultos mayores en Servipag ubicado al interior de Santa Isabel de Yungay.<\/figcaption><\/figure>\n<figure id=\"attachment_72007\" aria-describedby=\"caption-attachment-72007\" style=\"width: 300px\" class=\"wp-caption aligncenter\"><img data-recalc-dims=\"1\" loading=\"lazy\" decoding=\"async\" class=\"wp-image-72007 size-medium\" src=\"https:\/\/i0.wp.com\/www.eltrabajo.cl\/portal\/wp-content\/uploads\/2016\/07\/guillermina-garrido-300x197.jpg?resize=300%2C197\" alt=\"Guillermina Garrido, vecina de la Calle Brasil, de Putaendo.\" width=\"300\" height=\"197\" srcset=\"https:\/\/i0.wp.com\/eltrabajo.cl\/portal\/wp-content\/uploads\/2016\/07\/guillermina-garrido.jpg?resize=300%2C197&amp;ssl=1 300w, https:\/\/i0.wp.com\/eltrabajo.cl\/portal\/wp-content\/uploads\/2016\/07\/guillermina-garrido.jpg?resize=200%2C131&amp;ssl=1 200w, https:\/\/i0.wp.com\/eltrabajo.cl\/portal\/wp-content\/uploads\/2016\/07\/guillermina-garrido.jpg?resize=228%2C150&amp;ssl=1 228w, https:\/\/i0.wp.com\/eltrabajo.cl\/portal\/wp-content\/uploads\/2016\/07\/guillermina-garrido.jpg?resize=400%2C263&amp;ssl=1 400w, https:\/\/i0.wp.com\/eltrabajo.cl\/portal\/wp-content\/uploads\/2016\/07\/guillermina-garrido.jpg?w=530&amp;ssl=1 530w\" sizes=\"auto, (max-width: 300px) 100vw, 300px\" \/><figcaption id=\"caption-attachment-72007\" class=\"wp-caption-text\">Guillermina Garrido, vecina de la Calle Brasil, de Putaendo.<\/figcaption><\/figure>\n<figure id=\"attachment_72008\" aria-describedby=\"caption-attachment-72008\" style=\"width: 300px\" class=\"wp-caption aligncenter\"><img data-recalc-dims=\"1\" loading=\"lazy\" decoding=\"async\" class=\"wp-image-72008 size-medium\" src=\"https:\/\/i0.wp.com\/www.eltrabajo.cl\/portal\/wp-content\/uploads\/2016\/07\/maria-montegro-300x197.jpg?resize=300%2C197\" alt=\"Mar\u00eda Montenegro, vecina de San Felipe, encargada de cobrar la jubilaci\u00f3n de su padre de 83 a\u00f1os.\" width=\"300\" height=\"197\" srcset=\"https:\/\/i0.wp.com\/eltrabajo.cl\/portal\/wp-content\/uploads\/2016\/07\/maria-montegro.jpg?resize=300%2C197&amp;ssl=1 300w, https:\/\/i0.wp.com\/eltrabajo.cl\/portal\/wp-content\/uploads\/2016\/07\/maria-montegro.jpg?resize=200%2C131&amp;ssl=1 200w, https:\/\/i0.wp.com\/eltrabajo.cl\/portal\/wp-content\/uploads\/2016\/07\/maria-montegro.jpg?resize=228%2C150&amp;ssl=1 228w, https:\/\/i0.wp.com\/eltrabajo.cl\/portal\/wp-content\/uploads\/2016\/07\/maria-montegro.jpg?resize=400%2C263&amp;ssl=1 400w, https:\/\/i0.wp.com\/eltrabajo.cl\/portal\/wp-content\/uploads\/2016\/07\/maria-montegro.jpg?w=530&amp;ssl=1 530w\" sizes=\"auto, (max-width: 300px) 100vw, 300px\" \/><figcaption id=\"caption-attachment-72008\" class=\"wp-caption-text\">Mar\u00eda Montenegro, vecina de San Felipe, encargada de cobrar la jubilaci\u00f3n de su padre de 83 a\u00f1os.<\/figcaption><\/figure>\n<figure id=\"attachment_72006\" aria-describedby=\"caption-attachment-72006\" style=\"width: 300px\" class=\"wp-caption aligncenter\"><img data-recalc-dims=\"1\" loading=\"lazy\" decoding=\"async\" class=\"wp-image-72006 size-medium\" src=\"https:\/\/i0.wp.com\/www.eltrabajo.cl\/portal\/wp-content\/uploads\/2016\/07\/alejandra-acompana-a-su-padre-300x197.jpg?resize=300%2C197\" alt=\"Alejandra, acompa\u00f1a a su padre todos los meses a cobrar su pensi\u00f3n, porque asegura hay gente que no respeta el orden de la fila.\" width=\"300\" height=\"197\" srcset=\"https:\/\/i0.wp.com\/eltrabajo.cl\/portal\/wp-content\/uploads\/2016\/07\/alejandra-acompana-a-su-padre.jpg?resize=300%2C197&amp;ssl=1 300w, https:\/\/i0.wp.com\/eltrabajo.cl\/portal\/wp-content\/uploads\/2016\/07\/alejandra-acompana-a-su-padre.jpg?resize=200%2C131&amp;ssl=1 200w, https:\/\/i0.wp.com\/eltrabajo.cl\/portal\/wp-content\/uploads\/2016\/07\/alejandra-acompana-a-su-padre.jpg?resize=228%2C150&amp;ssl=1 228w, https:\/\/i0.wp.com\/eltrabajo.cl\/portal\/wp-content\/uploads\/2016\/07\/alejandra-acompana-a-su-padre.jpg?resize=400%2C263&amp;ssl=1 400w, https:\/\/i0.wp.com\/eltrabajo.cl\/portal\/wp-content\/uploads\/2016\/07\/alejandra-acompana-a-su-padre.jpg?w=530&amp;ssl=1 530w\" sizes=\"auto, (max-width: 300px) 100vw, 300px\" \/><figcaption id=\"caption-attachment-72006\" class=\"wp-caption-text\">Alejandra, acompa\u00f1a a su padre todos los meses a cobrar su pensi\u00f3n, porque asegura hay gente que no respeta el orden de la fila.<\/figcaption><\/figure>\n","protected":false},"excerpt":{"rendered":"<p>Usuarios de la tercera edad se quejan de la lentitud del sistema y adem\u00e1s de la inexistencia de una persona que resguarde la integridad de las personas y el respeto por el&#8230;<\/p>\n","protected":false},"author":482,"featured_media":72002,"comment_status":"open","ping_status":"open","sticky":false,"template":"","format":"standard","meta":{"advanced_seo_description":"","jetpack_seo_html_title":"","jetpack_seo_noindex":false,"_jetpack_memberships_contains_paid_content":false,"footnotes":""},"categories":[1],"tags":[],"class_list":["post-72001","post","type-post","status-publish","format-standard","has-post-thumbnail","hentry","category-cronica"],"jetpack_featured_media_url":"https:\/\/i0.wp.com\/eltrabajo.cl\/portal\/wp-content\/uploads\/2016\/07\/AGLOMERACIONES-03.jpg?fit=530%2C349&ssl=1","jetpack_sharing_enabled":true,"jetpack_likes_enabled":true,"jetpack-related-posts":[],"_links":{"self":[{"href":"https:\/\/eltrabajo.cl\/portal\/wp-json\/wp\/v2\/posts\/72001","targetHints":{"allow":["GET"]}}],"collection":[{"href":"https:\/\/eltrabajo.cl\/portal\/wp-json\/wp\/v2\/posts"}],"about":[{"href":"https:\/\/eltrabajo.cl\/portal\/wp-json\/wp\/v2\/types\/post"}],"author":[{"embeddable":true,"href":"https:\/\/eltrabajo.cl\/portal\/wp-json\/wp\/v2\/users\/482"}],"replies":[{"embeddable":true,"href":"https:\/\/eltrabajo.cl\/portal\/wp-json\/wp\/v2\/comments?post=72001"}],"version-history":[{"count":0,"href":"https:\/\/eltrabajo.cl\/portal\/wp-json\/wp\/v2\/posts\/72001\/revisions"}],"wp:featuredmedia":[{"embeddable":true,"href":"https:\/\/eltrabajo.cl\/portal\/wp-json\/wp\/v2\/media\/72002"}],"wp:attachment":[{"href":"https:\/\/eltrabajo.cl\/portal\/wp-json\/wp\/v2\/media?parent=72001"}],"wp:term":[{"taxonomy":"category","embeddable":true,"href":"https:\/\/eltrabajo.cl\/portal\/wp-json\/wp\/v2\/categories?post=72001"},{"taxonomy":"post_tag","embeddable":true,"href":"https:\/\/eltrabajo.cl\/portal\/wp-json\/wp\/v2\/tags?post=72001"}],"curies":[{"name":"wp","href":"https:\/\/api.w.org\/{rel}","templated":true}]}}