{"id":72016,"date":"2016-07-22T10:03:51","date_gmt":"2016-07-22T14:03:51","guid":{"rendered":"http:\/\/www.eltrabajo.cl\/portal\/?p=72016"},"modified":"2016-07-22T10:03:51","modified_gmt":"2016-07-22T14:03:51","slug":"perro-guardian-salvo-a-comerciante-de-ser-asaltada-por-delincuentes-en-su-minimarket","status":"publish","type":"post","link":"https:\/\/eltrabajo.cl\/portal\/perro-guardian-salvo-a-comerciante-de-ser-asaltada-por-delincuentes-en-su-minimarket\/","title":{"rendered":"Perro guardi\u00e1n salv\u00f3 a comerciante de ser asaltada por delincuentes en su minimarket"},"content":{"rendered":"<figure id=\"attachment_72017\" aria-describedby=\"caption-attachment-72017\" style=\"width: 300px\" class=\"wp-caption alignleft\"><img data-recalc-dims=\"1\" loading=\"lazy\" decoding=\"async\" class=\"wp-image-72017 size-medium\" src=\"https:\/\/i0.wp.com\/www.eltrabajo.cl\/portal\/wp-content\/uploads\/2016\/07\/Perro_guardian-300x198.jpg?resize=300%2C198\" alt=\"La v\u00edctima logr\u00f3 frustrar el robo luego de soltar a su perro guardi\u00e1n, quien mordi\u00f3 a uno de los sujetos que decidieron escapar. (Foto Referencial).\" width=\"300\" height=\"198\" srcset=\"https:\/\/i0.wp.com\/eltrabajo.cl\/portal\/wp-content\/uploads\/2016\/07\/Perro_guardian.jpg?resize=300%2C198&amp;ssl=1 300w, https:\/\/i0.wp.com\/eltrabajo.cl\/portal\/wp-content\/uploads\/2016\/07\/Perro_guardian.jpg?resize=200%2C132&amp;ssl=1 200w, https:\/\/i0.wp.com\/eltrabajo.cl\/portal\/wp-content\/uploads\/2016\/07\/Perro_guardian.jpg?resize=227%2C150&amp;ssl=1 227w, https:\/\/i0.wp.com\/eltrabajo.cl\/portal\/wp-content\/uploads\/2016\/07\/Perro_guardian.jpg?resize=400%2C264&amp;ssl=1 400w, https:\/\/i0.wp.com\/eltrabajo.cl\/portal\/wp-content\/uploads\/2016\/07\/Perro_guardian.jpg?w=530&amp;ssl=1 530w\" sizes=\"auto, (max-width: 300px) 100vw, 300px\" \/><figcaption id=\"caption-attachment-72017\" class=\"wp-caption-text\">La v\u00edctima logr\u00f3 frustrar el robo luego de soltar a su perro guardi\u00e1n, quien mordi\u00f3 a uno de los sujetos que decidieron escapar. (Foto Referencial).<\/figcaption><\/figure>\n<p>Mascota mordi\u00f3 a uno de los delincuentes, quienes huyeron del lugar sin llevarse nada consigo. No obstante uno de ellos que se encontraba a rostro descubierto, fue sometido a juicio en Tribunales.<br \/>\nLa Fiscal\u00eda de San Felipe someti\u00f3 a juicio a Rodrigo Gonz\u00e1lez Gonz\u00e1lez, acusado de su participaci\u00f3n en un robo junto a otros dos sujetos encapuchados que asaltaron con un arma de fuego a una comerciante en su minimarket, sin embargo gracias a la oportuna intervenci\u00f3n del perro guardi\u00e1n de propiedad de la afectada, que mordi\u00f3 a uno de los sujetos, el delito se frustr\u00f3 luego que los malhechores decidieran escapar.<br \/>\nEl Fiscal a cargo del caso Rodrigo Zapata Cuellar, acredit\u00f3 ante el Tribunal Oral en Lo Penal de San Felipe, que el d\u00eda 29 de septiembre de 2015, tres antisociales irrumpieron a eso de las 20:00 horas en un minimarket de la comuna de Llay Llay, dos de ellos encapuchados y premunidos con un arma de fuego.<br \/>\nSeg\u00fan los testimonios vertidos en juicio, al momento que la mujer comerciante fue intimidada con el arma de fuego, la v\u00edctima se refugi\u00f3 tras unas vitrinas, decidiendo soltar su mascota, quien en definitiva la salv\u00f3 de ser asaltada mordiendo a uno de los sujetos, quienes deciden huir.<br \/>\nLa investigaci\u00f3n arroj\u00f3 que Gonz\u00e1lez habr\u00eda actuado como c\u00f3mplice de los hechos, ubic\u00e1ndose en el acceso principal del local comercial, quien habr\u00eda dado las se\u00f1ales para perpetrar el asalto que realizar\u00edan los otros dos individuos encapuchados, hecho que le vali\u00f3 la detenci\u00f3n por Carabineros, mientras que los otros individuos nunca lograron ser individualizados.<br \/>\nEl persecutor del Ministerio P\u00fablico destac\u00f3 que pese a que se llev\u00f3 a juicio a un imputado, se logr\u00f3 establecer su participaci\u00f3n en este il\u00edcito, siendo condenado a la pena de tres a\u00f1os de presidio, pero beneficiado con libertad vigilada, seg\u00fan la decisi\u00f3n del Tribunal Oral.<br \/>\n\u201cLa v\u00edctima al refugiarse solt\u00f3 a su perro y mordi\u00f3 a uno de ellos y huyen. Aqu\u00ed el imputado supuestamente se hace pasar como un cliente que ingresar\u00eda a comprar, pero hay testigos que indican que le hizo se\u00f1ales a los otros dos para que entren y para que salgan, entonces s\u00ed tiene participaci\u00f3n en el delito. El tribunal lo conden\u00f3 b\u00e1sicamente por la declaraci\u00f3n de la v\u00edctima y testigos del lugar.<br \/>\n\u201cAl sentenciado, al no contar con condenas anteriores, le aplic\u00f3 una pena de tres a\u00f1os de presidio menor en su grado medio, con el beneficio de remisi\u00f3n condicional de la pena, es decir libertad vigilada por Gendarmer\u00eda\u201d, afirm\u00f3 el Fiscal Rodrigo Zapata.<br \/>\n<strong>Pablo Salinas Sald\u00edas<\/strong><\/p>\n","protected":false},"excerpt":{"rendered":"<p>Mascota mordi\u00f3 a uno de los delincuentes, quienes huyeron del lugar sin llevarse nada consigo. No obstante uno de ellos que se encontraba a rostro descubierto, fue sometido a juicio en Tribunales&#8230;.<\/p>\n","protected":false},"author":482,"featured_media":72017,"comment_status":"open","ping_status":"open","sticky":false,"template":"","format":"standard","meta":{"advanced_seo_description":"","jetpack_seo_html_title":"","jetpack_seo_noindex":false,"_jetpack_memberships_contains_paid_content":false,"footnotes":""},"categories":[21],"tags":[],"class_list":["post-72016","post","type-post","status-publish","format-standard","has-post-thumbnail","hentry","category-policial"],"jetpack_featured_media_url":"https:\/\/i0.wp.com\/eltrabajo.cl\/portal\/wp-content\/uploads\/2016\/07\/Perro_guardian.jpg?fit=530%2C350&ssl=1","jetpack_sharing_enabled":true,"jetpack_likes_enabled":true,"jetpack-related-posts":[],"_links":{"self":[{"href":"https:\/\/eltrabajo.cl\/portal\/wp-json\/wp\/v2\/posts\/72016","targetHints":{"allow":["GET"]}}],"collection":[{"href":"https:\/\/eltrabajo.cl\/portal\/wp-json\/wp\/v2\/posts"}],"about":[{"href":"https:\/\/eltrabajo.cl\/portal\/wp-json\/wp\/v2\/types\/post"}],"author":[{"embeddable":true,"href":"https:\/\/eltrabajo.cl\/portal\/wp-json\/wp\/v2\/users\/482"}],"replies":[{"embeddable":true,"href":"https:\/\/eltrabajo.cl\/portal\/wp-json\/wp\/v2\/comments?post=72016"}],"version-history":[{"count":0,"href":"https:\/\/eltrabajo.cl\/portal\/wp-json\/wp\/v2\/posts\/72016\/revisions"}],"wp:featuredmedia":[{"embeddable":true,"href":"https:\/\/eltrabajo.cl\/portal\/wp-json\/wp\/v2\/media\/72017"}],"wp:attachment":[{"href":"https:\/\/eltrabajo.cl\/portal\/wp-json\/wp\/v2\/media?parent=72016"}],"wp:term":[{"taxonomy":"category","embeddable":true,"href":"https:\/\/eltrabajo.cl\/portal\/wp-json\/wp\/v2\/categories?post=72016"},{"taxonomy":"post_tag","embeddable":true,"href":"https:\/\/eltrabajo.cl\/portal\/wp-json\/wp\/v2\/tags?post=72016"}],"curies":[{"name":"wp","href":"https:\/\/api.w.org\/{rel}","templated":true}]}}