{"id":72019,"date":"2016-07-22T10:05:35","date_gmt":"2016-07-22T14:05:35","guid":{"rendered":"http:\/\/www.eltrabajo.cl\/portal\/?p=72019"},"modified":"2016-07-22T10:05:35","modified_gmt":"2016-07-22T14:05:35","slug":"mas-de-1300-alumnos-en-aconcagua-podran-acceder-a-la-educacion-superior-a-traves-del-pace","status":"publish","type":"post","link":"https:\/\/eltrabajo.cl\/portal\/mas-de-1300-alumnos-en-aconcagua-podran-acceder-a-la-educacion-superior-a-traves-del-pace\/","title":{"rendered":"M\u00e1s de 1300 alumnos en Aconcagua podr\u00e1n acceder a la Educaci\u00f3n Superior a trav\u00e9s del Pace"},"content":{"rendered":"<ul>\n<li><strong>Los establecimientos adscritos a esta alternativa de ingreso a la Universidad en el Valle de Aconcagua son: Liceo T\u00e9cnico Amancay de Los Andes, Liceo San Esteban, Liceo Pedro Aguirre Cerda de Calle Larga, Liceo Parroquial Santa Teresa en Rinconada, Liceo Dar\u00edo Salas en Santa Mar\u00eda, Liceo Manuel Mar\u00edn Fritis de Putaendo, Colegio Panquehue, Liceo Fernando Silva Castell\u00f3n de Catemu, Liceo Polit\u00e9cnico de Llay-Llay y en San Felipe los Liceos Corina Urbina y Dr. Roberto Humeres.<\/strong><\/li>\n<\/ul>\n<p>El seremi de Educaci\u00f3n de la Regi\u00f3n de Valpara\u00edso Alejandro Tapia, junto al gobernador de la Provincia de San Felipe Eduardo Le\u00f3n y diversas autoridades de la Educaci\u00f3n Superior del Valle de Aconcagua, dieron a conocer la oferta que tendr\u00e1 el Programa de Acompa\u00f1amiento y Acceso Efectivo a la Educaci\u00f3n Superior, Pace, el cual, beneficiar\u00e1 a 1369 estudiantes que hoy cursan 3\u00b0 y 4\u00b0 medio en 11 establecimientos educacionales del Valle de Aconcagua<br \/>\nEl Pace es una iniciativa que busca restituir el derecho a la Educaci\u00f3n Superior a estudiantes de sectores vulnerables, garantiz\u00e1ndoles un cupo, adem\u00e1s de la titulaci\u00f3n de los alumnos y alumnas. Es un programa que no selecciona, sino que, brinda la oportunidad a todos los estudiantes de tercero y cuarto medio de establecimientos p\u00fablicos adscritos al Pace, de llegar a la Universidad cumpliendo los siguientes requisitos: Terminar dentro del 15 % de mejor rendimiento del establecimiento \u00f3 tener Puntaje Ranking equivalente a 705 puntos (promedio nacional para el proceso de admisi\u00f3n Pace 2017), aprobar todas las actividades Pace programadas en el establecimiento, tener sobre 85% de asistencia, haber cursado 3\u00b0 y 4\u00b0 medio en un Liceo Pace y rendir PSU de Lenguaje y Matem\u00e1ticas, sin considerar el puntaje obtenido.<br \/>\nEl seremi Alejandro Tapia declar\u00f3 que en Aconcagua, la cobertura es deal menos un Liceo Pace por comuna, transformando en realidad una de las tantas alternativas que el Gobierno de la presidenta Michelle Bachelet ha dispuesto con el fin de democratizar el desarrollo de alumnos talentosos.<br \/>\n\u00abEl Pace como toda la Reforma, lo que hace es instalar oportunidades en los diferentes estamentos del sistema educativo. En este caso la educaci\u00f3n media, lo que se realiza es acompa\u00f1ar a los alumnos desde que ingresan al liceo hasta que egresan de \u00e9l, se\u00f1al\u00e1ndole un camino y complementando habilidades para que pueda, no s\u00f3lo hacerse la idea del ingreso a una Universidad o Instituto, sino que, asuman que eso es posible y que depende m\u00e1s de ellos que de otras circunstancias, alcanzar esta meta\u00bb, puntualiz\u00f3 el Seremi.<br \/>\nPrecisamente, en el marco de la oferta que tienen las instituciones de Educaci\u00f3n Superior en el Valle de Aconcagua, Patricio Ib\u00e1\u00f1ez Le\u00f3n, vicerrector del campus San Felipe de la Universidad de Playa Ancha, Upla, destac\u00f3 que \u00abhoy la Upla est\u00e1 trabajando con 13 establecimientos educacionales, pero adem\u00e1s ac\u00e1 en el Campus San Felipe, nuestras 7 pedagog\u00edas, adem\u00e1s de Ingenier\u00eda en Inform\u00e1tica, est\u00e1n abiertas a este programa, por lo tanto se transforma en una tremenda oportunidad para los estudiantes de la zona\u00bb, afirm\u00f3<br \/>\nSeg\u00fan Ib\u00e1\u00f1ez, el Pace adquiri\u00f3 una tremenda relevancia para esta Casa de Estudios, puesto que, un 80% de los estudiantes que ingresan a la Upla, provienen de establecimientos municipalizados o de particulares subvencionados.<br \/>\nA su vez, Mar\u00eda Ang\u00e9lica Colvin, directora del campus San Felipe de la Universidad de Valpara\u00edso, UV, describi\u00f3 que \u00aben la UV se imparten 46 carreras distintas, 5 de ellas ac\u00e1 en la zona y nosotros esperamos, a\u00fan no tenemos los cupos definidos, pero queremos que cada carrera otorgue a lo menos un cupo en cada una de ellas\u00bb, advirti\u00f3.<br \/>\nRespecto de c\u00f3mo se ha evaluado el desempe\u00f1o de los estudiantes que ingresan a esta Universidad a trav\u00e9s del Pace, Colvin agreg\u00f3 que \u00abel a\u00f1o pasado se realiz\u00f3 una evaluaci\u00f3n a alumnos de segundo y tercer a\u00f1o de la carrera de medicina, que hab\u00edan ingresado tanto por Proped\u00e9utico como por Pace y la verdad es que el rendimiento de dichos estudiantes se nivela al segundo a\u00f1o con el resto de los estudiantes, lo que nos dej\u00f3 muy contentos porque nos dimos cuentas que, pese a los detractores, estos alumnos tienen los mismos \u00e9xitos y fracasos que el resto\u00bb, sentenci\u00f3.<br \/>\nEl gobernador de la provincia de San Felipe, Eduardo Le\u00f3n, valor\u00f3 que el programa entregue otra v\u00eda de ingreso a la Universidad y genere la posibilidad de potenciar el talento de todos los alumnos, argumentando que \u00abel Pace tiene como objetivo facilitar el acceso a ni\u00f1os y ni\u00f1as con talento a la Universidad, hay que recordar que se genera a partir de una propuesta de la Unesco, que es el Proped\u00e9utico, cuya filosof\u00eda es que el talento est\u00e1 equitativamente distribuido \u00e9tnicamente, socialmente y geogr\u00e1ficamente\u00bb, enfatiz\u00f3.<br \/>\nLos establecimientos adscritos al Pace en el Valle de Aconcagua son: Liceo T\u00e9cnico Amancay de Los Andes, Liceo San Esteban, Liceo Pedro Aguirre Cerda de Calle Larga, Liceo Parroquial Santa Teresa en Rinconada, Liceo Dar\u00edo Salas en Santa Mar\u00eda, Liceo Manuel Mar\u00edn Fritis de Putaendo, Colegio Panquehue, Liceo Fernando Silva Castell\u00f3n de Catemu, Liceo Polit\u00e9cnico de Llay-Llay y en San Felipe Los Liceos Corina Urbina y Dr. Roberto Humeres.<\/p>\n<figure id=\"attachment_72020\" aria-describedby=\"caption-attachment-72020\" style=\"width: 530px\" class=\"wp-caption alignnone\"><img data-recalc-dims=\"1\" loading=\"lazy\" decoding=\"async\" class=\"wp-image-72020 size-full\" src=\"https:\/\/i0.wp.com\/www.eltrabajo.cl\/portal\/wp-content\/uploads\/2016\/07\/FOTO-1-Autoridades-anunciaron-oferta-del-PACE.jpg?resize=530%2C350\" alt=\"Autoridades anunciaron oferta del Pace, que beneficiar\u00e1 a 1369 alumnos de distintos colegios p\u00fablicos de San Felipe y Los Andes.\" width=\"530\" height=\"350\" srcset=\"https:\/\/i0.wp.com\/eltrabajo.cl\/portal\/wp-content\/uploads\/2016\/07\/FOTO-1-Autoridades-anunciaron-oferta-del-PACE.jpg?w=530&amp;ssl=1 530w, https:\/\/i0.wp.com\/eltrabajo.cl\/portal\/wp-content\/uploads\/2016\/07\/FOTO-1-Autoridades-anunciaron-oferta-del-PACE.jpg?resize=200%2C132&amp;ssl=1 200w, https:\/\/i0.wp.com\/eltrabajo.cl\/portal\/wp-content\/uploads\/2016\/07\/FOTO-1-Autoridades-anunciaron-oferta-del-PACE.jpg?resize=300%2C198&amp;ssl=1 300w, https:\/\/i0.wp.com\/eltrabajo.cl\/portal\/wp-content\/uploads\/2016\/07\/FOTO-1-Autoridades-anunciaron-oferta-del-PACE.jpg?resize=227%2C150&amp;ssl=1 227w, https:\/\/i0.wp.com\/eltrabajo.cl\/portal\/wp-content\/uploads\/2016\/07\/FOTO-1-Autoridades-anunciaron-oferta-del-PACE.jpg?resize=400%2C264&amp;ssl=1 400w\" sizes=\"auto, (max-width: 530px) 100vw, 530px\" \/><figcaption id=\"caption-attachment-72020\" class=\"wp-caption-text\">Autoridades anunciaron oferta del Pace, que beneficiar\u00e1 a 1369 alumnos de distintos colegios p\u00fablicos de San Felipe y Los Andes.<\/figcaption><\/figure>\n","protected":false},"excerpt":{"rendered":"<p>Los establecimientos adscritos a esta alternativa de ingreso a la Universidad en el Valle de Aconcagua son: Liceo T\u00e9cnico Amancay de Los Andes, Liceo San Esteban, Liceo Pedro Aguirre Cerda de Calle&#8230;<\/p>\n","protected":false},"author":482,"featured_media":72020,"comment_status":"open","ping_status":"open","sticky":false,"template":"","format":"standard","meta":{"advanced_seo_description":"","jetpack_seo_html_title":"","jetpack_seo_noindex":false,"_jetpack_memberships_contains_paid_content":false,"footnotes":""},"categories":[1],"tags":[],"class_list":["post-72019","post","type-post","status-publish","format-standard","has-post-thumbnail","hentry","category-cronica"],"jetpack_featured_media_url":"https:\/\/i0.wp.com\/eltrabajo.cl\/portal\/wp-content\/uploads\/2016\/07\/FOTO-1-Autoridades-anunciaron-oferta-del-PACE.jpg?fit=530%2C350&ssl=1","jetpack_sharing_enabled":true,"jetpack_likes_enabled":true,"jetpack-related-posts":[],"_links":{"self":[{"href":"https:\/\/eltrabajo.cl\/portal\/wp-json\/wp\/v2\/posts\/72019","targetHints":{"allow":["GET"]}}],"collection":[{"href":"https:\/\/eltrabajo.cl\/portal\/wp-json\/wp\/v2\/posts"}],"about":[{"href":"https:\/\/eltrabajo.cl\/portal\/wp-json\/wp\/v2\/types\/post"}],"author":[{"embeddable":true,"href":"https:\/\/eltrabajo.cl\/portal\/wp-json\/wp\/v2\/users\/482"}],"replies":[{"embeddable":true,"href":"https:\/\/eltrabajo.cl\/portal\/wp-json\/wp\/v2\/comments?post=72019"}],"version-history":[{"count":0,"href":"https:\/\/eltrabajo.cl\/portal\/wp-json\/wp\/v2\/posts\/72019\/revisions"}],"wp:featuredmedia":[{"embeddable":true,"href":"https:\/\/eltrabajo.cl\/portal\/wp-json\/wp\/v2\/media\/72020"}],"wp:attachment":[{"href":"https:\/\/eltrabajo.cl\/portal\/wp-json\/wp\/v2\/media?parent=72019"}],"wp:term":[{"taxonomy":"category","embeddable":true,"href":"https:\/\/eltrabajo.cl\/portal\/wp-json\/wp\/v2\/categories?post=72019"},{"taxonomy":"post_tag","embeddable":true,"href":"https:\/\/eltrabajo.cl\/portal\/wp-json\/wp\/v2\/tags?post=72019"}],"curies":[{"name":"wp","href":"https:\/\/api.w.org\/{rel}","templated":true}]}}