{"id":72025,"date":"2016-07-22T10:09:28","date_gmt":"2016-07-22T14:09:28","guid":{"rendered":"http:\/\/www.eltrabajo.cl\/portal\/?p=72025"},"modified":"2016-07-22T10:09:28","modified_gmt":"2016-07-22T14:09:28","slug":"este-sabado-se-realizara-el-el-cabildo-provincial-en-el-liceo-politecnico","status":"publish","type":"post","link":"https:\/\/eltrabajo.cl\/portal\/este-sabado-se-realizara-el-el-cabildo-provincial-en-el-liceo-politecnico\/","title":{"rendered":"Este s\u00e1bado se realizar\u00e1 el el Cabildo Provincial en el Liceo Polit\u00e9cnico"},"content":{"rendered":"<ul>\n<li><strong>La m\u00e1xima autoridad de la Provincia asisti\u00f3 con Claudio G\u00f3mez, del equipo de facilitadores, Carabineros y Samu, verificando el estado del Liceo Roberto Humeres.<\/strong><\/li>\n<\/ul>\n<p>Hasta las dependencias del Liceo Roberto Humeres lleg\u00f3 el gobernador Eduardo Le\u00f3n, junto a Claudio G\u00f3mez, facilitador del Proceso Constituyente en la Provincia, personal de Carabineros, de Samu y directivos del establecimiento para revisar el recinto que este s\u00e1bado albergar\u00e1 el Cabildo Provincial.<br \/>\nEsta iniciativa, es una reuni\u00f3n p\u00fablica y abierta a los ciudadanos mayores de 14 a\u00f1os, que se realizar\u00e1 en todas las capitales provinciales a lo largo del pa\u00eds, donde se discutir\u00e1 sobre los valores, principios, derechos, deberes, responsabilidades e instituciones del Estado que debiera contemplar la Constituci\u00f3n, teniendo como punto de partida la s\u00edntesis de la etapa local, tanto de la participaci\u00f3n individual como de los encuentros locales.<br \/>\nEn la ocasi\u00f3n, la m\u00e1xima autoridad provincial verific\u00f3 el perfecto estado de las instalaciones donde aprovech\u00f3 de invitar a la comunidad a participar de este hist\u00f3rico proceso. \u201cInvitamos a las vecinas y vecinos de todas las comunas de la Provincia a participar de este Cabildo. Junto a los facilitadores hemos coordinado la ejecuci\u00f3n de esta actividad, ya que ellos tienen el rol de dirigir esta iniciativa y nosotros estamos para apoyarlos. Es la primera vez en la historia, quiz\u00e1, que una constituci\u00f3n se desarrolla en un proceso tan participativo. Es un compromiso de la presidenta Bachelet que se est\u00e1 cumpliendo\u201d enfatiz\u00f3 Le\u00f3n.<br \/>\nEl Cabildo iniciar\u00e1 a las 14:00 horas y las inscripciones se realizan a trav\u00e9s de la p\u00e1gina web www.una constitucionparachile.cl o, en su defecto, en el mismo establecimiento durante la actividad.<br \/>\nPor otro lado, Claudio G\u00f3mez, abogado y especialista en el proceso constituyente en la Provincia de San Felipe, destac\u00f3 que \u201cel cabildo tiene por objeto sistematizar e integrar toda las informaci\u00f3n que se haya recopilado tanto en las encuestas individuales y como en los Encuentros Locales\u201d se\u00f1al\u00f3.<br \/>\nAsimismo, afirmaron que no es necesario haber participado en un Encuentro Local Autoconvocado (ELA) con anticipaci\u00f3n para poder asistir al Cabildo de este s\u00e1bado.<br \/>\nFinalmente, durante la realizaci\u00f3n de esta actividad, estar\u00e1n destinados varios servicios p\u00fablicos y de seguridad para garantizar su normal desarrollo.<\/p>\n<figure id=\"attachment_72026\" aria-describedby=\"caption-attachment-72026\" style=\"width: 530px\" class=\"wp-caption alignnone\"><img data-recalc-dims=\"1\" loading=\"lazy\" decoding=\"async\" class=\"wp-image-72026 size-full\" src=\"https:\/\/i0.wp.com\/www.eltrabajo.cl\/portal\/wp-content\/uploads\/2016\/07\/CAPTURA.jpg?resize=530%2C349\" alt=\"La m\u00e1xima autoridad de la Provincia asisti\u00f3 con Claudio G\u00f3mez, del equipo de facilitadores, Carabineros y Samu, verificando el estado del Liceo Roberto Humeres.\" width=\"530\" height=\"349\" srcset=\"https:\/\/i0.wp.com\/eltrabajo.cl\/portal\/wp-content\/uploads\/2016\/07\/CAPTURA.jpg?w=530&amp;ssl=1 530w, https:\/\/i0.wp.com\/eltrabajo.cl\/portal\/wp-content\/uploads\/2016\/07\/CAPTURA.jpg?resize=200%2C132&amp;ssl=1 200w, https:\/\/i0.wp.com\/eltrabajo.cl\/portal\/wp-content\/uploads\/2016\/07\/CAPTURA.jpg?resize=300%2C198&amp;ssl=1 300w, https:\/\/i0.wp.com\/eltrabajo.cl\/portal\/wp-content\/uploads\/2016\/07\/CAPTURA.jpg?resize=228%2C150&amp;ssl=1 228w, https:\/\/i0.wp.com\/eltrabajo.cl\/portal\/wp-content\/uploads\/2016\/07\/CAPTURA.jpg?resize=400%2C263&amp;ssl=1 400w\" sizes=\"auto, (max-width: 530px) 100vw, 530px\" \/><figcaption id=\"caption-attachment-72026\" class=\"wp-caption-text\">La m\u00e1xima autoridad de la Provincia asisti\u00f3 con Claudio G\u00f3mez, del equipo de facilitadores, Carabineros y Samu, verificando el estado del Liceo Roberto Humeres.<\/figcaption><\/figure>\n","protected":false},"excerpt":{"rendered":"<p>La m\u00e1xima autoridad de la Provincia asisti\u00f3 con Claudio G\u00f3mez, del equipo de facilitadores, Carabineros y Samu, verificando el estado del Liceo Roberto Humeres. Hasta las dependencias del Liceo Roberto Humeres lleg\u00f3&#8230;<\/p>\n","protected":false},"author":482,"featured_media":72026,"comment_status":"open","ping_status":"open","sticky":false,"template":"","format":"standard","meta":{"advanced_seo_description":"","jetpack_seo_html_title":"","jetpack_seo_noindex":false,"_jetpack_memberships_contains_paid_content":false,"footnotes":""},"categories":[20],"tags":[],"class_list":["post-72025","post","type-post","status-publish","format-standard","has-post-thumbnail","hentry","category-arte-y-cultura"],"jetpack_featured_media_url":"https:\/\/i0.wp.com\/eltrabajo.cl\/portal\/wp-content\/uploads\/2016\/07\/CAPTURA.jpg?fit=530%2C349&ssl=1","jetpack_sharing_enabled":true,"jetpack_likes_enabled":true,"jetpack-related-posts":[],"_links":{"self":[{"href":"https:\/\/eltrabajo.cl\/portal\/wp-json\/wp\/v2\/posts\/72025","targetHints":{"allow":["GET"]}}],"collection":[{"href":"https:\/\/eltrabajo.cl\/portal\/wp-json\/wp\/v2\/posts"}],"about":[{"href":"https:\/\/eltrabajo.cl\/portal\/wp-json\/wp\/v2\/types\/post"}],"author":[{"embeddable":true,"href":"https:\/\/eltrabajo.cl\/portal\/wp-json\/wp\/v2\/users\/482"}],"replies":[{"embeddable":true,"href":"https:\/\/eltrabajo.cl\/portal\/wp-json\/wp\/v2\/comments?post=72025"}],"version-history":[{"count":0,"href":"https:\/\/eltrabajo.cl\/portal\/wp-json\/wp\/v2\/posts\/72025\/revisions"}],"wp:featuredmedia":[{"embeddable":true,"href":"https:\/\/eltrabajo.cl\/portal\/wp-json\/wp\/v2\/media\/72026"}],"wp:attachment":[{"href":"https:\/\/eltrabajo.cl\/portal\/wp-json\/wp\/v2\/media?parent=72025"}],"wp:term":[{"taxonomy":"category","embeddable":true,"href":"https:\/\/eltrabajo.cl\/portal\/wp-json\/wp\/v2\/categories?post=72025"},{"taxonomy":"post_tag","embeddable":true,"href":"https:\/\/eltrabajo.cl\/portal\/wp-json\/wp\/v2\/tags?post=72025"}],"curies":[{"name":"wp","href":"https:\/\/api.w.org\/{rel}","templated":true}]}}