{"id":72028,"date":"2016-07-22T10:11:40","date_gmt":"2016-07-22T14:11:40","guid":{"rendered":"http:\/\/www.eltrabajo.cl\/portal\/?p=72028"},"modified":"2016-07-22T10:11:40","modified_gmt":"2016-07-22T14:11:40","slug":"ya-abrieron-las-inscripciones-para-escuela-del-dirigente-2017","status":"publish","type":"post","link":"https:\/\/eltrabajo.cl\/portal\/ya-abrieron-las-inscripciones-para-escuela-del-dirigente-2017\/","title":{"rendered":"Ya abrieron las inscripciones para Escuela del Dirigente 2017"},"content":{"rendered":"<figure id=\"attachment_72029\" aria-describedby=\"caption-attachment-72029\" style=\"width: 300px\" class=\"wp-caption alignleft\"><img data-recalc-dims=\"1\" loading=\"lazy\" decoding=\"async\" class=\"wp-image-72029 size-medium\" src=\"https:\/\/i0.wp.com\/www.eltrabajo.cl\/portal\/wp-content\/uploads\/2016\/07\/Alicia-Nicloux-300x197.jpg?resize=300%2C197\" alt=\"Coordinadora del Departamento de Organizaciones Comunitarias, Alicia Nicloux.\" width=\"300\" height=\"197\" srcset=\"https:\/\/i0.wp.com\/eltrabajo.cl\/portal\/wp-content\/uploads\/2016\/07\/Alicia-Nicloux.jpg?resize=300%2C197&amp;ssl=1 300w, https:\/\/i0.wp.com\/eltrabajo.cl\/portal\/wp-content\/uploads\/2016\/07\/Alicia-Nicloux.jpg?resize=200%2C131&amp;ssl=1 200w, https:\/\/i0.wp.com\/eltrabajo.cl\/portal\/wp-content\/uploads\/2016\/07\/Alicia-Nicloux.jpg?resize=228%2C150&amp;ssl=1 228w, https:\/\/i0.wp.com\/eltrabajo.cl\/portal\/wp-content\/uploads\/2016\/07\/Alicia-Nicloux.jpg?resize=400%2C263&amp;ssl=1 400w, https:\/\/i0.wp.com\/eltrabajo.cl\/portal\/wp-content\/uploads\/2016\/07\/Alicia-Nicloux.jpg?w=530&amp;ssl=1 530w\" sizes=\"auto, (max-width: 300px) 100vw, 300px\" \/><figcaption id=\"caption-attachment-72029\" class=\"wp-caption-text\">Coordinadora del Departamento de Organizaciones Comunitarias, Alicia Nicloux.<\/figcaption><\/figure>\n<p>Luego que en abril se iniciara el a\u00f1o lectivo de la Escuela del Dirigente, en donde unas 50 personas se preparan para poder capacitarse en lo referente a Primeros Auxilios con la Cruz Roja; Sernac; Inform\u00e1tica; Oficina de la Mujer; Subsidios; Tr\u00e1nsito; Chile crece contigo; Fonasa; PDI y Carabineros entre otros, la tarde de ayer jueves la coordinadora del Departamento de Organizaciones Comunitarias, dependiente de la Dideco de la municipalidad de San Felipe, Alicia Nicloux, inform\u00f3 a Diario El Trabajo que ya est\u00e1n abiertas las inscripciones para 2017.<\/p>\n<p><strong>LLAMADO 2017<\/strong><br \/>\n\u00abEs importante anunciar que las personas interesadas en inscribirse a las capacitaciones del pr\u00f3ximo a\u00f1o. Esta escuela del dirigente trabaja por grados, as\u00ed, en cuatro a\u00f1os capacita a dirigentes y a quienes no lo son, hasta convertirlos en expertos l\u00edderes capaces de manejar postulaciones de proyectos en beneficio de sus vecinos, lo que les facilita los tr\u00e1mites, pues las postulaciones son presentadas correctamente, es una gran bendici\u00f3n que estos dirigentes y futuros dirigentes inviertan este valioso tiempo en servir a sus vecinos, por eso como Municipio los estamos apoyando. Lo bueno tambi\u00e9n es que los propios dirigentes desde 2011, cuando naci\u00f3 la escuela, ellos mismos presentan ideas y proyectos, lo que significa trabajar muy de cerca con las necesidades de estas juntas vecinales e instituciones comunales\u00bb, dijo Nicloux.<br \/>\nEsta es una iniciativa que se enmarca en la pol\u00edtica de participaci\u00f3n ciudadana que ha caracterizado la administraci\u00f3n del alcalde Patricio Freire, quien ha definido la necesidad de fortalecer este tipo de acciones que permitan empoderar y entregar la mayor cantidad de conocimientos e informaci\u00f3n a los vecinos, a objeto de que puedan ser actores protag\u00f3nicos en el proceso de desarrollo comunal.<\/p>\n<p><strong>DIRIGENTES PROPONEN<\/strong><br \/>\nEsta escuela del dirigente trabaja por grados, as\u00ed, en cuatro a\u00f1os capacita a dirigentes y a quienes no lo son, hasta convertirlos en expertos l\u00edderes capaces de manejar postulaciones de proyectos en beneficio de sus vecinos, lo que les facilita los tr\u00e1mites, pues las postulaciones son presentadas correctamente, es una gran bendici\u00f3n que estos dirigentes y futuros dirigentes inviertan este valioso tiempo en servir a sus vecinos.<br \/>\nLo bueno tambi\u00e9n, es que los propios dirigentes desde 2011, cuando naci\u00f3 la escuela, ellos mismos presentan ideas y proyectos, lo que significa trabajar muy de cerca con las necesidades de estas juntas vecinales e instituciones comunales.<br \/>\n<strong>Roberto Gonz\u00e1lez Short<\/strong><\/p>\n<figure id=\"attachment_72030\" aria-describedby=\"caption-attachment-72030\" style=\"width: 530px\" class=\"wp-caption alignleft\"><img data-recalc-dims=\"1\" loading=\"lazy\" decoding=\"async\" class=\"wp-image-72030 size-full\" src=\"https:\/\/i0.wp.com\/www.eltrabajo.cl\/portal\/wp-content\/uploads\/2016\/07\/Dirigentes1.jpg?resize=530%2C350\" alt=\"ESCUELA DEL DIRIGENTE.- Los interesados en inscribirse, pueden llamara al 993229034.\" width=\"530\" height=\"350\" srcset=\"https:\/\/i0.wp.com\/eltrabajo.cl\/portal\/wp-content\/uploads\/2016\/07\/Dirigentes1.jpg?w=530&amp;ssl=1 530w, https:\/\/i0.wp.com\/eltrabajo.cl\/portal\/wp-content\/uploads\/2016\/07\/Dirigentes1.jpg?resize=200%2C132&amp;ssl=1 200w, https:\/\/i0.wp.com\/eltrabajo.cl\/portal\/wp-content\/uploads\/2016\/07\/Dirigentes1.jpg?resize=300%2C198&amp;ssl=1 300w, https:\/\/i0.wp.com\/eltrabajo.cl\/portal\/wp-content\/uploads\/2016\/07\/Dirigentes1.jpg?resize=227%2C150&amp;ssl=1 227w, https:\/\/i0.wp.com\/eltrabajo.cl\/portal\/wp-content\/uploads\/2016\/07\/Dirigentes1.jpg?resize=400%2C264&amp;ssl=1 400w\" sizes=\"auto, (max-width: 530px) 100vw, 530px\" \/><figcaption id=\"caption-attachment-72030\" class=\"wp-caption-text\">ESCUELA DEL DIRIGENTE.- Los interesados en inscribirse, pueden llamara al 993229034.<\/figcaption><\/figure>\n","protected":false},"excerpt":{"rendered":"<p>Luego que en abril se iniciara el a\u00f1o lectivo de la Escuela del Dirigente, en donde unas 50 personas se preparan para poder capacitarse en lo referente a Primeros Auxilios con la&#8230;<\/p>\n","protected":false},"author":482,"featured_media":72029,"comment_status":"open","ping_status":"open","sticky":false,"template":"","format":"standard","meta":{"advanced_seo_description":"","jetpack_seo_html_title":"","jetpack_seo_noindex":false,"_jetpack_memberships_contains_paid_content":false,"footnotes":""},"categories":[15],"tags":[],"class_list":["post-72028","post","type-post","status-publish","format-standard","has-post-thumbnail","hentry","category-comunidad"],"jetpack_featured_media_url":"https:\/\/i0.wp.com\/eltrabajo.cl\/portal\/wp-content\/uploads\/2016\/07\/Alicia-Nicloux.jpg?fit=530%2C348&ssl=1","jetpack_sharing_enabled":true,"jetpack_likes_enabled":true,"jetpack-related-posts":[],"_links":{"self":[{"href":"https:\/\/eltrabajo.cl\/portal\/wp-json\/wp\/v2\/posts\/72028","targetHints":{"allow":["GET"]}}],"collection":[{"href":"https:\/\/eltrabajo.cl\/portal\/wp-json\/wp\/v2\/posts"}],"about":[{"href":"https:\/\/eltrabajo.cl\/portal\/wp-json\/wp\/v2\/types\/post"}],"author":[{"embeddable":true,"href":"https:\/\/eltrabajo.cl\/portal\/wp-json\/wp\/v2\/users\/482"}],"replies":[{"embeddable":true,"href":"https:\/\/eltrabajo.cl\/portal\/wp-json\/wp\/v2\/comments?post=72028"}],"version-history":[{"count":0,"href":"https:\/\/eltrabajo.cl\/portal\/wp-json\/wp\/v2\/posts\/72028\/revisions"}],"wp:featuredmedia":[{"embeddable":true,"href":"https:\/\/eltrabajo.cl\/portal\/wp-json\/wp\/v2\/media\/72029"}],"wp:attachment":[{"href":"https:\/\/eltrabajo.cl\/portal\/wp-json\/wp\/v2\/media?parent=72028"}],"wp:term":[{"taxonomy":"category","embeddable":true,"href":"https:\/\/eltrabajo.cl\/portal\/wp-json\/wp\/v2\/categories?post=72028"},{"taxonomy":"post_tag","embeddable":true,"href":"https:\/\/eltrabajo.cl\/portal\/wp-json\/wp\/v2\/tags?post=72028"}],"curies":[{"name":"wp","href":"https:\/\/api.w.org\/{rel}","templated":true}]}}