{"id":72032,"date":"2016-07-22T10:12:52","date_gmt":"2016-07-22T14:12:52","guid":{"rendered":"http:\/\/www.eltrabajo.cl\/portal\/?p=72032"},"modified":"2016-07-22T10:12:52","modified_gmt":"2016-07-22T14:12:52","slug":"el-mago-felipe-perez-hoy-se-presenta-en-el-teatro-municipal","status":"publish","type":"post","link":"https:\/\/eltrabajo.cl\/portal\/el-mago-felipe-perez-hoy-se-presenta-en-el-teatro-municipal\/","title":{"rendered":"El mago Felipe P\u00e9rez hoy se presenta en el teatro municipal"},"content":{"rendered":"<figure id=\"attachment_72033\" aria-describedby=\"caption-attachment-72033\" style=\"width: 300px\" class=\"wp-caption alignleft\"><img data-recalc-dims=\"1\" loading=\"lazy\" decoding=\"async\" class=\"wp-image-72033 size-medium\" src=\"https:\/\/i0.wp.com\/www.eltrabajo.cl\/portal\/wp-content\/uploads\/2016\/07\/Mago1-300x198.jpg?resize=300%2C198\" alt=\"SIEMPRE PEPITO.- Felipe P\u00e9rez Flores ofreci\u00f3 un truco especial a empleados de Diario El Trabajo, hoy estar\u00e1 en el teatro municipal a las 19:00 horas.\" width=\"300\" height=\"198\" srcset=\"https:\/\/i0.wp.com\/eltrabajo.cl\/portal\/wp-content\/uploads\/2016\/07\/Mago1.jpg?resize=300%2C198&amp;ssl=1 300w, https:\/\/i0.wp.com\/eltrabajo.cl\/portal\/wp-content\/uploads\/2016\/07\/Mago1.jpg?resize=200%2C132&amp;ssl=1 200w, https:\/\/i0.wp.com\/eltrabajo.cl\/portal\/wp-content\/uploads\/2016\/07\/Mago1.jpg?resize=227%2C150&amp;ssl=1 227w, https:\/\/i0.wp.com\/eltrabajo.cl\/portal\/wp-content\/uploads\/2016\/07\/Mago1.jpg?resize=400%2C264&amp;ssl=1 400w, https:\/\/i0.wp.com\/eltrabajo.cl\/portal\/wp-content\/uploads\/2016\/07\/Mago1.jpg?w=530&amp;ssl=1 530w\" sizes=\"auto, (max-width: 300px) 100vw, 300px\" \/><figcaption id=\"caption-attachment-72033\" class=\"wp-caption-text\">SIEMPRE PEPITO.- Felipe P\u00e9rez Flores ofreci\u00f3 un truco especial a empleados de Diario El Trabajo, hoy estar\u00e1 en el teatro municipal a las 19:00 horas.<\/figcaption><\/figure>\n<p>Una vez m\u00e1s la magia llega a nuestra comuna para trasladarnos en un \u2018Abracadabra\u2019 al mundo de lo imposible, al menos eso es lo que promete hacer el mago sanfelipe\u00f1o Felipe P\u00e9rez Flores, de 23 a\u00f1os, quien hoy viernes se estar\u00e1 presentando de manera gratuita para el p\u00fablico en el teatro municipal a las 19:00 horas, en una funci\u00f3n para mayores de 14 a\u00f1os.<br \/>\nEste profesional del ilusionismo est\u00e1 muy comprometido con su p\u00fablico, hasta el punto que ayer visit\u00f3 nuestra Sala de Redacci\u00f3n para invitar a nuestros lectores a disfrutar de su funci\u00f3n \u2018Alegor\u00edas\u2019, jornada en donde la magia de acercamiento y mentalismo ser\u00e1n lo que predomine durante la actividad.<\/p>\n<p><strong>\u00abLA MAGIA VIVE\u00a0PARA SIEMPRE\u00bb<\/strong><br \/>\n\u00abLa magia como tal, con toda su plenitud esot\u00e9rica como era conocida en el pasado, dej\u00f3 de ser tal luego de 1845, cuando Jean Eug\u00e9ne Robert-Houdin, conocido como el padre de la magia moderna, pasando a ser entendida entonces la magia como un paquete de habilidades para entretener al p\u00fablico. Aunque yo no creo en la magia pura, s\u00e9 que el p\u00fablico no la necesita, las personas que van a ver a un mago saben que ser\u00e1n enga\u00f1ados y pagan por ello, no por eso la magia ha perdido categor\u00eda, sigue tan vigente como hace siglos, la magia vive para siempre\u00bb, dijo el ilusionista.<br \/>\nEste joven mago tambi\u00e9n realiz\u00f3 una sesi\u00f3n demostrativa del truco original \u2018Pepito paga doble\u2019, el que ser\u00e1 presentado hoy viernes en el teatro municipal, los compa\u00f1eros de Redacci\u00f3n disfrutaron as\u00ed de uno de los enga\u00f1os m\u00e1s antiguos de la era moderna en el campo de la magia callejera.<br \/>\n<strong>Roberto Gonz\u00e1lez Short<\/strong><\/p>\n","protected":false},"excerpt":{"rendered":"<p>Una vez m\u00e1s la magia llega a nuestra comuna para trasladarnos en un \u2018Abracadabra\u2019 al mundo de lo imposible, al menos eso es lo que promete hacer el mago sanfelipe\u00f1o Felipe P\u00e9rez&#8230;<\/p>\n","protected":false},"author":482,"featured_media":72033,"comment_status":"open","ping_status":"open","sticky":false,"template":"","format":"standard","meta":{"advanced_seo_description":"","jetpack_seo_html_title":"","jetpack_seo_noindex":false,"_jetpack_memberships_contains_paid_content":false,"footnotes":""},"categories":[15],"tags":[],"class_list":["post-72032","post","type-post","status-publish","format-standard","has-post-thumbnail","hentry","category-comunidad"],"jetpack_featured_media_url":"https:\/\/i0.wp.com\/eltrabajo.cl\/portal\/wp-content\/uploads\/2016\/07\/Mago1.jpg?fit=530%2C350&ssl=1","jetpack_sharing_enabled":true,"jetpack_likes_enabled":true,"jetpack-related-posts":[],"_links":{"self":[{"href":"https:\/\/eltrabajo.cl\/portal\/wp-json\/wp\/v2\/posts\/72032","targetHints":{"allow":["GET"]}}],"collection":[{"href":"https:\/\/eltrabajo.cl\/portal\/wp-json\/wp\/v2\/posts"}],"about":[{"href":"https:\/\/eltrabajo.cl\/portal\/wp-json\/wp\/v2\/types\/post"}],"author":[{"embeddable":true,"href":"https:\/\/eltrabajo.cl\/portal\/wp-json\/wp\/v2\/users\/482"}],"replies":[{"embeddable":true,"href":"https:\/\/eltrabajo.cl\/portal\/wp-json\/wp\/v2\/comments?post=72032"}],"version-history":[{"count":0,"href":"https:\/\/eltrabajo.cl\/portal\/wp-json\/wp\/v2\/posts\/72032\/revisions"}],"wp:featuredmedia":[{"embeddable":true,"href":"https:\/\/eltrabajo.cl\/portal\/wp-json\/wp\/v2\/media\/72033"}],"wp:attachment":[{"href":"https:\/\/eltrabajo.cl\/portal\/wp-json\/wp\/v2\/media?parent=72032"}],"wp:term":[{"taxonomy":"category","embeddable":true,"href":"https:\/\/eltrabajo.cl\/portal\/wp-json\/wp\/v2\/categories?post=72032"},{"taxonomy":"post_tag","embeddable":true,"href":"https:\/\/eltrabajo.cl\/portal\/wp-json\/wp\/v2\/tags?post=72032"}],"curies":[{"name":"wp","href":"https:\/\/api.w.org\/{rel}","templated":true}]}}