{"id":72035,"date":"2016-07-22T10:14:53","date_gmt":"2016-07-22T14:14:53","guid":{"rendered":"http:\/\/www.eltrabajo.cl\/portal\/?p=72035"},"modified":"2016-07-22T10:14:53","modified_gmt":"2016-07-22T14:14:53","slug":"gran-marcha-contra-la-verguenza-de-las-afp-este-domingo-en-san-felipe","status":"publish","type":"post","link":"https:\/\/eltrabajo.cl\/portal\/gran-marcha-contra-la-verguenza-de-las-afp-este-domingo-en-san-felipe\/","title":{"rendered":"Gran marcha contra la verg\u00fcenza de las AFP este domingo en San Felipe"},"content":{"rendered":"<p>Para este domingo a partir de las 11.00 horas est\u00e1 contemplada la realizaci\u00f3n de la marcha \u201cNo + AFP\u201d en la comuna de San Felipe, actividad que ha sido organizada a trav\u00e9s de las redes sociales y en la que se espera se registre una gran cantidad de asistentes.<br \/>\nLa marcha contra este vergonzoso sistema que entrega pensiones miserables a todos los chilenos (salvo a los que no est\u00e1n en el sistema), se estar\u00eda realizando inicialmente en al menos 15 diferentes ciudades del pa\u00eds, desde Arica a Coyhaique, en forma simult\u00e1nea a las 11:00 horas. Los convocantes, quienes se declaran sin tendencia pol\u00edtica, desean y esperan sea una manifestaci\u00f3n pac\u00edfica, familiar y masiva.<br \/>\nEl objetivo de esta primera gran marcha es hacer p\u00fablico el descontento de los chilenos con el sistema previsional de capitalizaci\u00f3n individual que nos obliga a pertenecer a \u00e9l, sin posibilidades de cambiarnos a otro como el sistema de reparto que exist\u00eda anteriormente.<br \/>\nEn San Felipe existen al menos dos convocatorias, una, la oficial, a las 11 horas y cuyo punto de encuentro ser\u00e1 Avenida Yungay con calle Arturo Prat, para dirigirse a la Plaza de Armas, y la otra, la informal, en la Esquina Colorada (Chacabuco con Maip\u00fa), a las 10,30 horas. En Catemu, en tanto, el punto de encuentro ser\u00e1 la Plaza de la comuna, mientras que Llay Llay tambi\u00e9n se sumar\u00eda a la marcha.<\/p>\n<p><strong>SIN POL\u00cdTICOS<\/strong><br \/>\nSeg\u00fan destaca el sitio www.latendencia.cl, \u2018No + AFP\u2019 \u201ces una iniciativa ciudadana de la modernidad. Es independiente de ideolog\u00edas e intereses de partidos. Nace desde y para la gente, sin m\u00e1s pretensi\u00f3n que corregir la vida com\u00fan en un aspecto espec\u00edfico. Es un ejemplo de movimiento transversal participativo en la era de la Globalizaci\u00f3n.<br \/>\n\u201cEn Chile, despu\u00e9s de la imposici\u00f3n por la fuerza de un sistema previsional supuestamente mejor, las personas estamos descubriendo la verdad. Las pensiones son en realidad mucho m\u00e1s bajas de lo prometido.<br \/>\n\u201cEn cambio, las pensiones de quienes no fueron obligados a ingresar a una AFP, son mucho m\u00e1s altas. Incre\u00edblemente altas por el efecto multiplicador de alzas ma\u00f1osas como las de la esposa del diputado Andrade (PS) en Gendarmer\u00eda. Hoy el dinero de todos se re\u00fane para pagar las pensiones de unos pocos privilegiados vinculados a la clase pol\u00edtica\u201d.<br \/>\nSi bien es cierto en San Felipe ya han surgido alguno dirigentes pol\u00edticos, la actividad es no partidista, abierta a toda la comunidad, y principalmente para las familias.<br \/>\nLa invitaci\u00f3n es para este domingo a las 11:00 horas en la esquina de Yungay con Prat, y seg\u00fan lo se\u00f1alado en algunas redes sociales, otro grupo se reunir\u00e1 a las 10,30 horas en la Esquina Colorada.<\/p>\n<figure id=\"attachment_72036\" aria-describedby=\"caption-attachment-72036\" style=\"width: 530px\" class=\"wp-caption alignnone\"><img data-recalc-dims=\"1\" loading=\"lazy\" decoding=\"async\" class=\"wp-image-72036 size-full\" src=\"https:\/\/i0.wp.com\/www.eltrabajo.cl\/portal\/wp-content\/uploads\/2016\/07\/no-mas-afp.jpg?resize=530%2C350\" alt=\"El movimiento 'No + AFP' es la materializaci\u00f3n del descontento ciudadano contra un sistema de pensiones indigno y una verg\u00fcenza para el pa\u00eds. Las marchas se vienen registrando desde hace ya algunos a\u00f1os, cada vez con m\u00e1s fuerza.\" width=\"530\" height=\"350\" srcset=\"https:\/\/i0.wp.com\/eltrabajo.cl\/portal\/wp-content\/uploads\/2016\/07\/no-mas-afp.jpg?w=530&amp;ssl=1 530w, https:\/\/i0.wp.com\/eltrabajo.cl\/portal\/wp-content\/uploads\/2016\/07\/no-mas-afp.jpg?resize=200%2C132&amp;ssl=1 200w, https:\/\/i0.wp.com\/eltrabajo.cl\/portal\/wp-content\/uploads\/2016\/07\/no-mas-afp.jpg?resize=300%2C198&amp;ssl=1 300w, https:\/\/i0.wp.com\/eltrabajo.cl\/portal\/wp-content\/uploads\/2016\/07\/no-mas-afp.jpg?resize=227%2C150&amp;ssl=1 227w, https:\/\/i0.wp.com\/eltrabajo.cl\/portal\/wp-content\/uploads\/2016\/07\/no-mas-afp.jpg?resize=400%2C264&amp;ssl=1 400w\" sizes=\"auto, (max-width: 530px) 100vw, 530px\" \/><figcaption id=\"caption-attachment-72036\" class=\"wp-caption-text\">El movimiento &#8216;No + AFP&#8217; es la materializaci\u00f3n del descontento ciudadano contra un sistema de pensiones indigno y una verg\u00fcenza para el pa\u00eds. Las marchas se vienen registrando desde hace ya algunos a\u00f1os, cada vez con m\u00e1s fuerza.<\/figcaption><\/figure>\n","protected":false},"excerpt":{"rendered":"<p>Para este domingo a partir de las 11.00 horas est\u00e1 contemplada la realizaci\u00f3n de la marcha \u201cNo + AFP\u201d en la comuna de San Felipe, actividad que ha sido organizada a trav\u00e9s&#8230;<\/p>\n","protected":false},"author":482,"featured_media":72036,"comment_status":"open","ping_status":"open","sticky":false,"template":"","format":"standard","meta":{"advanced_seo_description":"","jetpack_seo_html_title":"","jetpack_seo_noindex":false,"_jetpack_memberships_contains_paid_content":false,"footnotes":""},"categories":[1],"tags":[],"class_list":["post-72035","post","type-post","status-publish","format-standard","has-post-thumbnail","hentry","category-cronica"],"jetpack_featured_media_url":"https:\/\/i0.wp.com\/eltrabajo.cl\/portal\/wp-content\/uploads\/2016\/07\/no-mas-afp.jpg?fit=530%2C350&ssl=1","jetpack_sharing_enabled":true,"jetpack_likes_enabled":true,"jetpack-related-posts":[],"_links":{"self":[{"href":"https:\/\/eltrabajo.cl\/portal\/wp-json\/wp\/v2\/posts\/72035","targetHints":{"allow":["GET"]}}],"collection":[{"href":"https:\/\/eltrabajo.cl\/portal\/wp-json\/wp\/v2\/posts"}],"about":[{"href":"https:\/\/eltrabajo.cl\/portal\/wp-json\/wp\/v2\/types\/post"}],"author":[{"embeddable":true,"href":"https:\/\/eltrabajo.cl\/portal\/wp-json\/wp\/v2\/users\/482"}],"replies":[{"embeddable":true,"href":"https:\/\/eltrabajo.cl\/portal\/wp-json\/wp\/v2\/comments?post=72035"}],"version-history":[{"count":0,"href":"https:\/\/eltrabajo.cl\/portal\/wp-json\/wp\/v2\/posts\/72035\/revisions"}],"wp:featuredmedia":[{"embeddable":true,"href":"https:\/\/eltrabajo.cl\/portal\/wp-json\/wp\/v2\/media\/72036"}],"wp:attachment":[{"href":"https:\/\/eltrabajo.cl\/portal\/wp-json\/wp\/v2\/media?parent=72035"}],"wp:term":[{"taxonomy":"category","embeddable":true,"href":"https:\/\/eltrabajo.cl\/portal\/wp-json\/wp\/v2\/categories?post=72035"},{"taxonomy":"post_tag","embeddable":true,"href":"https:\/\/eltrabajo.cl\/portal\/wp-json\/wp\/v2\/tags?post=72035"}],"curies":[{"name":"wp","href":"https:\/\/api.w.org\/{rel}","templated":true}]}}