{"id":72399,"date":"2016-08-02T09:31:16","date_gmt":"2016-08-02T13:31:16","guid":{"rendered":"http:\/\/www.eltrabajo.cl\/portal\/?p=72399"},"modified":"2016-08-02T09:31:16","modified_gmt":"2016-08-02T13:31:16","slug":"dupla-delictiva-condenada-a-8-anos-por-brutal-y-violento-asalto-a-joven","status":"publish","type":"post","link":"https:\/\/eltrabajo.cl\/portal\/dupla-delictiva-condenada-a-8-anos-por-brutal-y-violento-asalto-a-joven\/","title":{"rendered":"Dupla delictiva condenada a 8 a\u00f1os por brutal y violento asalto a joven"},"content":{"rendered":"<ul>\n<li><strong><span style=\"color: #ff0000;\">Lo golpearon con fierros y palos:<\/span>\u00a0Tribunal Oral en Lo Penal conden\u00f3 a los sujetos con penas privativas de libertad. El testimonio del joven afectado fue fundamental para generar convicci\u00f3n a los jueces de la brutal golpiza sufrida en la v\u00eda p\u00fablica.<\/strong><\/li>\n<\/ul>\n<p>Tras permanecer cerca de siete meses en prisi\u00f3n preventiva, la dupla delictiva conformada por Camilo Andr\u00e9s L\u00f3pez Contreras y Luis Camilo Lobos Arancibia fue condenada por el Tribunal Oral en Lo Penal a penas que alcanzan los ocho de c\u00e1rcel por los delitos de robo con violencia e intimidaci\u00f3n y receptaci\u00f3n de veh\u00edculo cometidos en San Felipe.<br \/>\nEstos hechos fueron materia de discusi\u00f3n en un juicio oral donde el Fiscal Rodrigo Zapata Cu\u00e9llar, acus\u00f3 a los sentenciados por los sucesos ocurridos el pasado 30 de diciembre del a\u00f1o 2015, por dos delitos cometidos en tiempo r\u00e9cord.<br \/>\nAquel d\u00eda, alrededor de la medianoche, los delincuentes hicieron de las suyas tras haber robado un veh\u00edculo marca Toyota Tercel de color azul, que se encontraba estacionado en calle Pantale\u00f3n Cort\u00e9s de la Poblaci\u00f3n Puente en San Felipe.<br \/>\nLa dupla delictiva aparentemente, seg\u00fan el testimonio, se acompa\u00f1ar\u00edan de otros dos sujetos m\u00e1s que no fueron individualizados, quienes se movilizaban en el veh\u00edculo robado por las arterias de San Felipe, dirigi\u00e9ndose hasta la calle Ambrosio Santelices, donde interceptaron a un joven v\u00edctima de 27 a\u00f1os que caminaba en medio de la noche.<br \/>\nSeg\u00fan su relato, sorpresivamente los sujetos detuvieron la marcha del m\u00f3vil, ocasi\u00f3n en que los desconocidos le consultaron por el domicilio de una persona a quien individualizaron por su apodo, una artima\u00f1a utilizada por los delincuentes para distraer su atenci\u00f3n.<br \/>\nLa v\u00edctima, al desconocer la informaci\u00f3n consultada, provoc\u00f3 que los delincuentes descendieran del m\u00f3vil y le propinaran una golpiza utilizando elementos contundentes: \u201cLos tipos se bajan, lo empiezan a agredir con palos y fierros para sustraerle una cadena que la v\u00edctima portaba en su cuello con la imagen de Jesucristo, luego los sujetos huyen en el mismo veh\u00edculo robado\u201d, afirm\u00f3 el Fiscal Zapata.<br \/>\nPosteriormente tras las denuncias respectivas, Carabineros logr\u00f3 la detenci\u00f3n de dos de los cuatro sujetos, recuperando la cadena de plata de la v\u00edctima, como tambi\u00e9n el veh\u00edculo en que se movilizaban. El joven agredido posteriormente en el Hospital San Camilo, mientras constataba sus lesiones, reconoci\u00f3 a los dos antisociales como parte de la banda delictual.<br \/>\nEl persecutor destac\u00f3 el testimonio de la v\u00edctima, ya que en definitiva permiti\u00f3 el convencimiento de los jueces de la participaci\u00f3n de estos antisociales, ya que uno de ellos manten\u00eda la cadena de plata en su bolsillo: \u201cEntonces no hab\u00eda manera de desvincularse con el hecho\u201d, acot\u00f3 el representante del Ministerio P\u00fablico de San Felipe.<br \/>\nLa pluralidad de malhechores y condenas anteriores por otros delitos, motiv\u00f3 a que la dupla de 18 y 19 a\u00f1os de edad fuese condenada por el Tribunal Oral en Lo Penal de San Felipe a dos penas que alcanzan los ochos de c\u00e1rcel, cuyo fallo dej\u00f3 conforme a la Fiscal\u00eda: \u201cAmbos fueron condenados por el delito de robo con violencia y receptaci\u00f3n de veh\u00edculo motorizado, las penas fueron iguales para ambos, en el caso del robo 5 a\u00f1os y un d\u00eda y por la receptaci\u00f3n tres a\u00f1os y un d\u00eda m\u00e1s una multa de 5 unidades tributarias mensuales. Son condenas importantes porque son delitos que no son f\u00e1ciles de probar, son condenas en extensi\u00f3n a ocho a\u00f1os y que implican un cumplimiento efectivo\u201d, concluy\u00f3 el Fiscal Zapata.<br \/>\n<strong>Pablo Salinas Sald\u00edas<\/strong><\/p>\n<figure id=\"attachment_72400\" aria-describedby=\"caption-attachment-72400\" style=\"width: 530px\" class=\"wp-caption alignleft\"><a href=\"http:\/\/www.eltrabajo.cl\/portal\/dupla-delictiva-condenada-a-8-anos-por-brutal-y-violento-asalto-a-joven\/camilo-lopez-contreras\/\" rel=\"attachment wp-att-72400\"><img data-recalc-dims=\"1\" loading=\"lazy\" decoding=\"async\" class=\"size-full wp-image-72400\" src=\"https:\/\/i0.wp.com\/www.eltrabajo.cl\/portal\/wp-content\/uploads\/2016\/08\/CAMILO-LOPEZ-CONTRERAS.jpg?resize=530%2C348\" alt=\"Camilo L\u00f3pez Contreras, de 19 a\u00f1os de edad.\" width=\"530\" height=\"348\" srcset=\"https:\/\/i0.wp.com\/eltrabajo.cl\/portal\/wp-content\/uploads\/2016\/08\/CAMILO-LOPEZ-CONTRERAS.jpg?w=530&amp;ssl=1 530w, https:\/\/i0.wp.com\/eltrabajo.cl\/portal\/wp-content\/uploads\/2016\/08\/CAMILO-LOPEZ-CONTRERAS.jpg?resize=200%2C131&amp;ssl=1 200w, https:\/\/i0.wp.com\/eltrabajo.cl\/portal\/wp-content\/uploads\/2016\/08\/CAMILO-LOPEZ-CONTRERAS.jpg?resize=300%2C197&amp;ssl=1 300w, https:\/\/i0.wp.com\/eltrabajo.cl\/portal\/wp-content\/uploads\/2016\/08\/CAMILO-LOPEZ-CONTRERAS.jpg?resize=228%2C150&amp;ssl=1 228w, https:\/\/i0.wp.com\/eltrabajo.cl\/portal\/wp-content\/uploads\/2016\/08\/CAMILO-LOPEZ-CONTRERAS.jpg?resize=400%2C263&amp;ssl=1 400w\" sizes=\"auto, (max-width: 530px) 100vw, 530px\" \/><\/a><figcaption id=\"caption-attachment-72400\" class=\"wp-caption-text\">Camilo L\u00f3pez Contreras, de 19 a\u00f1os de edad.<\/figcaption><\/figure>\n<figure id=\"attachment_72401\" aria-describedby=\"caption-attachment-72401\" style=\"width: 530px\" class=\"wp-caption alignleft\"><a href=\"http:\/\/www.eltrabajo.cl\/portal\/dupla-delictiva-condenada-a-8-anos-por-brutal-y-violento-asalto-a-joven\/luis-lobos-arancibia\/\" rel=\"attachment wp-att-72401\"><img data-recalc-dims=\"1\" loading=\"lazy\" decoding=\"async\" class=\"size-full wp-image-72401\" src=\"https:\/\/i0.wp.com\/www.eltrabajo.cl\/portal\/wp-content\/uploads\/2016\/08\/LUIS-LOBOS-ARANCIBIA.jpg?resize=530%2C350\" alt=\"Luis Lobos Arancibia (18). Esta vez la puerta giratoia estaba cerrada, lo que sin duda le borr\u00f3 la sonrisa del rostro.\" width=\"530\" height=\"350\" srcset=\"https:\/\/i0.wp.com\/eltrabajo.cl\/portal\/wp-content\/uploads\/2016\/08\/LUIS-LOBOS-ARANCIBIA.jpg?w=530&amp;ssl=1 530w, https:\/\/i0.wp.com\/eltrabajo.cl\/portal\/wp-content\/uploads\/2016\/08\/LUIS-LOBOS-ARANCIBIA.jpg?resize=200%2C132&amp;ssl=1 200w, https:\/\/i0.wp.com\/eltrabajo.cl\/portal\/wp-content\/uploads\/2016\/08\/LUIS-LOBOS-ARANCIBIA.jpg?resize=300%2C198&amp;ssl=1 300w, https:\/\/i0.wp.com\/eltrabajo.cl\/portal\/wp-content\/uploads\/2016\/08\/LUIS-LOBOS-ARANCIBIA.jpg?resize=227%2C150&amp;ssl=1 227w, https:\/\/i0.wp.com\/eltrabajo.cl\/portal\/wp-content\/uploads\/2016\/08\/LUIS-LOBOS-ARANCIBIA.jpg?resize=400%2C264&amp;ssl=1 400w\" sizes=\"auto, (max-width: 530px) 100vw, 530px\" \/><\/a><figcaption id=\"caption-attachment-72401\" class=\"wp-caption-text\">Luis Lobos Arancibia (18). Esta vez la puerta giratoia estaba cerrada, lo que sin duda le borr\u00f3 la sonrisa del rostro.<\/figcaption><\/figure>\n<figure id=\"attachment_72402\" aria-describedby=\"caption-attachment-72402\" style=\"width: 530px\" class=\"wp-caption alignleft\"><a href=\"http:\/\/www.eltrabajo.cl\/portal\/dupla-delictiva-condenada-a-8-anos-por-brutal-y-violento-asalto-a-joven\/vehiculo-robado-2\/\" rel=\"attachment wp-att-72402\"><img data-recalc-dims=\"1\" loading=\"lazy\" decoding=\"async\" class=\"size-full wp-image-72402\" src=\"https:\/\/i0.wp.com\/www.eltrabajo.cl\/portal\/wp-content\/uploads\/2016\/08\/VEHICULO-ROBADO.jpg?resize=530%2C350\" alt=\"Este veh\u00edculo marca Toyota desde el frontis de una vivienda en la Poblaci\u00f3n Puente de San Felipe utilizado por los delincuentes.\" width=\"530\" height=\"350\" srcset=\"https:\/\/i0.wp.com\/eltrabajo.cl\/portal\/wp-content\/uploads\/2016\/08\/VEHICULO-ROBADO.jpg?w=530&amp;ssl=1 530w, https:\/\/i0.wp.com\/eltrabajo.cl\/portal\/wp-content\/uploads\/2016\/08\/VEHICULO-ROBADO.jpg?resize=200%2C132&amp;ssl=1 200w, https:\/\/i0.wp.com\/eltrabajo.cl\/portal\/wp-content\/uploads\/2016\/08\/VEHICULO-ROBADO.jpg?resize=300%2C198&amp;ssl=1 300w, https:\/\/i0.wp.com\/eltrabajo.cl\/portal\/wp-content\/uploads\/2016\/08\/VEHICULO-ROBADO.jpg?resize=227%2C150&amp;ssl=1 227w, https:\/\/i0.wp.com\/eltrabajo.cl\/portal\/wp-content\/uploads\/2016\/08\/VEHICULO-ROBADO.jpg?resize=400%2C264&amp;ssl=1 400w\" sizes=\"auto, (max-width: 530px) 100vw, 530px\" \/><\/a><figcaption id=\"caption-attachment-72402\" class=\"wp-caption-text\">Este veh\u00edculo marca Toyota desde el frontis de una vivienda en la Poblaci\u00f3n Puente de San Felipe utilizado por los delincuentes.<\/figcaption><\/figure>\n","protected":false},"excerpt":{"rendered":"<p>Lo golpearon con fierros y palos:\u00a0Tribunal Oral en Lo Penal conden\u00f3 a los sujetos con penas privativas de libertad. El testimonio del joven afectado fue fundamental para generar convicci\u00f3n a los jueces&#8230;<\/p>\n","protected":false},"author":1,"featured_media":72403,"comment_status":"open","ping_status":"open","sticky":false,"template":"","format":"standard","meta":{"advanced_seo_description":"","jetpack_seo_html_title":"","jetpack_seo_noindex":false,"_jetpack_memberships_contains_paid_content":false,"footnotes":""},"categories":[21],"tags":[],"class_list":["post-72399","post","type-post","status-publish","format-standard","has-post-thumbnail","hentry","category-policial"],"jetpack_featured_media_url":"https:\/\/i0.wp.com\/eltrabajo.cl\/portal\/wp-content\/uploads\/2016\/08\/LUIS-LOBOS-ARANCIBIA-y-camilo-lopez.jpg?fit=530%2C349&ssl=1","jetpack_sharing_enabled":true,"jetpack_likes_enabled":true,"jetpack-related-posts":[],"_links":{"self":[{"href":"https:\/\/eltrabajo.cl\/portal\/wp-json\/wp\/v2\/posts\/72399","targetHints":{"allow":["GET"]}}],"collection":[{"href":"https:\/\/eltrabajo.cl\/portal\/wp-json\/wp\/v2\/posts"}],"about":[{"href":"https:\/\/eltrabajo.cl\/portal\/wp-json\/wp\/v2\/types\/post"}],"author":[{"embeddable":true,"href":"https:\/\/eltrabajo.cl\/portal\/wp-json\/wp\/v2\/users\/1"}],"replies":[{"embeddable":true,"href":"https:\/\/eltrabajo.cl\/portal\/wp-json\/wp\/v2\/comments?post=72399"}],"version-history":[{"count":0,"href":"https:\/\/eltrabajo.cl\/portal\/wp-json\/wp\/v2\/posts\/72399\/revisions"}],"wp:featuredmedia":[{"embeddable":true,"href":"https:\/\/eltrabajo.cl\/portal\/wp-json\/wp\/v2\/media\/72403"}],"wp:attachment":[{"href":"https:\/\/eltrabajo.cl\/portal\/wp-json\/wp\/v2\/media?parent=72399"}],"wp:term":[{"taxonomy":"category","embeddable":true,"href":"https:\/\/eltrabajo.cl\/portal\/wp-json\/wp\/v2\/categories?post=72399"},{"taxonomy":"post_tag","embeddable":true,"href":"https:\/\/eltrabajo.cl\/portal\/wp-json\/wp\/v2\/tags?post=72399"}],"curies":[{"name":"wp","href":"https:\/\/api.w.org\/{rel}","templated":true}]}}