{"id":72410,"date":"2016-08-02T09:42:17","date_gmt":"2016-08-02T13:42:17","guid":{"rendered":"http:\/\/www.eltrabajo.cl\/portal\/?p=72410"},"modified":"2016-08-02T09:42:18","modified_gmt":"2016-08-02T13:42:18","slug":"con-desfile-en-curimon-parte-fiesta-del-276o-aniversario-de-san-felipe","status":"publish","type":"post","link":"https:\/\/eltrabajo.cl\/portal\/con-desfile-en-curimon-parte-fiesta-del-276o-aniversario-de-san-felipe\/","title":{"rendered":"Con desfile en Curim\u00f3n parte fiesta del 276\u00ba aniversario de San Felipe"},"content":{"rendered":"<ul>\n<li><span style=\"color: #ff0000;\"><strong>Hoy la fiesta continuar\u00e1 en Poblaci\u00f3n 21 de Mayo:<\/strong><\/span><\/li>\n<\/ul>\n<p>Con el solemne y ya tradicional acto c\u00edvico y posterior desfile en la calle principal, se dio inicio de manera formal a las actividades conmemorativas del aniversario n\u00famero 276 de la Tres Veces Heroica Ciudad de San Felipe. Las c\u00e1maras de Diario El Trabajo tomaron registro de cada detalle de la jornada.<br \/>\nLa ceremonia fue encabezada por el alcalde Patricio Freire Canto y el gobernador Eduardo Le\u00f3n, quienes junto a otras autoridades comunales, dirigentes sociales vecinos de nuestra comuna, disfrutaron el impecable desfile de las diferentes organizaciones sociales y comunitarias de la localidad de Curim\u00f3n.<\/p>\n<p><strong>GRAN CARNAVAL<\/strong><br \/>\nEn la oportunidad, Freire se mostr\u00f3 feliz de poder llevar a cabo el inicio de las actividades del mes aniversario, en una localidad tan importante para el patrimonio hist\u00f3rico de San Felipe. Santa Rosa de Viterbo, como se llamaba originalmente Curim\u00f3n, sigue siendo un importante sector de nuestra provincia.<br \/>\n\u00abEstamos muy contentos de comenzar la celebraci\u00f3n de los 276 a\u00f1os de nuestra ciudad, en un sector tan emblem\u00e1tico, en donde se efectu\u00f3 la firma de protocolo de fundaci\u00f3n de nuestra querida ciudad\u00bb, destac\u00f3 Freire.<br \/>\nRespecto de la importancia de continuar incluyendo a Curim\u00f3n, no s\u00f3lo en actividades de car\u00e1cter conmemorativo, sino que tambi\u00e9n en los distintos proyectos de crecimiento urbano que tiene la comuna, el edil sanfelipe\u00f1o agreg\u00f3 que \u00abtodos los rincones de la comuna est\u00e1n presentes en el desarrollo e nuestra gesti\u00f3n, hoy en Curim\u00f3n vemos pavimentos participativos en la misma Villa Curim\u00f3n; en Villa Primavera de Bucalemu; cambio de luminarias; arreglo de plazas; viene el alcantarillado tambi\u00e9n del sector Curim\u00f3n-San Rafael; est\u00e1 listo el dise\u00f1o para el nuevo Cesfam de ac\u00e1, es decir, vamos por buen camino construyendo una ciudad con mirada de futuro\u00bb, sentenci\u00f3.<br \/>\nA su vez, el gobernador Eduardo Le\u00f3n destac\u00f3 la masiva participaci\u00f3n de los vecinos, indicando que \u00abtuvimos un hermoso desfile, con gran presencia de la comunidad, yo quiero felicitar al alcalde Freire y su Concejo Municipal, por este festejo. Aqu\u00ed en Curim\u00f3n naci\u00f3 San Felipe, as\u00ed que aprovecho de mandarle un afectuosos saludo a los sanfelipe\u00f1os en este nuevo aniversario\u00bb dijo Le\u00f3n.<br \/>\nUno de los que vivi\u00f3 de forma particular el inicio del cumplea\u00f1os 276 de nuestro querido San Felipe, fue el concejal Juan Manuel Millanao, quien al recordar que este ser\u00e1 su \u00faltimo aniversario formando parte de la administraci\u00f3n municipal, dijo tener sentimientos encontrados al comenzar los festejos.<br \/>\nUno de los vecinos representativos del sector, don Ricardo Figueroa, propietario de Restaurante La Ruca, tambi\u00e9n se refiri\u00f3 a la importancia de conmemorar un nuevo aniversario de San Felipe en una localidad en donde se forj\u00f3 la construcci\u00f3n de lo que hoy es la ciudad.<br \/>\n\u00abSiempre se ha hecho este recordatorio, porque San Felipe fue fundado en este lugar, San Felipe es hijo de Curim\u00f3n, nos sentimos felices de que las autoridades sigan tomando en cuenta a nuestro sector y no sigamos siendo el patio trasero de la comuna\u00bb, dijo Figueroa a Diario El Trabajo.<\/p>\n<p><strong>DEVELAN PLACA<\/strong><br \/>\nEn la oportunidad, las autoridades junto al mismo Ricardo Figueroa, aprovecharon de descubrir una placa ubicada en el templo del Convento Franciscano Santa Rosa de Viterbo, en la que se hace referencia a la fecha de construcci\u00f3n de la iglesia (entre los a\u00f1os 1700 y 1727) y se menciona la importancia del museo colonial del Convento de Curim\u00f3n, instaurado el 7 de diciembre de 1938, el cual, posee un importante n\u00famero de piezas de gran valor art\u00edstico cultural.<br \/>\n<strong>Roberto Gonz\u00e1lez Short<\/strong><\/p>\n<figure id=\"attachment_72411\" aria-describedby=\"caption-attachment-72411\" style=\"width: 530px\" class=\"wp-caption alignleft\"><a href=\"http:\/\/www.eltrabajo.cl\/portal\/con-desfile-en-curimon-parte-fiesta-del-276o-aniversario-de-san-felipe\/batucada33\/\" rel=\"attachment wp-att-72411\"><img data-recalc-dims=\"1\" loading=\"lazy\" decoding=\"async\" class=\"size-full wp-image-72411\" src=\"https:\/\/i0.wp.com\/www.eltrabajo.cl\/portal\/wp-content\/uploads\/2016\/08\/Batucada33.jpg?resize=530%2C349\" alt=\"BATUQUEROS.- Ellos son los S\u00e4o Francisco Batuqueiro, del Colegio Assunta Palota de Curim\u00f3n.\" width=\"530\" height=\"349\" srcset=\"https:\/\/i0.wp.com\/eltrabajo.cl\/portal\/wp-content\/uploads\/2016\/08\/Batucada33.jpg?w=530&amp;ssl=1 530w, https:\/\/i0.wp.com\/eltrabajo.cl\/portal\/wp-content\/uploads\/2016\/08\/Batucada33.jpg?resize=200%2C132&amp;ssl=1 200w, https:\/\/i0.wp.com\/eltrabajo.cl\/portal\/wp-content\/uploads\/2016\/08\/Batucada33.jpg?resize=300%2C198&amp;ssl=1 300w, https:\/\/i0.wp.com\/eltrabajo.cl\/portal\/wp-content\/uploads\/2016\/08\/Batucada33.jpg?resize=228%2C150&amp;ssl=1 228w, https:\/\/i0.wp.com\/eltrabajo.cl\/portal\/wp-content\/uploads\/2016\/08\/Batucada33.jpg?resize=400%2C263&amp;ssl=1 400w\" sizes=\"auto, (max-width: 530px) 100vw, 530px\" \/><\/a><figcaption id=\"caption-attachment-72411\" class=\"wp-caption-text\">BATUQUEROS.- Ellos son los S\u00e4o Francisco Batuqueiro, del Colegio Assunta Palota de Curim\u00f3n.<\/figcaption><\/figure>\n<figure id=\"attachment_72412\" aria-describedby=\"caption-attachment-72412\" style=\"width: 530px\" class=\"wp-caption alignleft\"><a href=\"http:\/\/www.eltrabajo.cl\/portal\/con-desfile-en-curimon-parte-fiesta-del-276o-aniversario-de-san-felipe\/encachados33\/\" rel=\"attachment wp-att-72412\"><img data-recalc-dims=\"1\" loading=\"lazy\" decoding=\"async\" class=\"size-full wp-image-72412\" src=\"https:\/\/i0.wp.com\/www.eltrabajo.cl\/portal\/wp-content\/uploads\/2016\/08\/Encachados33.jpg?resize=530%2C350\" alt=\"DULCE LA CHICHA.- Aqu\u00ed los tenemos, Freire y Le\u00f3n, bien \u2018encachados\u2019 con este cachito de chicha y buen charqui, tradici\u00f3n de nuestros pueblos chilenos.\" width=\"530\" height=\"350\" srcset=\"https:\/\/i0.wp.com\/eltrabajo.cl\/portal\/wp-content\/uploads\/2016\/08\/Encachados33.jpg?w=530&amp;ssl=1 530w, https:\/\/i0.wp.com\/eltrabajo.cl\/portal\/wp-content\/uploads\/2016\/08\/Encachados33.jpg?resize=200%2C132&amp;ssl=1 200w, https:\/\/i0.wp.com\/eltrabajo.cl\/portal\/wp-content\/uploads\/2016\/08\/Encachados33.jpg?resize=300%2C198&amp;ssl=1 300w, https:\/\/i0.wp.com\/eltrabajo.cl\/portal\/wp-content\/uploads\/2016\/08\/Encachados33.jpg?resize=227%2C150&amp;ssl=1 227w, https:\/\/i0.wp.com\/eltrabajo.cl\/portal\/wp-content\/uploads\/2016\/08\/Encachados33.jpg?resize=400%2C264&amp;ssl=1 400w\" sizes=\"auto, (max-width: 530px) 100vw, 530px\" \/><\/a><figcaption id=\"caption-attachment-72412\" class=\"wp-caption-text\">DULCE LA CHICHA.- Aqu\u00ed los tenemos, Freire y Le\u00f3n, bien \u2018encachados\u2019 con este cachito de chicha y buen charqui, tradici\u00f3n de nuestros pueblos chilenos.<\/figcaption><\/figure>\n<figure id=\"attachment_72413\" aria-describedby=\"caption-attachment-72413\" style=\"width: 530px\" class=\"wp-caption alignleft\"><a href=\"http:\/\/www.eltrabajo.cl\/portal\/con-desfile-en-curimon-parte-fiesta-del-276o-aniversario-de-san-felipe\/militares33\/\" rel=\"attachment wp-att-72413\"><img data-recalc-dims=\"1\" loading=\"lazy\" decoding=\"async\" class=\"size-full wp-image-72413\" src=\"https:\/\/i0.wp.com\/www.eltrabajo.cl\/portal\/wp-content\/uploads\/2016\/08\/Militares33.jpg?resize=530%2C350\" alt=\"SIEMPRE EL YUNGAY.- El Regimiento Yungay, de Los Andes, tambi\u00e9n dio fuerza y potencia al gran desfile desarrollado en Curim\u00f3n.\" width=\"530\" height=\"350\" srcset=\"https:\/\/i0.wp.com\/eltrabajo.cl\/portal\/wp-content\/uploads\/2016\/08\/Militares33.jpg?w=530&amp;ssl=1 530w, https:\/\/i0.wp.com\/eltrabajo.cl\/portal\/wp-content\/uploads\/2016\/08\/Militares33.jpg?resize=200%2C132&amp;ssl=1 200w, https:\/\/i0.wp.com\/eltrabajo.cl\/portal\/wp-content\/uploads\/2016\/08\/Militares33.jpg?resize=300%2C198&amp;ssl=1 300w, https:\/\/i0.wp.com\/eltrabajo.cl\/portal\/wp-content\/uploads\/2016\/08\/Militares33.jpg?resize=227%2C150&amp;ssl=1 227w, https:\/\/i0.wp.com\/eltrabajo.cl\/portal\/wp-content\/uploads\/2016\/08\/Militares33.jpg?resize=400%2C264&amp;ssl=1 400w\" sizes=\"auto, (max-width: 530px) 100vw, 530px\" \/><\/a><figcaption id=\"caption-attachment-72413\" class=\"wp-caption-text\">SIEMPRE EL YUNGAY.- El Regimiento Yungay, de Los Andes, tambi\u00e9n dio fuerza y potencia al gran desfile desarrollado en Curim\u00f3n.<\/figcaption><\/figure>\n<figure id=\"attachment_72414\" aria-describedby=\"caption-attachment-72414\" style=\"width: 530px\" class=\"wp-caption alignleft\"><a href=\"http:\/\/www.eltrabajo.cl\/portal\/con-desfile-en-curimon-parte-fiesta-del-276o-aniversario-de-san-felipe\/ninos-3\/\" rel=\"attachment wp-att-72414\"><img data-recalc-dims=\"1\" loading=\"lazy\" decoding=\"async\" class=\"size-full wp-image-72414\" src=\"https:\/\/i0.wp.com\/www.eltrabajo.cl\/portal\/wp-content\/uploads\/2016\/08\/ni%C3%B1os.jpg?resize=530%2C349\" alt=\"CONEJITOS FELICES.- Ellos son los peque\u00f1os del Jard\u00edn infantil Conejitos Saltarines, quienes alegraron el desfile.\" width=\"530\" height=\"349\" srcset=\"https:\/\/i0.wp.com\/eltrabajo.cl\/portal\/wp-content\/uploads\/2016\/08\/ni%C3%B1os.jpg?w=530&amp;ssl=1 530w, https:\/\/i0.wp.com\/eltrabajo.cl\/portal\/wp-content\/uploads\/2016\/08\/ni%C3%B1os.jpg?resize=200%2C132&amp;ssl=1 200w, https:\/\/i0.wp.com\/eltrabajo.cl\/portal\/wp-content\/uploads\/2016\/08\/ni%C3%B1os.jpg?resize=300%2C198&amp;ssl=1 300w, https:\/\/i0.wp.com\/eltrabajo.cl\/portal\/wp-content\/uploads\/2016\/08\/ni%C3%B1os.jpg?resize=228%2C150&amp;ssl=1 228w, https:\/\/i0.wp.com\/eltrabajo.cl\/portal\/wp-content\/uploads\/2016\/08\/ni%C3%B1os.jpg?resize=400%2C263&amp;ssl=1 400w\" sizes=\"auto, (max-width: 530px) 100vw, 530px\" \/><\/a><figcaption id=\"caption-attachment-72414\" class=\"wp-caption-text\">CONEJITOS FELICES.- Ellos son los peque\u00f1os del Jard\u00edn infantil Conejitos Saltarines, quienes alegraron el desfile.<\/figcaption><\/figure>\n<figure id=\"attachment_72415\" aria-describedby=\"caption-attachment-72415\" style=\"width: 530px\" class=\"wp-caption alignleft\"><a href=\"http:\/\/www.eltrabajo.cl\/portal\/con-desfile-en-curimon-parte-fiesta-del-276o-aniversario-de-san-felipe\/originarios33\/\" rel=\"attachment wp-att-72415\"><img data-recalc-dims=\"1\" loading=\"lazy\" decoding=\"async\" class=\"size-full wp-image-72415\" src=\"https:\/\/i0.wp.com\/www.eltrabajo.cl\/portal\/wp-content\/uploads\/2016\/08\/Originarios33.jpg?resize=530%2C349\" alt=\"FOLKLORE.- Estos ni\u00f1os interpretaron con sus vestuarios, a los pueblos originarios de Am\u00e9rica.\" width=\"530\" height=\"349\" srcset=\"https:\/\/i0.wp.com\/eltrabajo.cl\/portal\/wp-content\/uploads\/2016\/08\/Originarios33.jpg?w=530&amp;ssl=1 530w, https:\/\/i0.wp.com\/eltrabajo.cl\/portal\/wp-content\/uploads\/2016\/08\/Originarios33.jpg?resize=200%2C132&amp;ssl=1 200w, https:\/\/i0.wp.com\/eltrabajo.cl\/portal\/wp-content\/uploads\/2016\/08\/Originarios33.jpg?resize=300%2C198&amp;ssl=1 300w, https:\/\/i0.wp.com\/eltrabajo.cl\/portal\/wp-content\/uploads\/2016\/08\/Originarios33.jpg?resize=228%2C150&amp;ssl=1 228w, https:\/\/i0.wp.com\/eltrabajo.cl\/portal\/wp-content\/uploads\/2016\/08\/Originarios33.jpg?resize=400%2C263&amp;ssl=1 400w\" sizes=\"auto, (max-width: 530px) 100vw, 530px\" \/><\/a><figcaption id=\"caption-attachment-72415\" class=\"wp-caption-text\">FOLKLORE.- Estos ni\u00f1os interpretaron con sus vestuarios, a los pueblos originarios de Am\u00e9rica.<\/figcaption><\/figure>\n","protected":false},"excerpt":{"rendered":"<p>Hoy la fiesta continuar\u00e1 en Poblaci\u00f3n 21 de Mayo: Con el solemne y ya tradicional acto c\u00edvico y posterior desfile en la calle principal, se dio inicio de manera formal a las&#8230;<\/p>\n","protected":false},"author":1,"featured_media":72414,"comment_status":"open","ping_status":"open","sticky":false,"template":"","format":"standard","meta":{"advanced_seo_description":"","jetpack_seo_html_title":"","jetpack_seo_noindex":false,"_jetpack_memberships_contains_paid_content":false,"footnotes":""},"categories":[15],"tags":[],"class_list":["post-72410","post","type-post","status-publish","format-standard","has-post-thumbnail","hentry","category-comunidad"],"jetpack_featured_media_url":"https:\/\/i0.wp.com\/eltrabajo.cl\/portal\/wp-content\/uploads\/2016\/08\/ni%C3%B1os.jpg?fit=530%2C349&ssl=1","jetpack_sharing_enabled":true,"jetpack_likes_enabled":true,"jetpack-related-posts":[],"_links":{"self":[{"href":"https:\/\/eltrabajo.cl\/portal\/wp-json\/wp\/v2\/posts\/72410","targetHints":{"allow":["GET"]}}],"collection":[{"href":"https:\/\/eltrabajo.cl\/portal\/wp-json\/wp\/v2\/posts"}],"about":[{"href":"https:\/\/eltrabajo.cl\/portal\/wp-json\/wp\/v2\/types\/post"}],"author":[{"embeddable":true,"href":"https:\/\/eltrabajo.cl\/portal\/wp-json\/wp\/v2\/users\/1"}],"replies":[{"embeddable":true,"href":"https:\/\/eltrabajo.cl\/portal\/wp-json\/wp\/v2\/comments?post=72410"}],"version-history":[{"count":0,"href":"https:\/\/eltrabajo.cl\/portal\/wp-json\/wp\/v2\/posts\/72410\/revisions"}],"wp:featuredmedia":[{"embeddable":true,"href":"https:\/\/eltrabajo.cl\/portal\/wp-json\/wp\/v2\/media\/72414"}],"wp:attachment":[{"href":"https:\/\/eltrabajo.cl\/portal\/wp-json\/wp\/v2\/media?parent=72410"}],"wp:term":[{"taxonomy":"category","embeddable":true,"href":"https:\/\/eltrabajo.cl\/portal\/wp-json\/wp\/v2\/categories?post=72410"},{"taxonomy":"post_tag","embeddable":true,"href":"https:\/\/eltrabajo.cl\/portal\/wp-json\/wp\/v2\/tags?post=72410"}],"curies":[{"name":"wp","href":"https:\/\/api.w.org\/{rel}","templated":true}]}}