{"id":72418,"date":"2016-08-02T09:44:11","date_gmt":"2016-08-02T13:44:11","guid":{"rendered":"http:\/\/www.eltrabajo.cl\/portal\/?p=72418"},"modified":"2016-08-02T09:44:11","modified_gmt":"2016-08-02T13:44:11","slug":"sangriento-portonazo-sufrio-conductor-de-van-en-aceso-a-condominio","status":"publish","type":"post","link":"https:\/\/eltrabajo.cl\/portal\/sangriento-portonazo-sufrio-conductor-de-van-en-aceso-a-condominio\/","title":{"rendered":"Sangriento \u2018portonazo\u2019 sufri\u00f3 conductor de van en aceso a condominio"},"content":{"rendered":"<ul>\n<li><strong>Antisociales actuaron a rostro descubierto y con total sangre fr\u00eda dispararon a su v\u00edctima en una pierna, dej\u00e1ndola abandonada para darse a la fuga, siendo detenidos por Carabineros en Colina.<\/strong><\/li>\n<\/ul>\n<p><strong>LOS ANDES.-<\/strong> Haciendo gala de su inmensa sangre fr\u00eda, tres peligrosos delincuentes perpetraron violento \u2018portonazo\u2019 la madrugada de este lunes en el sector Los Villares, cuando premunidos de armas de fuego dispararon en una pierna al conductor de una van de transporte de personal en momentos en que esperaba un pasajero en las afueras de un condominio.<br \/>\nEl hecho se registr\u00f3 alrededor de las 5:15 horas, cuando la v\u00edctima de iniciales V.A.V. (53) lleg\u00f3 a bordo de una Van Chevrolet modelo Orlando, patente FJ HL 27, hasta el condominio \u2018R\u00edo Blanco\u2019 ubicado en calle Esmeralda Poniente N\u00ba 1420 con el objetivo de recoger un pasajero para llevarlo hasta el aeropuerto de Santiago.<br \/>\nSeg\u00fan inform\u00f3 el subcomisario de los Servicios de Carabineros, Capit\u00e1n Mauricio Guzm\u00e1n Juri, cuando se encontraba esperando que se abriera el port\u00f3n autom\u00e1tico del condominio, lo abordaron tres individuos a rostro descubierto, de no m\u00e1s de 22 a\u00f1os de edad, los cuales se acercan y le ofrecen cerveza, para luego amenazarlo, uno de ellos con una arma de fuego, el que no dud\u00f3 ni un instante en dispararle cuando intent\u00f3 resistirse, hiri\u00e9ndolo en su pierna derecha.<br \/>\nPosteriormente los antisociales lo sacaron del m\u00f3vil, dej\u00e1ndolo tirado en la v\u00eda p\u00fablica, d\u00e1ndose a la fuga por Los Villares al Poniente.<br \/>\nUna vez denunciado el atraco, Carabineros mont\u00f3 un plan candado en toda la zona y fue as\u00ed que en coordinaci\u00f3n con funcionarios de Colina se pudo interceptar el m\u00f3vil y detener a dos de los maleantes.<br \/>\nEn tanto, el herido fue trasladado hasta al hospital para su evaluaci\u00f3n.<\/p>\n<figure id=\"attachment_72419\" aria-describedby=\"caption-attachment-72419\" style=\"width: 530px\" class=\"wp-caption alignleft\"><a href=\"http:\/\/www.eltrabajo.cl\/portal\/sangriento-portonazo-sufrio-conductor-de-van-en-aceso-a-condominio\/condominio_rioblanco\/\" rel=\"attachment wp-att-72419\"><img data-recalc-dims=\"1\" loading=\"lazy\" decoding=\"async\" class=\"size-full wp-image-72419\" src=\"https:\/\/i0.wp.com\/www.eltrabajo.cl\/portal\/wp-content\/uploads\/2016\/08\/condominio_rioblanco.jpg?resize=530%2C350\" alt=\"La v\u00edctima fue abordada mientras esperaba por un pasajero cerca del condominio \u2018R\u00edo Blanco\u2019 \" width=\"530\" height=\"350\" srcset=\"https:\/\/i0.wp.com\/eltrabajo.cl\/portal\/wp-content\/uploads\/2016\/08\/condominio_rioblanco.jpg?w=530&amp;ssl=1 530w, https:\/\/i0.wp.com\/eltrabajo.cl\/portal\/wp-content\/uploads\/2016\/08\/condominio_rioblanco.jpg?resize=200%2C132&amp;ssl=1 200w, https:\/\/i0.wp.com\/eltrabajo.cl\/portal\/wp-content\/uploads\/2016\/08\/condominio_rioblanco.jpg?resize=300%2C198&amp;ssl=1 300w, https:\/\/i0.wp.com\/eltrabajo.cl\/portal\/wp-content\/uploads\/2016\/08\/condominio_rioblanco.jpg?resize=227%2C150&amp;ssl=1 227w, https:\/\/i0.wp.com\/eltrabajo.cl\/portal\/wp-content\/uploads\/2016\/08\/condominio_rioblanco.jpg?resize=400%2C264&amp;ssl=1 400w\" sizes=\"auto, (max-width: 530px) 100vw, 530px\" \/><\/a><figcaption id=\"caption-attachment-72419\" class=\"wp-caption-text\">La v\u00edctima fue abordada mientras esperaba por un pasajero cerca del condominio \u2018R\u00edo Blanco\u2019<\/figcaption><\/figure>\n","protected":false},"excerpt":{"rendered":"<p>Antisociales actuaron a rostro descubierto y con total sangre fr\u00eda dispararon a su v\u00edctima en una pierna, dej\u00e1ndola abandonada para darse a la fuga, siendo detenidos por Carabineros en Colina. LOS ANDES.-&#8230;<\/p>\n","protected":false},"author":1,"featured_media":72419,"comment_status":"open","ping_status":"open","sticky":false,"template":"","format":"standard","meta":{"advanced_seo_description":"","jetpack_seo_html_title":"","jetpack_seo_noindex":false,"_jetpack_memberships_contains_paid_content":false,"footnotes":""},"categories":[21],"tags":[],"class_list":["post-72418","post","type-post","status-publish","format-standard","has-post-thumbnail","hentry","category-policial"],"jetpack_featured_media_url":"https:\/\/i0.wp.com\/eltrabajo.cl\/portal\/wp-content\/uploads\/2016\/08\/condominio_rioblanco.jpg?fit=530%2C350&ssl=1","jetpack_sharing_enabled":true,"jetpack_likes_enabled":true,"jetpack-related-posts":[],"_links":{"self":[{"href":"https:\/\/eltrabajo.cl\/portal\/wp-json\/wp\/v2\/posts\/72418","targetHints":{"allow":["GET"]}}],"collection":[{"href":"https:\/\/eltrabajo.cl\/portal\/wp-json\/wp\/v2\/posts"}],"about":[{"href":"https:\/\/eltrabajo.cl\/portal\/wp-json\/wp\/v2\/types\/post"}],"author":[{"embeddable":true,"href":"https:\/\/eltrabajo.cl\/portal\/wp-json\/wp\/v2\/users\/1"}],"replies":[{"embeddable":true,"href":"https:\/\/eltrabajo.cl\/portal\/wp-json\/wp\/v2\/comments?post=72418"}],"version-history":[{"count":0,"href":"https:\/\/eltrabajo.cl\/portal\/wp-json\/wp\/v2\/posts\/72418\/revisions"}],"wp:featuredmedia":[{"embeddable":true,"href":"https:\/\/eltrabajo.cl\/portal\/wp-json\/wp\/v2\/media\/72419"}],"wp:attachment":[{"href":"https:\/\/eltrabajo.cl\/portal\/wp-json\/wp\/v2\/media?parent=72418"}],"wp:term":[{"taxonomy":"category","embeddable":true,"href":"https:\/\/eltrabajo.cl\/portal\/wp-json\/wp\/v2\/categories?post=72418"},{"taxonomy":"post_tag","embeddable":true,"href":"https:\/\/eltrabajo.cl\/portal\/wp-json\/wp\/v2\/tags?post=72418"}],"curies":[{"name":"wp","href":"https:\/\/api.w.org\/{rel}","templated":true}]}}