{"id":72423,"date":"2016-08-03T09:21:16","date_gmt":"2016-08-03T13:21:16","guid":{"rendered":"http:\/\/www.eltrabajo.cl\/portal\/?p=72423"},"modified":"2016-08-03T09:21:34","modified_gmt":"2016-08-03T13:21:34","slug":"cerca-de-270-horas-medicas-diarias-esta-ofreciendo-red-salud-municipal","status":"publish","type":"post","link":"https:\/\/eltrabajo.cl\/portal\/cerca-de-270-horas-medicas-diarias-esta-ofreciendo-red-salud-municipal\/","title":{"rendered":"Cerca de 270 horas m\u00e9dicas diarias est\u00e1 ofreciendo Red Salud Municipal"},"content":{"rendered":"<ul>\n<li><strong><span style=\"color: #ff0000;\">Para enfrentar semanas m\u00e1s cr\u00edticas de enfermedades respiratorias:\u00a0<\/span>Cesfam y Cecosf de la comuna han aumentado sus cupos de atenci\u00f3n y adem\u00e1s siguen funcionando con el servicio de urgencia primaria desde las 17 horas.<\/strong><\/li>\n<\/ul>\n<p>Aumento en dotaci\u00f3n m\u00e9dica y una mejora en el acceso a las atenciones es el que se ha dispuesto en la Red de Salud Municipal de San Felipe para enfrentar el per\u00edodo m\u00e1s cr\u00edtico del a\u00f1o en relaci\u00f3n a las enfermedades respiratorias.<\/p>\n<figure id=\"attachment_72424\" aria-describedby=\"caption-attachment-72424\" style=\"width: 300px\" class=\"wp-caption alignleft\"><a href=\"http:\/\/www.eltrabajo.cl\/portal\/cerca-de-270-horas-medicas-diarias-esta-ofreciendo-red-salud-municipal\/marcela-brito-8\/\" rel=\"attachment wp-att-72424\"><img data-recalc-dims=\"1\" loading=\"lazy\" decoding=\"async\" class=\"size-medium wp-image-72424\" src=\"https:\/\/i0.wp.com\/www.eltrabajo.cl\/portal\/wp-content\/uploads\/2016\/08\/Marcela-Brito-300x197.jpg?resize=300%2C197\" alt=\"Marcela Brito, directora de Salud Municipal de San Felipe.\" width=\"300\" height=\"197\" srcset=\"https:\/\/i0.wp.com\/eltrabajo.cl\/portal\/wp-content\/uploads\/2016\/08\/Marcela-Brito.jpg?resize=300%2C197&amp;ssl=1 300w, https:\/\/i0.wp.com\/eltrabajo.cl\/portal\/wp-content\/uploads\/2016\/08\/Marcela-Brito.jpg?resize=200%2C131&amp;ssl=1 200w, https:\/\/i0.wp.com\/eltrabajo.cl\/portal\/wp-content\/uploads\/2016\/08\/Marcela-Brito.jpg?resize=228%2C150&amp;ssl=1 228w, https:\/\/i0.wp.com\/eltrabajo.cl\/portal\/wp-content\/uploads\/2016\/08\/Marcela-Brito.jpg?resize=400%2C263&amp;ssl=1 400w, https:\/\/i0.wp.com\/eltrabajo.cl\/portal\/wp-content\/uploads\/2016\/08\/Marcela-Brito.jpg?w=530&amp;ssl=1 530w\" sizes=\"auto, (max-width: 300px) 100vw, 300px\" \/><\/a><figcaption id=\"caption-attachment-72424\" class=\"wp-caption-text\">Marcela Brito, directora de Salud Municipal de San Felipe.<\/figcaption><\/figure>\n<p>De acuerdo a lo informado por la directora de Salud Municipal de San Felipe Marcela Brito, justamente en esta fecha, entre la semana 29 y 32, es cuando aparecen con una curva ascendente, los s\u00edntomas de cuadros respiratorios que requieren una atenci\u00f3n particular y que por ello, se ha puesto a disposici\u00f3n de los vecinos de la comuna, una generosa oferta de horas m\u00e9dicas.<br \/>\n\u201cEfectivamente pensemos que estamos en las semanas peak de los cuadros respiratorios. Se hab\u00eda desaparecido el Virus Sincicial, comenz\u00f3 a aparecer tambi\u00e9n la Influenza, pero ya en las pr\u00f3ximas semanas, pensamos que si existe un comportamiento similar a como se present\u00f3 el a\u00f1o 2014 va a tender a la baja\u201d, analiz\u00f3 Brito.<br \/>\n\u201cContarles que con bastante alegr\u00eda esta vez hemos dispuesto de una oferta diaria bastante alta de cupos m\u00e9dicos, por ejemplo ayer ten\u00edamos una oferta de 272 horas s\u00f3lo en la red municipal y adem\u00e1s contamos con el dispositivo del Sapu a partir de las 5 de la tarde, por lo tanto no ha sido un a\u00f1o tan cr\u00edtico en t\u00e9rminos de dar opci\u00f3n a nuestros vecinos y vecinas, para tener atenci\u00f3n m\u00e9dica\u201d, a\u00f1adi\u00f3 la profesional<br \/>\nJunto a lo anterior, la enfermera destac\u00f3 la notable acogida que ha tenido por parte de la tercera edad el uso de la l\u00ednea 800, advirtiendo que \u201cr\u00e1pidamente ellos aprendieron a llamar por esa v\u00eda, que tambi\u00e9n se est\u00e1 utilizando para dar las horas odontol\u00f3gicas y fue muy bien recibido por parte de ellos, hemos tenido varias manifestaciones de gratitud porquese les ha hecho mucho m\u00e1s f\u00e1cil, pues se encuentra con una persona real que los atiende desde el otro lado de la l\u00ednea y que son funcionarios nuestros, que muchos ya conocen e identifican a los usuarios\u201d, asever\u00f3 Brito.<\/p>\n<p>&nbsp;<\/p>\n","protected":false},"excerpt":{"rendered":"<p>Para enfrentar semanas m\u00e1s cr\u00edticas de enfermedades respiratorias:\u00a0Cesfam y Cecosf de la comuna han aumentado sus cupos de atenci\u00f3n y adem\u00e1s siguen funcionando con el servicio de urgencia primaria desde las 17&#8230;<\/p>\n","protected":false},"author":1,"featured_media":72424,"comment_status":"open","ping_status":"open","sticky":false,"template":"","format":"standard","meta":{"advanced_seo_description":"","jetpack_seo_html_title":"","jetpack_seo_noindex":false,"_jetpack_memberships_contains_paid_content":false,"footnotes":""},"categories":[1],"tags":[],"class_list":["post-72423","post","type-post","status-publish","format-standard","has-post-thumbnail","hentry","category-cronica"],"jetpack_featured_media_url":"https:\/\/i0.wp.com\/eltrabajo.cl\/portal\/wp-content\/uploads\/2016\/08\/Marcela-Brito.jpg?fit=530%2C348&ssl=1","jetpack_sharing_enabled":true,"jetpack_likes_enabled":true,"jetpack-related-posts":[],"_links":{"self":[{"href":"https:\/\/eltrabajo.cl\/portal\/wp-json\/wp\/v2\/posts\/72423","targetHints":{"allow":["GET"]}}],"collection":[{"href":"https:\/\/eltrabajo.cl\/portal\/wp-json\/wp\/v2\/posts"}],"about":[{"href":"https:\/\/eltrabajo.cl\/portal\/wp-json\/wp\/v2\/types\/post"}],"author":[{"embeddable":true,"href":"https:\/\/eltrabajo.cl\/portal\/wp-json\/wp\/v2\/users\/1"}],"replies":[{"embeddable":true,"href":"https:\/\/eltrabajo.cl\/portal\/wp-json\/wp\/v2\/comments?post=72423"}],"version-history":[{"count":0,"href":"https:\/\/eltrabajo.cl\/portal\/wp-json\/wp\/v2\/posts\/72423\/revisions"}],"wp:featuredmedia":[{"embeddable":true,"href":"https:\/\/eltrabajo.cl\/portal\/wp-json\/wp\/v2\/media\/72424"}],"wp:attachment":[{"href":"https:\/\/eltrabajo.cl\/portal\/wp-json\/wp\/v2\/media?parent=72423"}],"wp:term":[{"taxonomy":"category","embeddable":true,"href":"https:\/\/eltrabajo.cl\/portal\/wp-json\/wp\/v2\/categories?post=72423"},{"taxonomy":"post_tag","embeddable":true,"href":"https:\/\/eltrabajo.cl\/portal\/wp-json\/wp\/v2\/tags?post=72423"}],"curies":[{"name":"wp","href":"https:\/\/api.w.org\/{rel}","templated":true}]}}